{"id":1067,"date":"2011-02-11T16:01:30","date_gmt":"2011-02-11T16:01:30","guid":{"rendered":"http:\/\/www.bbyhaber.com\/bby\/?p=1067"},"modified":"2013-01-21T12:50:29","modified_gmt":"2013-01-21T10:50:29","slug":"14-subat-kutuphaneseverler%e2%80%99in-de-gunu","status":"publish","type":"post","link":"https:\/\/www.bbyhaber.com\/bby\/2011\/02\/11\/14-subat-kutuphaneseverler%e2%80%99in-de-gunu","title":{"rendered":"14 \u015eubat K\u00fct\u00fcphaneSeverler\u2019in de G\u00fcn\u00fc!"},"content":{"rendered":"<p style=\"text-align: justify;\" align=\"justify\">K\u00fclt\u00fcr ve Turizm Bakanl\u0131\u011f\u0131 K\u00fct\u00fcphaneler ve Yay\u0131mlar Genel M\u00fcd\u00fcrl\u00fc\u011f\u00fc\u2019n\u00fcn en g\u00fcncel 2009 istatistiklerine g\u00f6re \u00fclkemizde k\u00fct\u00fcphane \u00fcye kart\u0131 olan sadece <a href=\"http:\/\/www.kygm.gov.tr\/Genel\/BelgeGoster.aspx?F6E10F8892433CFF0D262A49C727F232C312D1DD2E9EA986\" target=\"_blank\">591.661<\/a> ki\u015fi var&#8230; \u0130lk kez ge\u00e7en sene kutlad\u0131\u011f\u0131m\u0131z \u201cK\u00fct\u00fcphaneSeverler G\u00fcn\u00fc\u201dne siz de destek verin ve en az bir k\u00fct\u00fcphaneye \u00fcye olun. T\u00fcm sevdiklerinize, \u00fccretsiz olan k\u00fct\u00fcphane \u00fcyeli\u011fi hediye edebilirsiniz&#8230; K\u00fct\u00fcphaneSeverli\u011fin ilk ad\u0131m\u0131 en yak\u0131n k\u00fct\u00fcphaneye gidip bir \u00fcye kart\u0131 \u00e7\u0131kartt\u0131rmakt\u0131r.<!--more--> Daha sonra k\u00fct\u00fcphanede ne t\u00fcr hizmetler ve ne t\u00fcr bilgi kaynaklar\u0131 oldu\u011funu \u00f6\u011frenmek\u2026 Bu hizmet ve kaynaklar\u0131 kullanmak, kulland\u0131rmak ve k\u00fct\u00fcphanenin geli\u015ftirilmesi i\u00e7in destekte bulunmak veya bulunulmas\u0131n\u0131 sa\u011flamak\u2026<\/p>\n<p style=\"text-align: justify;\" align=\"justify\">T\u00fcrkiye\u2019de donan\u0131ml\u0131 ve g\u00fcler y\u00fczl\u00fc k\u00fct\u00fcphane hizmeti verilmiyor ve talep de edilmiyor! Bu nedenle \u201ck\u00fct\u00fcphane\u201d denince \u201c<strong>raf+kitap+bek\u00e7i<\/strong>\u201d alg\u0131s\u0131 akla geliyor! Modern bir k\u00fct\u00fcphanenin nas\u0131l hizmetler verebilece\u011fi konusunda bilgi edinmek ve \u201ck\u00fct\u00fcphane kullanma hakk\u0131n\u0131z\u0131 kullanmak\u201d istiyorsan\u0131z \u201cK\u00fct\u00fcphaneleri Seviyorum Giri\u015fimi\u201dne kat\u0131l\u0131n!\u00a0<strong><\/strong><\/p>\n<p style=\"text-align: justify;\" align=\"justify\">Kaynak:<br \/>\n<strong>Esmeray Karata\u015f Ate\u015f<br \/>\n0505 514 91 21<br \/>\n0212 647 54 83<br \/>\nK\u00fct\u00fcphaneleri Seviyorum Giri\u015fimi<\/strong><br \/>\n<a href=\"http:\/\/www.kutuphaneleriseviyorum.org\/\" target=\"_blank\">www.kutuphaneleriseviyorum.org <\/a><\/p>\n<p style=\"text-align: justify;\"><strong>NOT:<\/strong> K\u00fct\u00fcphaneSeverler G\u00fcn\u00fc ile ilgili afi\u015f, ayra\u00e7, rozet tasar\u0131mlar\u0131m\u0131z\u0131 \u015fu ba\u011flant\u0131dan indirip kullanabilirsiniz: <a href=\"http:\/\/kutuphaneleriseviyorum.org\/?q=node\/118\" target=\"_blank\">http:\/\/kutuphaneleriseviyorum.org\/?q=node\/118 <\/a><\/p>\n","protected":false},"excerpt":{"rendered":"<p>K\u00fclt\u00fcr ve Turizm Bakanl\u0131\u011f\u0131 K\u00fct\u00fcphaneler ve Yay\u0131mlar Genel M\u00fcd\u00fcrl\u00fc\u011f\u00fc\u2019n\u00fcn en g\u00fcncel 2009 istatistiklerine g\u00f6re \u00fclkemizde k\u00fct\u00fcphane \u00fcye kart\u0131 olan sadece 591.661 ki\u015fi var&#8230; \u0130lk kez ge\u00e7en sene kutlad\u0131\u011f\u0131m\u0131z \u201cK\u00fct\u00fcphaneSeverler G\u00fcn\u00fc\u201dne siz de destek verin ve en az bir k\u00fct\u00fcphaneye \u00fcye olun. T\u00fcm sevdiklerinize, \u00fccretsiz olan k\u00fct\u00fcphane \u00fcyeli\u011fi hediye edebilirsiniz&#8230; K\u00fct\u00fcphaneSeverli\u011fin ilk ad\u0131m\u0131 en yak\u0131n k\u00fct\u00fcphaneye [&hellip;]<\/p>\n","protected":false},"author":1,"featured_media":0,"comment_status":"open","ping_status":"open","sticky":false,"template":"","format":"standard","meta":{"footnotes":""},"categories":[1],"tags":[135,136],"class_list":["post-1067","post","type-post","status-publish","format-standard","hentry","category-genel","tag-14-subat-kutuphaneseverler-gunu","tag-kutuphaneleri-seviyorum"],"_links":{"self":[{"href":"https:\/\/www.bbyhaber.com\/bby\/wp-json\/wp\/v2\/posts\/1067"}],"collection":[{"href":"https:\/\/www.bbyhaber.com\/bby\/wp-json\/wp\/v2\/posts"}],"about":[{"href":"https:\/\/www.bbyhaber.com\/bby\/wp-json\/wp\/v2\/types\/post"}],"author":[{"embeddable":true,"href":"https:\/\/www.bbyhaber.com\/bby\/wp-json\/wp\/v2\/users\/1"}],"replies":[{"embeddable":true,"href":"https:\/\/www.bbyhaber.com\/bby\/wp-json\/wp\/v2\/comments?post=1067"}],"version-history":[{"count":0,"href":"https:\/\/www.bbyhaber.com\/bby\/wp-json\/wp\/v2\/posts\/1067\/revisions"}],"wp:attachment":[{"href":"https:\/\/www.bbyhaber.com\/bby\/wp-json\/wp\/v2\/media?parent=1067"}],"wp:term":[{"taxonomy":"category","embeddable":true,"href":"https:\/\/www.bbyhaber.com\/bby\/wp-json\/wp\/v2\/categories?post=1067"},{"taxonomy":"post_tag","embeddable":true,"href":"https:\/\/www.bbyhaber.com\/bby\/wp-json\/wp\/v2\/tags?post=1067"}],"curies":[{"name":"wp","href":"https:\/\/api.w.org\/{rel}","templated":true}]}}