{"id":10643,"date":"2013-04-10T16:22:08","date_gmt":"2013-04-10T13:22:08","guid":{"rendered":"http:\/\/www.bbyhaber.com\/bby\/?p=10643"},"modified":"2013-05-09T18:38:43","modified_gmt":"2013-05-09T15:38:43","slug":"bir-kitapla-bir-cocuk-sevindir-ege-universitesi-kitap-bagisi","status":"publish","type":"post","link":"https:\/\/www.bbyhaber.com\/bby\/2013\/04\/10\/bir-kitapla-bir-cocuk-sevindir-ege-universitesi-kitap-bagisi","title":{"rendered":"Bir kitapla Bir \u00c7ocuk Sevindir!-Ege \u00dcniversitesi Kitap Ba\u011f\u0131\u015f\u0131"},"content":{"rendered":"<p style=\"text-align: justify;\"><a href=\"http:\/\/www.farklihaber8.com\/Upload\/Haber\/7c20f437-2fc0-46c8-8047-86efc7bc0e9b.jpg\"><img loading=\"lazy\" decoding=\"async\" class=\"alignleft\" src=\"http:\/\/www.farklihaber8.com\/Upload\/Haber\/7c20f437-2fc0-46c8-8047-86efc7bc0e9b.jpg\" alt=\"\" width=\"150\" height=\"150\" \/><\/a><strong>&#8217;23 Nisan&#8217;da Bir Kitapla Bir \u00c7ocuk Sevindir&#8217;<\/strong> etkinli\u011fi kapsam\u0131nda <strong>Ege \u00dcniversitesi kamp\u00fcs\u00fc&#8217;ndeki yedi kafeye (Lal Kafe, E-Kafe, Tutkum, G\u0131da Kafe, Number One, Yabanc\u0131 Diller Kafe, Grand Kafe)<\/strong> topluluk \u00f6\u011frencileri taraf\u0131ndan haz\u0131rlanm\u0131\u015f kitap kumbaralar\u0131 yerle\u015ftirildi. Etkinli\u011fin amac\u0131; <strong>K\u0131rklareli K\u0131y\u0131k\u00f6y Belediyesi\u2019ne ba\u011fl\u0131 K\u0131y\u0131k\u00f6y \u0130lk\u00f6\u011fretim Okulu\u2019nun kitap ve k\u00fct\u00fcphane<\/strong> yetersizli\u011fine olumlu y\u00f6nde destek olup, \u00f6\u011frencilerin kitap okuma al\u0131\u015fkanl\u0131\u011f\u0131n\u0131 artt\u0131rmak. Projeyle, 23 Nisan\u2019a kadar K\u0131y\u0131k\u00f6y \u0130.\u00d6.O \u00f6\u011frencilerine bir k\u00fct\u00fcphane arma\u011fan edebilmek hedefleniyor.<!--more--><\/p>\n<p style=\"text-align: justify;\">Proje fikri EKAM\u0130T \u00fcyesi Mustafa Karaman taraf\u0131ndan orataya at\u0131l\u0131p bir hafta i\u00e7inde \u00e7al\u0131\u015fmalar tamamlad\u0131 ve projeye etkinlik boyutu kazand\u0131r\u0131ld\u0131. Ayr\u0131ca kampanyaya kat\u0131l\u0131m\u0131 artt\u0131rmak i\u00e7in on tane kitap getirene 24 Nisan\u2019da M\u00d6TBE,\u00a0 Prof. Dr. Yusuf Vardar K\u00fclt\u00fcr Merkezi\u2019nde d\u00fczenlenecek olan \u201c Engin Altan D\u00fczyatan EKAM\u0130T Mizah G\u00fcnlerinde!\u201d adl\u0131 etkinlikte bir ki\u015filik davetiye verilecek.<\/p>\n<p style=\"text-align: justify;\">Kaynak: http:\/\/www.farklihaber8.com<\/p>\n","protected":false},"excerpt":{"rendered":"<p>&#8217;23 Nisan&#8217;da Bir Kitapla Bir \u00c7ocuk Sevindir&#8217; etkinli\u011fi kapsam\u0131nda Ege \u00dcniversitesi kamp\u00fcs\u00fc&#8217;ndeki yedi kafeye (Lal Kafe, E-Kafe, Tutkum, G\u0131da Kafe, Number One, Yabanc\u0131 Diller Kafe, Grand Kafe) topluluk \u00f6\u011frencileri taraf\u0131ndan haz\u0131rlanm\u0131\u015f kitap kumbaralar\u0131 yerle\u015ftirildi. Etkinli\u011fin amac\u0131; K\u0131rklareli K\u0131y\u0131k\u00f6y Belediyesi\u2019ne ba\u011fl\u0131 K\u0131y\u0131k\u00f6y \u0130lk\u00f6\u011fretim Okulu\u2019nun kitap ve k\u00fct\u00fcphane yetersizli\u011fine olumlu y\u00f6nde destek olup, \u00f6\u011frencilerin kitap okuma al\u0131\u015fkanl\u0131\u011f\u0131n\u0131 [&hellip;]<\/p>\n","protected":false},"author":1,"featured_media":0,"comment_status":"open","ping_status":"open","sticky":false,"template":"","format":"standard","meta":{"footnotes":""},"categories":[1,1498],"tags":[],"class_list":["post-10643","post","type-post","status-publish","format-standard","hentry","category-genel","category-koy-kutuphaneleri"],"_links":{"self":[{"href":"https:\/\/www.bbyhaber.com\/bby\/wp-json\/wp\/v2\/posts\/10643"}],"collection":[{"href":"https:\/\/www.bbyhaber.com\/bby\/wp-json\/wp\/v2\/posts"}],"about":[{"href":"https:\/\/www.bbyhaber.com\/bby\/wp-json\/wp\/v2\/types\/post"}],"author":[{"embeddable":true,"href":"https:\/\/www.bbyhaber.com\/bby\/wp-json\/wp\/v2\/users\/1"}],"replies":[{"embeddable":true,"href":"https:\/\/www.bbyhaber.com\/bby\/wp-json\/wp\/v2\/comments?post=10643"}],"version-history":[{"count":0,"href":"https:\/\/www.bbyhaber.com\/bby\/wp-json\/wp\/v2\/posts\/10643\/revisions"}],"wp:attachment":[{"href":"https:\/\/www.bbyhaber.com\/bby\/wp-json\/wp\/v2\/media?parent=10643"}],"wp:term":[{"taxonomy":"category","embeddable":true,"href":"https:\/\/www.bbyhaber.com\/bby\/wp-json\/wp\/v2\/categories?post=10643"},{"taxonomy":"post_tag","embeddable":true,"href":"https:\/\/www.bbyhaber.com\/bby\/wp-json\/wp\/v2\/tags?post=10643"}],"curies":[{"name":"wp","href":"https:\/\/api.w.org\/{rel}","templated":true}]}}