{"id":10634,"date":"2013-04-09T16:14:19","date_gmt":"2013-04-09T13:14:19","guid":{"rendered":"http:\/\/www.bbyhaber.com\/bby\/?p=10634"},"modified":"2014-02-19T13:34:28","modified_gmt":"2014-02-19T11:34:28","slug":"sosyal-medyanin-fendi-amazon%e2%80%99u-yendi","status":"publish","type":"post","link":"https:\/\/www.bbyhaber.com\/bby\/2013\/04\/09\/sosyal-medyanin-fendi-amazon%e2%80%99u-yendi","title":{"rendered":"Sosyal medyan\u0131n fendi Amazon\u2019u yendi"},"content":{"rendered":"<p style=\"text-align: justify;\"><a href=\"http:\/\/kitap.radikal.com.tr\/Posts\/2013\/04\/09\/000kornca-611B-854E-8EFD.jpg\"><img loading=\"lazy\" decoding=\"async\" class=\"alignleft\" src=\"http:\/\/kitap.radikal.com.tr\/Posts\/2013\/04\/09\/000kornca-611B-854E-8EFD.jpg\" alt=\"\" width=\"218\" height=\"185\" \/><\/a>Bir az\u0131nl\u0131k dilinde yay\u0131nlanan kitab\u0131 Kindle Store\u2019da yay\u0131mlamay\u0131 reddeden al\u0131\u015fveri\u015f devi Amazon, sosyal medyadan gelen bask\u0131 \u00fczerine geri ad\u0131m att\u0131.\u201cKornca\u201d yay\u0131mlanan bir kitab\u0131 Kindle platformunun desteklemedi\u011fi bir dilde yaz\u0131ld\u0131\u011f\u0131 gerek\u00e7esiyle reddeden Amazon daha sonra bu karar\u0131ndan vazge\u00e7ti. \u0130ngiliz yay\u0131nevi Diglot Books\u2019un, d\u00fcnyadaki tahmini 7 bin dilin kaybolma tehlikesiyle kar\u015f\u0131 kar\u015f\u0131ya bulunan y\u00fczde 40\u2019l\u0131k<!--more--> b\u00f6l\u00fcm\u00fc i\u00e7inde yer alan Kornca bas\u0131lan \u201cMatthew ha&#8217;n Eskisyow Glaw\u201d (Matthew ve Wellington \u00c7izmeler) adl\u0131 \u00e7ocuk kitab\u0131n\u0131 sitesinde satmay\u0131 reddeden Amazon, gerek\u00e7e olarak kitab\u0131n Kindle Direct Publishing\u2019in desteklemedi\u011fi bir dilde yay\u0131mlanmas\u0131 nedeniyle bu plaformda yer alamayacak olmas\u0131n\u0131 g\u00f6stermi\u015fti.<\/p>\n<p style=\"text-align: justify;\"><strong>Alfabeleri ayn\u0131<\/strong><br \/>\nYay\u0131nevinin \u201ckitab\u0131n Kornca ve \u0130ngilizce olmak \u00fczere iki dilli oldu\u011fu, Kornca \u00e7evirinin Dil Kurulu taraf\u0131ndan g\u00f6zden ge\u00e7irildi\u011fi ve alfabesinin \u0130ngilizceyle ayn\u0131 olmas\u0131 nedeniyle fazladan karakter gerektirmeyece\u011fi\u201d gerek\u00e7esiyle yapt\u0131\u011f\u0131 itiraz ve sosyal medyada buldu\u011fu destek sonunda Amazon karar\u0131n\u0131 geri almak zorunda kald\u0131.<\/p>\n<p style=\"text-align: justify;\">Diglot Books\u2019un y\u00f6netmeni Alison O&#8217;Dornan, \u201cB\u00fcy\u00fck haber, Amazon\u2019un olu\u015fturdu\u011fumuz destek sonunda karar\u0131n\u0131 geri almas\u0131 ve Kornca yaz\u0131lm\u0131\u015f kitab\u0131 yay\u0131mlamay\u0131 kabul etmi\u015f olmas\u0131\u201d dedi. O&#8217;Dornan, Amazon\u2019un karar\u0131n\u0131n kendileri gibi k\u00fc\u00e7\u00fck bir yay\u0131nevine b\u00fcy\u00fck bir \u015firketin karar\u0131n\u0131 de\u011fi\u015ftirme imk\u00e2n\u0131 veren sosyal medyan\u0131n g\u00fcc\u00fcn\u00fc de kan\u0131tlad\u0131\u011f\u0131na dikkat \u00e7ekti.<\/p>\n<p style=\"text-align: justify;\">Amazon\u2019un, yay\u0131nevine verdi\u011fi ilk cevapta \u201cKitaplar\u0131n\u0131z\u0131 halen \u0130ngiliz, Frans\u0131z, Alman, \u0130talyan, Japon, Portekiz, \u0130spanyol, Katalan, Gali\u00e7ya ve Bask dillerinde y\u00fckleyip Kindle Store\u2019da b\u00fct\u00fcn d\u00fcnyadaki m\u00fc\u015fterilere satabilirsiniz\u201d denilmi\u015fti.<\/p>\n<p style=\"text-align: justify;\">500 ki\u015finin anadili<br \/>\n2011 say\u0131m\u0131nda 500 civar\u0131nda insan, anadillerini Kornca olarak g\u00f6sterdi. Kornca, d\u00fcnya dillerini korumaya y\u00f6nelik k\u00fcresel ortak proje \u201cTehlike Alt\u0131ndaki Diller Atlas\u0131\u201dnda \u201ctehlike alt\u0131ndaki\u201d diller aras\u0131nda g\u00f6steriliyor.<\/p>\n<p style=\"text-align: justify;\">Kaynak: http:\/\/kitap.radikal.com.tr<\/p>\n","protected":false},"excerpt":{"rendered":"<p>Bir az\u0131nl\u0131k dilinde yay\u0131nlanan kitab\u0131 Kindle Store\u2019da yay\u0131mlamay\u0131 reddeden al\u0131\u015fveri\u015f devi Amazon, sosyal medyadan gelen bask\u0131 \u00fczerine geri ad\u0131m att\u0131.\u201cKornca\u201d yay\u0131mlanan bir kitab\u0131 Kindle platformunun desteklemedi\u011fi bir dilde yaz\u0131ld\u0131\u011f\u0131 gerek\u00e7esiyle reddeden Amazon daha sonra bu karar\u0131ndan vazge\u00e7ti. \u0130ngiliz yay\u0131nevi Diglot Books\u2019un, d\u00fcnyadaki tahmini 7 bin dilin kaybolma tehlikesiyle kar\u015f\u0131 kar\u015f\u0131ya bulunan y\u00fczde 40\u2019l\u0131k<\/p>\n","protected":false},"author":1,"featured_media":0,"comment_status":"open","ping_status":"open","sticky":false,"template":"","format":"standard","meta":{"footnotes":""},"categories":[519],"tags":[],"class_list":["post-10634","post","type-post","status-publish","format-standard","hentry","category-sansur-2"],"_links":{"self":[{"href":"https:\/\/www.bbyhaber.com\/bby\/wp-json\/wp\/v2\/posts\/10634"}],"collection":[{"href":"https:\/\/www.bbyhaber.com\/bby\/wp-json\/wp\/v2\/posts"}],"about":[{"href":"https:\/\/www.bbyhaber.com\/bby\/wp-json\/wp\/v2\/types\/post"}],"author":[{"embeddable":true,"href":"https:\/\/www.bbyhaber.com\/bby\/wp-json\/wp\/v2\/users\/1"}],"replies":[{"embeddable":true,"href":"https:\/\/www.bbyhaber.com\/bby\/wp-json\/wp\/v2\/comments?post=10634"}],"version-history":[{"count":0,"href":"https:\/\/www.bbyhaber.com\/bby\/wp-json\/wp\/v2\/posts\/10634\/revisions"}],"wp:attachment":[{"href":"https:\/\/www.bbyhaber.com\/bby\/wp-json\/wp\/v2\/media?parent=10634"}],"wp:term":[{"taxonomy":"category","embeddable":true,"href":"https:\/\/www.bbyhaber.com\/bby\/wp-json\/wp\/v2\/categories?post=10634"},{"taxonomy":"post_tag","embeddable":true,"href":"https:\/\/www.bbyhaber.com\/bby\/wp-json\/wp\/v2\/tags?post=10634"}],"curies":[{"name":"wp","href":"https:\/\/api.w.org\/{rel}","templated":true}]}}