{"id":10631,"date":"2013-04-09T14:22:29","date_gmt":"2013-04-09T11:22:29","guid":{"rendered":"http:\/\/www.bbyhaber.com\/bby\/?p=10631"},"modified":"2013-04-09T14:41:45","modified_gmt":"2013-04-09T11:41:45","slug":"cezaevinde-kitap-okuma-yarismasi-duzenlendi-mugla","status":"publish","type":"post","link":"https:\/\/www.bbyhaber.com\/bby\/2013\/04\/09\/cezaevinde-kitap-okuma-yarismasi-duzenlendi-mugla","title":{"rendered":"Cezaevinde Kitap Okuma Yar\u0131\u015fmas\u0131 D\u00fczenlendi-Mu\u011fla"},"content":{"rendered":"<p style=\"text-align: justify;\"><img loading=\"lazy\" decoding=\"async\" class=\"alignleft\" src=\"http:\/\/www.focushaber.com\/icerik_foto\/haber_foto\/detay\/cezaevinde-kitap-okuma-yarismasi-duzenlendi-256003.jpg\" alt=\"\" width=\"179\" height=\"136\" \/>49. K\u00fct\u00fcphane Haftas\u0131 etkinlikleri kapsam\u0131nda \u0130l Halk K\u00fct\u00fcphanesi ve Ceza \u0130nfaz Kurumlar\u0131 i\u015fbirli\u011fiyle s\u00f6z konusu iki cezaevinde \u00f6d\u00fcll\u00fc kitap okuma yar\u0131\u015fmas\u0131 d\u00fczenlendi. \u0130l K\u00fct\u00fcphanesi&#8217;ne ait eserlerden 22 \u015eubat-22 Mart 2013 aras\u0131nda en fazla okuyan tutuklu ve h\u00fck\u00fcml\u00fcler, \u00e7e\u015fitli hediyelerle \u00f6d\u00fcllendirildi. \u00d6d\u00fcl t\u00f6renine K\u00fclt\u00fcr ve Turizm \u0130l M\u00fcd\u00fcr\u00fc Kamil \u00d6zer, Cumhuriyet Ba\u015fsavc\u0131s\u0131 \u0130brahim Akba\u015f, Cumhuriyet Savc\u0131s\u0131 Altan \u00dcnl\u00fc ve \u0130l Halk K\u00fct\u00fcphane M\u00fcd\u00fcr\u00fc R\u00fcveyda G\u00fcler kat\u0131ld\u0131.<!--more--><\/p>\n<p style=\"text-align: justify;\">\u0130l M\u00fcd\u00fcr\u00fc \u00d6zer, a\u00e7\u0131l\u0131\u015f konu\u015fmas\u0131nda K\u00fct\u00fcphane Haftas\u0131 \u00e7er\u00e7evesinde ilk defa h\u00fck\u00fcml\u00fc ve tutuklar aras\u0131nda kitap okuma yar\u0131\u015fmas\u0131 tertip ettiklerini s\u00f6yledi. \u00d6zer, \u201cBu etkinli\u011fin, T\u00fcrkiye\u2019de ilk oldu\u011funu san\u0131yorum. Bu y\u0131l K\u00fct\u00fcphaneler Haftas\u0131\u2019n\u0131 farkl\u0131 bir \u015fekilde kutlamak istedik. Ba\u015fsavc\u0131m\u0131z\u0131n katk\u0131lar\u0131, \u0130l Halk K\u00fct\u00fcphanesi ve Ceza \u0130nfaz Kurumlar\u0131 i\u015fbirli\u011fiyle d\u00fczenledi\u011fimiz kitap okuma etkinli\u011fi yakla\u015f\u0131k bir ay s\u00fcrd\u00fc. Bu s\u00fcrede 48 ki\u015fi, 230 tane kitap okudu. \u00d6zg\u00fcrl\u00fckleri d\u0131\u015far\u0131dakilere oranla daha k\u0131s\u0131tl\u0131 olan cezaevlerindeki h\u00fck\u00fcml\u00fc ve tutuklular\u0131n okuduklar\u0131 bu miktar az de\u011fil. Eme\u011fi ge\u00e7enleri ve \u00f6d\u00fcl alanlar\u0131 kutluyorum.\u201d dedi.<\/p>\n<p style=\"text-align: justify;\">Ba\u015fsavc\u0131 Akba\u015f ise T\u00fcrkiye\u2019de kitap okuma tercihinin 245. s\u0131rada olmas\u0131 sebebiyle d\u00fczenlen etkinli\u011fin \u00f6nemli oldu\u011funa dikkat \u00e7ekerek, \u201cMu\u011fla, bu a\u00e7\u0131dan \u00e7ok iyi bir konumda. Son bir ay i\u00e7inde okunan kitap say\u0131s\u0131, T\u00fcrkiye ortalamas\u0131n\u0131n \u00fczerinde. A\u00e7\u0131k cezaevimizde bir ayda 16 kitap okuyarak ilk s\u0131ray\u0131 alan karde\u015fimizin ula\u015ft\u0131\u011f\u0131 rakam \u00e7ok \u00f6nemli. Temennim, bundan sonra da cezaevlerinde olsun, d\u0131\u015far\u0131da olsun insanlar\u0131m\u0131z\u0131n kitap okuma al\u0131\u015fkanl\u0131klar\u0131n\u0131 artt\u0131rmas\u0131.\u201d ifadelerini kulland\u0131.<\/p>\n<p style=\"text-align: justify;\">Yar\u0131\u015fmaya 18 ki\u015fi kat\u0131larak, toplam 84 kitap okudu. \u0130lk be\u015fe giren tutuklu ve h\u00fck\u00fcml\u00fclere, protokol \u00fcyeleri taraf\u0131ndan hediyeleri verildi. Mu\u011fla A\u00e7\u0131k Cezaevi&#8217;nin ard\u0131ndan E Tipi Kapal\u0131 Cezaevi&#8217;nde de t\u00f6ren d\u00fczenlendi. T\u00f6rene, tutuklu ve h\u00fck\u00fcml\u00fcler de kat\u0131ld\u0131. Burada kitap okuma yar\u0131\u015fmas\u0131na 42 ki\u015finin kat\u0131ld\u0131\u011f\u0131, en fazla 15 ve en az 8 kitap okundu\u011fu a\u00e7\u0131kland\u0131. Dereceye girenlerin \u00f6d\u00fclleri, yine protokol \u00fcyeleri taraf\u0131ndan verildi. T\u00f6renin sonunda tutuklu ve h\u00fck\u00fcml\u00fclerden kurulan orkestra, k\u00fc\u00e7\u00fck bir konser verdi.<\/p>\n<p style=\"text-align: justify;\">Kaynak: http:\/\/muglahaberleri.com\/<\/p>\n","protected":false},"excerpt":{"rendered":"<p>49. K\u00fct\u00fcphane Haftas\u0131 etkinlikleri kapsam\u0131nda \u0130l Halk K\u00fct\u00fcphanesi ve Ceza \u0130nfaz Kurumlar\u0131 i\u015fbirli\u011fiyle s\u00f6z konusu iki cezaevinde \u00f6d\u00fcll\u00fc kitap okuma yar\u0131\u015fmas\u0131 d\u00fczenlendi. \u0130l K\u00fct\u00fcphanesi&#8217;ne ait eserlerden 22 \u015eubat-22 Mart 2013 aras\u0131nda en fazla okuyan tutuklu ve h\u00fck\u00fcml\u00fcler, \u00e7e\u015fitli hediyelerle \u00f6d\u00fcllendirildi. \u00d6d\u00fcl t\u00f6renine K\u00fclt\u00fcr ve Turizm \u0130l M\u00fcd\u00fcr\u00fc Kamil \u00d6zer, Cumhuriyet Ba\u015fsavc\u0131s\u0131 \u0130brahim Akba\u015f, Cumhuriyet Savc\u0131s\u0131 [&hellip;]<\/p>\n","protected":false},"author":1,"featured_media":0,"comment_status":"open","ping_status":"open","sticky":false,"template":"","format":"standard","meta":{"footnotes":""},"categories":[1],"tags":[114],"class_list":["post-10631","post","type-post","status-publish","format-standard","hentry","category-genel","tag-cezaevi-kutuphane"],"_links":{"self":[{"href":"https:\/\/www.bbyhaber.com\/bby\/wp-json\/wp\/v2\/posts\/10631"}],"collection":[{"href":"https:\/\/www.bbyhaber.com\/bby\/wp-json\/wp\/v2\/posts"}],"about":[{"href":"https:\/\/www.bbyhaber.com\/bby\/wp-json\/wp\/v2\/types\/post"}],"author":[{"embeddable":true,"href":"https:\/\/www.bbyhaber.com\/bby\/wp-json\/wp\/v2\/users\/1"}],"replies":[{"embeddable":true,"href":"https:\/\/www.bbyhaber.com\/bby\/wp-json\/wp\/v2\/comments?post=10631"}],"version-history":[{"count":0,"href":"https:\/\/www.bbyhaber.com\/bby\/wp-json\/wp\/v2\/posts\/10631\/revisions"}],"wp:attachment":[{"href":"https:\/\/www.bbyhaber.com\/bby\/wp-json\/wp\/v2\/media?parent=10631"}],"wp:term":[{"taxonomy":"category","embeddable":true,"href":"https:\/\/www.bbyhaber.com\/bby\/wp-json\/wp\/v2\/categories?post=10631"},{"taxonomy":"post_tag","embeddable":true,"href":"https:\/\/www.bbyhaber.com\/bby\/wp-json\/wp\/v2\/tags?post=10631"}],"curies":[{"name":"wp","href":"https:\/\/api.w.org\/{rel}","templated":true}]}}