{"id":10626,"date":"2013-04-09T10:13:59","date_gmt":"2013-04-09T07:13:59","guid":{"rendered":"http:\/\/www.bbyhaber.com\/bby\/?p=10626"},"modified":"2013-04-09T10:15:58","modified_gmt":"2013-04-09T07:15:58","slug":"ucak-kutuphane-icin-hazirliklara-baslandi-cankiri","status":"publish","type":"post","link":"https:\/\/www.bbyhaber.com\/bby\/2013\/04\/09\/ucak-kutuphane-icin-hazirliklara-baslandi-cankiri","title":{"rendered":"U\u00e7ak K\u00fct\u00fcphane i\u00e7in haz\u0131rl\u0131klara ba\u015fland\u0131-\u00c7ank\u0131r\u0131"},"content":{"rendered":"<p style=\"text-align: justify;\"><a href=\"http:\/\/www.airnewstimes.com\/resim\/haber\/n\/21878.jpg\"><img loading=\"lazy\" decoding=\"async\" class=\"alignleft\" src=\"http:\/\/www.airnewstimes.com\/resim\/haber\/n\/21878.jpg\" alt=\"\" width=\"204\" height=\"150\" \/><\/a>U\u00e7ak K\u00fct\u00fcphane \u0130\u00e7in Al\u0131nan U\u00e7ak, \u00c7ank\u0131r\u0131\u2019ya Getirildi.Farkl\u0131l\u0131klara ve yenili\u011fe her daim a\u00e7\u0131k oldu\u011funu belirten ve e\u011fitimde s\u0131n\u0131r tan\u0131mayan Belediye Ba\u015fkan\u0131 \u0130rfan Din\u00e7, yapt\u0131\u011f\u0131 son hamleyle de bunu t\u00fcm kamuoyuna bir daha g\u00f6sterdi. \u00c7ank\u0131r\u0131\u2019n\u0131n \u00e7ehresini de\u011fi\u015ftirecek \u201c18 Ayda 18 Proje\u201d kapsam\u0131nda yer alan U\u00e7ak-Gemi- Tren K\u00fct\u00fcphanesi Projesi\u2019nin ilki ger\u00e7ekle\u015fti.<!--more--> Verdi\u011fi s\u00f6zleri bir bir yerine getiren Ba\u015fkan Din\u00e7, T\u00fcrk Hava Yollar\u0131 filosuna ait iken u\u00e7u\u015f \u00f6mr\u00fcn\u00fc dolduran Airbus A300 tipi ve maksimum 375 yolcu kapasiteli u\u00e7a\u011f\u0131, yakla\u015f\u0131k bir g\u00fcn s\u00fcren zorlu yolculu\u011fun ard\u0131ndan \u0130stanbul\u2019dan yola \u00e7\u0131kan be\u015f t\u0131r ile \u00c7ank\u0131r\u0131\u2019ya indirdi.<!--more--><\/p>\n<p style=\"text-align: justify;\">Belediye Ba\u015fkan\u0131 \u0130rfan Din\u00e7, AK Parti \u0130l Ba\u015fkan\u0131 Salim \u00c7ivit\u00e7iolu, AK Parti \u0130l\u00e7e Ba\u015fkan\u0131 Musa \u00c7a\u011flar, Belediye \u00d6zel Kalem M\u00fcd\u00fcr\u00fc H\u00fcseyin Boz ve Ba\u015fkan Yard\u0131mc\u0131s\u0131 Arif \u00c7iyan, merakl\u0131 bak\u0131\u015flar e\u015fli\u011finde u\u00e7ak k\u00fct\u00fcphanenin yerle\u015ftirilece\u011fi alana geldi.<\/p>\n<p style=\"text-align: justify;\">K\u00fct\u00fcphane olarak kullan\u0131lacak u\u00e7akla ilgili olarak Ba\u015fkan Din\u00e7, \u00c7ank\u0131r\u0131l\u0131lara farkl\u0131 bir mek\u00e2n sunarak okuma al\u0131\u015fkanl\u0131\u011f\u0131 kazand\u0131rmay\u0131 ve artt\u0131rmay\u0131 hedeflediklerini belirterek \u201c\u00c7ank\u0131r\u0131\u2019ya u\u00e7a\u011f\u0131 indirdik.\u201ddedi. U\u00e7ak K\u00fct\u00fcphanesi\u2019nin \u00e7ocuklar i\u00e7in kitap okumay\u0131 cazip hale getirmek ad\u0131na projesi haz\u0131rlanan \u00fc\u00e7 k\u00fct\u00fcphaneden biri oldu\u011funu s\u00f6yleyen Din\u00e7, Gemi ve Tren K\u00fct\u00fcphanesi\u2019nde de son a\u015famaya gelindi\u011fini belirterek \u201cProjelerimizin tamamlanmas\u0131 i\u00e7in \u00e7al\u0131\u015fmalar\u0131m\u0131z s\u00fcr\u00fcyor. \u0130n\u015fallah en k\u0131sa s\u00fcrede hepsini tamlayaca\u011f\u0131z. Aln\u0131m\u0131z\u0131n ak\u0131yla u\u00e7a\u011f\u0131m\u0131z\u0131 \u00c7ank\u0131r\u0131\u2019ya indirdik. K\u0131sa s\u00fcrede montaj\u0131n\u0131 da tamamlayarak \u00e7ocuklar\u0131m\u0131z\u0131n hizmetine ve yarar\u0131na sunmak istiyoruz.\u201d diye konu\u015ftu.<\/p>\n<p style=\"text-align: justify;\">Kaynak: http:\/\/www.airnewstimes.com\/<\/p>\n","protected":false},"excerpt":{"rendered":"<p>U\u00e7ak K\u00fct\u00fcphane \u0130\u00e7in Al\u0131nan U\u00e7ak, \u00c7ank\u0131r\u0131\u2019ya Getirildi.Farkl\u0131l\u0131klara ve yenili\u011fe her daim a\u00e7\u0131k oldu\u011funu belirten ve e\u011fitimde s\u0131n\u0131r tan\u0131mayan Belediye Ba\u015fkan\u0131 \u0130rfan Din\u00e7, yapt\u0131\u011f\u0131 son hamleyle de bunu t\u00fcm kamuoyuna bir daha g\u00f6sterdi. \u00c7ank\u0131r\u0131\u2019n\u0131n \u00e7ehresini de\u011fi\u015ftirecek \u201c18 Ayda 18 Proje\u201d kapsam\u0131nda yer alan U\u00e7ak-Gemi- Tren K\u00fct\u00fcphanesi Projesi\u2019nin ilki ger\u00e7ekle\u015fti.<\/p>\n","protected":false},"author":1,"featured_media":0,"comment_status":"open","ping_status":"open","sticky":false,"template":"","format":"standard","meta":{"footnotes":""},"categories":[1],"tags":[395],"class_list":["post-10626","post","type-post","status-publish","format-standard","hentry","category-genel","tag-ucak-kutuphane"],"_links":{"self":[{"href":"https:\/\/www.bbyhaber.com\/bby\/wp-json\/wp\/v2\/posts\/10626"}],"collection":[{"href":"https:\/\/www.bbyhaber.com\/bby\/wp-json\/wp\/v2\/posts"}],"about":[{"href":"https:\/\/www.bbyhaber.com\/bby\/wp-json\/wp\/v2\/types\/post"}],"author":[{"embeddable":true,"href":"https:\/\/www.bbyhaber.com\/bby\/wp-json\/wp\/v2\/users\/1"}],"replies":[{"embeddable":true,"href":"https:\/\/www.bbyhaber.com\/bby\/wp-json\/wp\/v2\/comments?post=10626"}],"version-history":[{"count":0,"href":"https:\/\/www.bbyhaber.com\/bby\/wp-json\/wp\/v2\/posts\/10626\/revisions"}],"wp:attachment":[{"href":"https:\/\/www.bbyhaber.com\/bby\/wp-json\/wp\/v2\/media?parent=10626"}],"wp:term":[{"taxonomy":"category","embeddable":true,"href":"https:\/\/www.bbyhaber.com\/bby\/wp-json\/wp\/v2\/categories?post=10626"},{"taxonomy":"post_tag","embeddable":true,"href":"https:\/\/www.bbyhaber.com\/bby\/wp-json\/wp\/v2\/tags?post=10626"}],"curies":[{"name":"wp","href":"https:\/\/api.w.org\/{rel}","templated":true}]}}