{"id":10598,"date":"2013-04-07T15:14:30","date_gmt":"2013-04-07T12:14:30","guid":{"rendered":"http:\/\/www.bbyhaber.com\/bby\/?p=10598"},"modified":"2013-04-07T15:14:30","modified_gmt":"2013-04-07T12:14:30","slug":"karakocan-halk-kutuphanesi-acildi-elazig","status":"publish","type":"post","link":"https:\/\/www.bbyhaber.com\/bby\/2013\/04\/07\/karakocan-halk-kutuphanesi-acildi-elazig","title":{"rendered":"Karako\u00e7an Halk K\u00fct\u00fcphanesi A\u00e7\u0131ld\u0131-Elaz\u0131\u011f"},"content":{"rendered":"<p style=\"text-align: justify;\">Karako\u00e7an\u2019da bulunan ve \u00d6\u011fretmenevinin 2. kat\u0131nda Karako\u00e7an K\u00f6ylere Hizmet G\u00f6t\u00fcrme Birli\u011fi imk\u00e2nlar\u0131yla hizmet veren \u0130l\u00e7e K\u00fct\u00fcphanesi, Kaymakaml\u0131\u011f\u0131n giri\u015fimleri sonucunda K\u00fclt\u00fcr ve Turizm Bakanl\u0131\u011f\u0131 K\u00fct\u00fcphaneler ve Yay\u0131mlar Genel M\u00fcd\u00fcrl\u00fc\u011f\u00fcne ba\u011flanarak Karako\u00e7an \u0130l\u00e7e Halk K\u00fct\u00fcphanesi olarak resmi bir niteli\u011fe kavu\u015fturuldu.<!--more--><\/p>\n<p style=\"text-align: justify;\">K\u00fclt\u00fcr ve Turizm Bakanl\u0131\u011f\u0131na ba\u011flanan \u0130l\u00e7e Halk K\u00fct\u00fcphanesinin resmi a\u00e7\u0131l\u0131\u015f\u0131, 49. K\u00fct\u00fcphane Haftas\u0131 etkinlikleri kapsam\u0131nda yap\u0131ld\u0131. A\u00e7\u0131l\u0131\u015fa Kaymakam Kemal Atasoy, \u0130l K\u00fclt\u00fcr ve Turizm M\u00fcd\u00fcr\u00fc Tahsin \u00d6zt\u00fcrk, \u0130l Halk K\u00fct\u00fcphanesi M\u00fcd\u00fcr\u00fc Ahmet Pirin\u00e7ci ve Kurum Amirleri kat\u0131ld\u0131.<\/p>\n<p style=\"text-align: justify;\">Kaynak:http:\/\/www.elazig.gov.tr<\/p>\n","protected":false},"excerpt":{"rendered":"<p>Karako\u00e7an\u2019da bulunan ve \u00d6\u011fretmenevinin 2. kat\u0131nda Karako\u00e7an K\u00f6ylere Hizmet G\u00f6t\u00fcrme Birli\u011fi imk\u00e2nlar\u0131yla hizmet veren \u0130l\u00e7e K\u00fct\u00fcphanesi, Kaymakaml\u0131\u011f\u0131n giri\u015fimleri sonucunda K\u00fclt\u00fcr ve Turizm Bakanl\u0131\u011f\u0131 K\u00fct\u00fcphaneler ve Yay\u0131mlar Genel M\u00fcd\u00fcrl\u00fc\u011f\u00fcne ba\u011flanarak Karako\u00e7an \u0130l\u00e7e Halk K\u00fct\u00fcphanesi olarak resmi bir niteli\u011fe kavu\u015fturuldu.<\/p>\n","protected":false},"author":1,"featured_media":0,"comment_status":"open","ping_status":"open","sticky":false,"template":"","format":"standard","meta":{"footnotes":""},"categories":[1],"tags":[848],"class_list":["post-10598","post","type-post","status-publish","format-standard","hentry","category-genel","tag-halk-kutuphaneleri"],"_links":{"self":[{"href":"https:\/\/www.bbyhaber.com\/bby\/wp-json\/wp\/v2\/posts\/10598"}],"collection":[{"href":"https:\/\/www.bbyhaber.com\/bby\/wp-json\/wp\/v2\/posts"}],"about":[{"href":"https:\/\/www.bbyhaber.com\/bby\/wp-json\/wp\/v2\/types\/post"}],"author":[{"embeddable":true,"href":"https:\/\/www.bbyhaber.com\/bby\/wp-json\/wp\/v2\/users\/1"}],"replies":[{"embeddable":true,"href":"https:\/\/www.bbyhaber.com\/bby\/wp-json\/wp\/v2\/comments?post=10598"}],"version-history":[{"count":0,"href":"https:\/\/www.bbyhaber.com\/bby\/wp-json\/wp\/v2\/posts\/10598\/revisions"}],"wp:attachment":[{"href":"https:\/\/www.bbyhaber.com\/bby\/wp-json\/wp\/v2\/media?parent=10598"}],"wp:term":[{"taxonomy":"category","embeddable":true,"href":"https:\/\/www.bbyhaber.com\/bby\/wp-json\/wp\/v2\/categories?post=10598"},{"taxonomy":"post_tag","embeddable":true,"href":"https:\/\/www.bbyhaber.com\/bby\/wp-json\/wp\/v2\/tags?post=10598"}],"curies":[{"name":"wp","href":"https:\/\/api.w.org\/{rel}","templated":true}]}}