{"id":10591,"date":"2013-04-07T15:08:29","date_gmt":"2013-04-07T12:08:29","guid":{"rendered":"http:\/\/www.bbyhaber.com\/bby\/?p=10591"},"modified":"2013-04-07T15:08:42","modified_gmt":"2013-04-07T12:08:42","slug":"kutuphanedeki-baglama-kursu-okur-sayisini-artirdi-giresun","status":"publish","type":"post","link":"https:\/\/www.bbyhaber.com\/bby\/2013\/04\/07\/kutuphanedeki-baglama-kursu-okur-sayisini-artirdi-giresun","title":{"rendered":"K\u00fct\u00fcphanedeki Ba\u011flama Kursu, Okur Say\u0131s\u0131n\u0131 Art\u0131rd\u0131-Giresun"},"content":{"rendered":"<p style=\"text-align: justify;\">G\u00f6rele Halk K\u00fct\u00fcphanesinde mesai saatleri d\u0131\u015f\u0131nda d\u00fczenlenen ba\u011flama kursu, hem okuyucu hem de okunan kitap say\u0131s\u0131nda art\u0131\u015f sa\u011flad\u0131. Mesai saatleri d\u0131\u015f\u0131ndaki ba\u011flama kursunun yan\u0131 s\u0131ra \u015fan dersi verilen k\u00fct\u00fcphanede kursiyerler, e\u011fitim \u00f6ncesi ve sonras\u0131nda vakitlerinin b\u00fcy\u00fck b\u00f6l\u00fcm\u00fcn\u00fc kitap okuyarak ge\u00e7iriyor. K\u00fct\u00fcphane m\u00fcd\u00fcr\u00fc Mehmet Suphi Yetkin&#8217;in (53) e\u011fiticili\u011fini \u00fcstlendi\u011fi kursa kat\u0131lanlar, ba\u011flama \u00e7almay\u0131 \u00f6\u011frenmenin yan\u0131 s\u0131ra Anadolu&#8217;nun \u00e7e\u015fitli b\u00f6lgelerine ait t\u00fcrk\u00fcleri s\u00f6yleyerek stres at\u0131yor. <!--more-->Kitaplarla dolu raflar\u0131n aras\u0131nda e\u011fitim alan kursiyerler, f\u0131rsat bulduk\u00e7a ba\u011flamalar\u0131n\u0131 bir kenara b\u0131rak\u0131p kitap okuyorlar.<\/p>\n<p style=\"text-align: justify;\">K\u00fct\u00fcphane m\u00fcd\u00fcr\u00fc Yetkin, AA muhabirine yapt\u0131\u011f\u0131 a\u00e7\u0131klamada, &#8220;\u0130nsanlar k\u00fct\u00fcphaneye geldi\u011finde buradan \u00e7\u0131kmas\u0131nlar&#8221; d\u00fc\u015f\u00fcncesiyle, ba\u011flama ile \u015fan dersi vermeye ba\u015flad\u0131\u011f\u0131n\u0131 s\u00f6yledi.<\/p>\n<p style=\"text-align: justify;\">Kursa kat\u0131lmak i\u00e7in kitap okuma \u015fart\u0131 olmad\u0131\u011f\u0131n\u0131 dile getiren Yetkin, &#8220;Kursiyerlerimiz zaten kendili\u011finden kitap okumaya ba\u015fl\u0131yor. Ge\u00e7en y\u0131l k\u00fct\u00fcphanemizin okuyucu say\u0131s\u0131 800&#8217;d\u00fc. Bu y\u0131l\u0131n ilk 3 ay\u0131nda ise 400&#8217;\u00fcn \u00fczerine \u00e7\u0131kt\u0131k. Ba\u011flama e\u011fitimi alan 90 kursiyerimiz var. Kursiyerlerimiz ayda 10-15 kitap okuyabiliyor&#8221; dedi.<br \/>\nAkort yapt\u0131rmaya gelen kitapla d\u00f6n\u00fcyor<\/p>\n<p style=\"text-align: justify;\">Yetkin, kursa kat\u0131lanlar\u0131n k\u00fct\u00fcphaneye de \u00fcye olduklar\u0131n\u0131 ifade ederek, \u015f\u00f6yle konu\u015ftu:<\/p>\n<p style=\"text-align: justify;\">&#8220;Kursiyerlerin y\u00fczde 90&#8217;\u0131 resmi olarak k\u00fct\u00fcphanemizin okuyucular\u0131. Bu e\u011fitimdeki di\u011fer amac\u0131m\u0131z k\u00fclt\u00fcrel etkinlikleri geli\u015ftirmek. Ba\u011flaman\u0131n yan\u0131nda \u015fan dersi de veriyoruz. Her iki e\u011fitimden de \u00fccret alm\u0131yoruz. Buras\u0131 k\u00fct\u00fcphanenin yan\u0131 s\u0131ra bir k\u00fclt\u00fcr evi ve dinlenme ortam\u0131 var. Buraya gelenler kitap okuma al\u0131\u015fkanl\u0131\u011f\u0131 da kazan\u0131yor. G\u00fcnd\u00fcz bile gelenler oluyor, &#8216;saz\u0131m\u0131 akortlayaca\u011f\u0131m&#8217; derken kitab\u0131n\u0131 da al\u0131yor. K\u00fct\u00fcphane sevgisinin yan\u0131 s\u0131ra \u00e7ocuk kursiyerlerin performans\u0131 da geli\u015fiyor. \u00c7ocuk, rahatl\u0131\u011f\u0131 buluyor. Okulunda da ba\u015far\u0131l\u0131 oluyor.&#8221;<\/p>\n<p style=\"text-align: justify;\">Kitab\u0131n yan\u0131 s\u0131ra internet ve gazete<\/p>\n<p style=\"text-align: justify;\">\u00dcyelerin istedikleri kaynaklara ula\u015famad\u0131klar\u0131nda internetten ara\u015ft\u0131rma yapma \u015fanslar\u0131 oldu\u011funu belirten Yetkin, &#8220;\u0130nternet ortam\u0131n\u0131 uzak tutmuyoruz. Kitap okumak istemeyenler olabiliyor, onlar da satran\u00e7 oynuyor. G\u00fcnl\u00fck tiraj\u0131 y\u00fcksek iki gazete al\u0131yoruz, onlar\u0131 okuyorlar. Ayr\u0131ca s\u0131navlara haz\u0131rlanan \u00f6\u011frencilerimiz i\u00e7in de burada \u00e7al\u0131\u015fma ortam\u0131 haz\u0131rl\u0131yoruz&#8221; ifadelerini kulland\u0131.<\/p>\n<p style=\"text-align: justify;\">Kursiyerlerden Edanur Civelek, kursa iki ay \u00f6nce kat\u0131ld\u0131\u011f\u0131n\u0131 anlatarak, &#8220;Buraya gelince saz \u00e7almay\u0131, t\u00fcrk\u00fcy\u00fc nas\u0131l s\u00f6yleyece\u011fimi \u00f6\u011frendim. K\u00fct\u00fcphanede ayl\u0131k en az 19 kitap okuyorum. Ba\u011flama \u00e7alman\u0131n yan\u0131 s\u0131ra oyunlar da oynuyoruz, \u00e7ok e\u011fleniyoruz&#8221; diye konu\u015ftu.<\/p>\n<p style=\"text-align: justify;\">Kardelen Usta (13) da k\u00fct\u00fcphanedeki zaman\u0131n \u00e7ok e\u011flenceli ge\u00e7ti\u011fini dile getirerek &#8220;S\u00fcrekli buraya gelmek istiyorum. \u00d6nceden ayda 20-25 kitap okuyordum, ba\u011flama kursuna kat\u0131ld\u0131ktan sonra bu rakam 35&#8217;e y\u00fckseldi&#8221; dedi.<\/p>\n<p style=\"text-align: justify;\">Kaynak: http:\/\/www.haberler.com<\/p>\n","protected":false},"excerpt":{"rendered":"<p>G\u00f6rele Halk K\u00fct\u00fcphanesinde mesai saatleri d\u0131\u015f\u0131nda d\u00fczenlenen ba\u011flama kursu, hem okuyucu hem de okunan kitap say\u0131s\u0131nda art\u0131\u015f sa\u011flad\u0131. Mesai saatleri d\u0131\u015f\u0131ndaki ba\u011flama kursunun yan\u0131 s\u0131ra \u015fan dersi verilen k\u00fct\u00fcphanede kursiyerler, e\u011fitim \u00f6ncesi ve sonras\u0131nda vakitlerinin b\u00fcy\u00fck b\u00f6l\u00fcm\u00fcn\u00fc kitap okuyarak ge\u00e7iriyor. K\u00fct\u00fcphane m\u00fcd\u00fcr\u00fc Mehmet Suphi Yetkin&#8217;in (53) e\u011fiticili\u011fini \u00fcstlendi\u011fi kursa kat\u0131lanlar, ba\u011flama \u00e7almay\u0131 \u00f6\u011frenmenin yan\u0131 s\u0131ra [&hellip;]<\/p>\n","protected":false},"author":1,"featured_media":0,"comment_status":"open","ping_status":"open","sticky":false,"template":"","format":"standard","meta":{"footnotes":""},"categories":[1],"tags":[848],"class_list":["post-10591","post","type-post","status-publish","format-standard","hentry","category-genel","tag-halk-kutuphaneleri"],"_links":{"self":[{"href":"https:\/\/www.bbyhaber.com\/bby\/wp-json\/wp\/v2\/posts\/10591"}],"collection":[{"href":"https:\/\/www.bbyhaber.com\/bby\/wp-json\/wp\/v2\/posts"}],"about":[{"href":"https:\/\/www.bbyhaber.com\/bby\/wp-json\/wp\/v2\/types\/post"}],"author":[{"embeddable":true,"href":"https:\/\/www.bbyhaber.com\/bby\/wp-json\/wp\/v2\/users\/1"}],"replies":[{"embeddable":true,"href":"https:\/\/www.bbyhaber.com\/bby\/wp-json\/wp\/v2\/comments?post=10591"}],"version-history":[{"count":0,"href":"https:\/\/www.bbyhaber.com\/bby\/wp-json\/wp\/v2\/posts\/10591\/revisions"}],"wp:attachment":[{"href":"https:\/\/www.bbyhaber.com\/bby\/wp-json\/wp\/v2\/media?parent=10591"}],"wp:term":[{"taxonomy":"category","embeddable":true,"href":"https:\/\/www.bbyhaber.com\/bby\/wp-json\/wp\/v2\/categories?post=10591"},{"taxonomy":"post_tag","embeddable":true,"href":"https:\/\/www.bbyhaber.com\/bby\/wp-json\/wp\/v2\/tags?post=10591"}],"curies":[{"name":"wp","href":"https:\/\/api.w.org\/{rel}","templated":true}]}}