{"id":1059,"date":"2011-02-18T15:58:25","date_gmt":"2011-02-18T15:58:25","guid":{"rendered":"http:\/\/www.bbyhaber.com\/bby\/?p=1059"},"modified":"2011-11-17T15:59:17","modified_gmt":"2011-11-17T15:59:17","slug":"yuruyen-kutuphaneciler","status":"publish","type":"post","link":"https:\/\/www.bbyhaber.com\/bby\/2011\/02\/18\/yuruyen-kutuphaneciler","title":{"rendered":"Y\u00fcr\u00fcyen K\u00fct\u00fcphaneciler"},"content":{"rendered":"<p style=\"text-align: justify;\" align=\"justify\">Van Valisi M\u00fcnir Karalo\u011flu, 1 ay \u00f6nce ba\u015flat\u0131lan &#8216;Van K\u00fct\u00fcphaneleri Y\u00fcr\u00fcyor&#8217; kampanyas\u0131 \u00e7er\u00e7evesinde merkez ve il\u00e7elerde g\u00f6revliler taraf\u0131ndan 5 bin ki\u015finin ziyaret edilerek, k\u00fct\u00fcphanelere kay\u0131tlar\u0131n\u0131n yap\u0131ld\u0131\u011f\u0131n\u0131 s\u00f6yledi.<\/p>\n<p style=\"text-align: justify;\" align=\"justify\">Van \u0130l Halk K\u00fct\u00fcphanesi&#8217;nde g\u00f6revli personel 1 ay \u00f6nce &#8216;Van k\u00fct\u00fcphaneleri Y\u00fcr\u00fcyor&#8217; kampanyas\u0131 \u00e7er\u00e7evesinde Vali M\u00fcnir Karalo\u011flu&#8217;na verdikleri \u00f6d\u00fcn\u00e7 kitab\u0131 yeni kitapla de\u011fi\u015ftirdi. \u0130l K\u00fclt\u00fcr ve Turizm M\u00fcd\u00fcr\u00fc Muzaffer Aktu\u011f, K\u00fct\u00fcphane M\u00fcd\u00fcr\u00fc Sami Si\u015fecio\u011flu ve kampanyaya kat\u0131lan personel Vali Karalo\u011flu&#8217;nu makam\u0131nda ziyaret etti. \u015ei\u015fecio\u011flu, kampanya hakk\u0131nda Vali Karalo\u011flu&#8217;na k\u0131sa bir bilgi verdi. Kampanyan\u0131n \u00e7ok iyi gitti\u011fini ve bu kapsamda bakanl\u0131k taraf\u0131ndan k\u00fct\u00fcphane koleksiyonuna b\u0131rak\u0131lmak \u00fczere 780 yeni \u00e7\u0131kan kitab\u0131n g\u00f6nderildi\u011fini kaydeden \u015ei\u015fecio\u011flu, vatanda\u015flar\u0131n talepleri do\u011frultusunda da yeni kitaplar alacaklar\u0131n\u0131 bildirdi.<\/p>\n<p style=\"text-align: justify;\" align=\"justify\">&#8216;Van k\u00fct\u00fcphaneleri Y\u00fcr\u00fcyor&#8217; kampanyas\u0131n\u0131n ba\u015far\u0131l\u0131 bir \u015fekilde gitti\u011fini ifade eden Karalo\u011flu, bu \u00e7er\u00e7evede \u00e7aba g\u00f6steren personele te\u015fekk\u00fcr etti. Kampanya \u00e7er\u00e7evesinde merkez ve il\u00e7elerde kap\u0131 kap\u0131 dola\u015fan personelin 5 bin ki\u015fiyi ziyaret ederek, k\u00fct\u00fcphaneye yeni kay\u0131tlar\u0131n\u0131n yap\u0131ld\u0131\u011f\u0131n\u0131 kaydeden Karalo\u011flu, 1 ay daha devam edecek kampanya s\u00fcresince hedeflerinin 10 bin ki\u015fiye ula\u015fmak oldu\u011funu bildirdi. Van&#8217;da ba\u015flat\u0131lan kampanyan\u0131n Cumhurba\u015fkan\u0131 Abdullah G\u00fcl&#8217;\u00fcn himayelerinde ba\u015flat\u0131lan &#8216;T\u00fcrkiye Okuyor&#8217; kampanyas\u0131n\u0131n devam\u0131 oldu\u011funu an\u0131msatan Karalo\u011flu, \u015funlar\u0131 kaydetti. &#8220;Bizim arzumuz T\u00fcrkiye okusun, vatanda\u015f\u0131m\u0131z okusun istiyoruz. Say\u0131n Cumhurba\u015fkan\u0131m\u0131z\u0131n himayelerinde y\u00fcr\u00fcyen &#8216;T\u00fcrkiye Okuyor&#8217; kampanyas\u0131 var. O kampanyan\u0131n bir par\u00e7as\u0131 olarak bu kampanyay\u0131 d\u00fc\u015f\u00fcnmek laz\u0131m. Biz o kampanya \u00e7er\u00e7evesinde Van&#8217;da, il\u00e7elerde, okullarda \u00e7e\u015fitli etkinlikler yapm\u0131\u015ft\u0131k. \u015eimdi de &#8216;Van k\u00fct\u00fcphaneleri Y\u00fcr\u00fcyor&#8217; kampanyas\u0131 da bunun yeni bir ad\u0131m\u0131yd\u0131. 1 ay i\u00e7inde personelimiz taraf\u0131ndan 2.700&#8217;\u00fc il merkezinde, 2.300&#8217;\u00fc il\u00e7e merkezinde olmak \u00fczere 5 bin vatanda\u015f\u0131m\u0131z\u0131n evine, i\u015fyerine gidilerek k\u00fct\u00fcphaneye kay\u0131tlar\u0131 yap\u0131ld\u0131. \u015euanda kampanyan\u0131n yar\u0131s\u0131nday\u0131z, arkada\u015flar vatanda\u015fa gitmeye devam edecek. Yine sokakta, yine vatanda\u015f\u0131n evinde olacaklar&#8221; dedi.<\/p>\n<p style=\"text-align: justify;\" align=\"justify\">Van \u0130l Halk K\u00fct\u00fcphanesi&#8217;ni daha aktif hale getirmek i\u00e7in \u00e7al\u0131\u015fmalar\u0131n\u0131n s\u00fcrd\u00fc\u011f\u00fcn\u00fc de ifade eden Karalo\u011flu, &#8220;Herg\u00fcn 250-300 \u00e7ocu\u011fumuzun k\u00fct\u00fcphanede bir \u015fekilde kitapla, dersle ilgili oldu\u011funu g\u00f6r\u00fcrs\u00fcn\u00fcz. Bu bizi sevindiriyor, mutlu ediyor. \u015euanda biz \u00e7ocuklara salon yeti\u015ftiremiyoruz. Yeni salonlar a\u00e7\u0131yoruz. Onlar da hemen doluyor. Bu da bizi mutlu ediyor. Kitap okumayla ilgilenen gen\u00e7lik bizi mutlu ediyor. Bu yolda yeni ad\u0131mlar\u0131m\u0131zda olacak&#8221; diye konu\u015ftu.<\/p>\n<p style=\"text-align: justify;\" align=\"justify\">K\u00fct\u00fcphane personeli kampanya \u00e7er\u00e7evesinde 1 ay \u00f6nce Can D\u00fcndar&#8217;\u0131n &#8216;ANKA Ku\u015fu&#8217; isimli kitab\u0131n\u0131 \u00f6d\u00fcn\u00e7 olarak verdikleri Vali Karalo\u011flu&#8217;na bu kez Eski Yarg\u0131tay Ba\u015fkan\u0131 Sami Sel\u00e7uk&#8217;un &#8216;Demokratik Y\u00f6netim \u00d6zg\u00fcr Birey&#8217; adl\u0131 kitab\u0131yla de\u011fi\u015ftirdi. Karalo\u011flu, daha \u00f6nce ald\u0131\u011f\u0131 kitab\u0131n \u00f6zeti ile ilgili de bas\u0131n mensuplar\u0131na k\u0131sa bir \u00f6zet yapt\u0131. Karalo\u011flu &#8220;Sadece Erdal beyin hayat\u0131 de\u011fil, kitapta \u0130n\u00f6n\u00fc ailesi ve Cumhuriyetin kurulu\u015fu ve kurulu\u015f d\u00f6nemindeki toplumsal ya\u015famda, Erdal beyin anlat\u0131m\u0131yla g\u00f6rme \u015fans\u0131m\u0131z oldu. G\u00fczel bir kitapt\u0131, in\u015fallah bunu da keyifli bir \u015fekilde okuyaca\u011f\u0131z&#8221;\u00a0<strong><\/strong><\/p>\n<p style=\"text-align: justify;\" align=\"justify\">Kaynak: <a href=\"http:\/\/www.haberler.com\/\" target=\"_blank\">http:\/\/www.haberler.com\/<\/a><\/p>\n","protected":false},"excerpt":{"rendered":"<p>Van Valisi M\u00fcnir Karalo\u011flu, 1 ay \u00f6nce ba\u015flat\u0131lan &#8216;Van K\u00fct\u00fcphaneleri Y\u00fcr\u00fcyor&#8217; kampanyas\u0131 \u00e7er\u00e7evesinde merkez ve il\u00e7elerde g\u00f6revliler taraf\u0131ndan 5 bin ki\u015finin ziyaret edilerek, k\u00fct\u00fcphanelere kay\u0131tlar\u0131n\u0131n yap\u0131ld\u0131\u011f\u0131n\u0131 s\u00f6yledi. Van \u0130l Halk K\u00fct\u00fcphanesi&#8217;nde g\u00f6revli personel 1 ay \u00f6nce &#8216;Van k\u00fct\u00fcphaneleri Y\u00fcr\u00fcyor&#8217; kampanyas\u0131 \u00e7er\u00e7evesinde Vali M\u00fcnir Karalo\u011flu&#8217;na verdikleri \u00f6d\u00fcn\u00e7 kitab\u0131 yeni kitapla de\u011fi\u015ftirdi. \u0130l K\u00fclt\u00fcr ve Turizm M\u00fcd\u00fcr\u00fc [&hellip;]<\/p>\n","protected":false},"author":1,"featured_media":0,"comment_status":"open","ping_status":"open","sticky":false,"template":"","format":"standard","meta":{"footnotes":""},"categories":[1],"tags":[],"class_list":["post-1059","post","type-post","status-publish","format-standard","hentry","category-genel"],"_links":{"self":[{"href":"https:\/\/www.bbyhaber.com\/bby\/wp-json\/wp\/v2\/posts\/1059"}],"collection":[{"href":"https:\/\/www.bbyhaber.com\/bby\/wp-json\/wp\/v2\/posts"}],"about":[{"href":"https:\/\/www.bbyhaber.com\/bby\/wp-json\/wp\/v2\/types\/post"}],"author":[{"embeddable":true,"href":"https:\/\/www.bbyhaber.com\/bby\/wp-json\/wp\/v2\/users\/1"}],"replies":[{"embeddable":true,"href":"https:\/\/www.bbyhaber.com\/bby\/wp-json\/wp\/v2\/comments?post=1059"}],"version-history":[{"count":0,"href":"https:\/\/www.bbyhaber.com\/bby\/wp-json\/wp\/v2\/posts\/1059\/revisions"}],"wp:attachment":[{"href":"https:\/\/www.bbyhaber.com\/bby\/wp-json\/wp\/v2\/media?parent=1059"}],"wp:term":[{"taxonomy":"category","embeddable":true,"href":"https:\/\/www.bbyhaber.com\/bby\/wp-json\/wp\/v2\/categories?post=1059"},{"taxonomy":"post_tag","embeddable":true,"href":"https:\/\/www.bbyhaber.com\/bby\/wp-json\/wp\/v2\/tags?post=1059"}],"curies":[{"name":"wp","href":"https:\/\/api.w.org\/{rel}","templated":true}]}}