{"id":10589,"date":"2013-04-07T14:50:31","date_gmt":"2013-04-07T11:50:31","guid":{"rendered":"http:\/\/www.bbyhaber.com\/bby\/?p=10589"},"modified":"2013-04-07T14:50:31","modified_gmt":"2013-04-07T11:50:31","slug":"sesleriyle-gonullere-isik-oldular-izmir-ataturk-il-halk-kutuphanesi","status":"publish","type":"post","link":"https:\/\/www.bbyhaber.com\/bby\/2013\/04\/07\/sesleriyle-gonullere-isik-oldular-izmir-ataturk-il-halk-kutuphanesi","title":{"rendered":"Sesleriyle, G\u00f6n\u00fcllere &#8220;I\u015f\u0131k&#8221; Oldular-\u0130zmir Atat\u00fcrk \u0130l Halk K\u00fct\u00fcphanesi"},"content":{"rendered":"<p style=\"text-align: justify;\">\u0130zmir Atat\u00fcrk \u0130l Halk K\u00fct\u00fcphanesi&#8217;ndeki g\u00f6n\u00fcll\u00fc okuyucular, g\u00f6rme engelliler i\u00e7in sesli kitap haz\u0131rlaman\u0131n yan\u0131nda, derslerine yard\u0131m ediyor, sosyal aktivitelerde bulunmalar\u0131, hayata ba\u011flanmalar\u0131 y\u00f6n\u00fcnde rol \u00fcstleniyor. \u0130zmir Atat\u00fcrk \u0130l Halk K\u00fct\u00fcphanesi M\u00fcd\u00fcr\u00fc Talat Aydilek, g\u00f6rme engellilere,bilgiedinmeleri, gelece\u011fe haz\u0131rlanmalar\u0131 ve meslek sahibi olmalar\u0131 ad\u0131na, k\u00fct\u00fcphanelerindeki kabartma ve sesli kitaplar\u0131n yan\u0131nda &#8220;g\u00f6n\u00fcll\u00fc okuyucular&#8221; ile de destek verdiklerini bildirdi.<!--more--><\/p>\n<p style=\"text-align: justify;\">K\u00fct\u00fcphane i\u00e7in sesli kitaplar haz\u0131rlayan g\u00f6n\u00fcll\u00fc okuyucular\u0131n, g\u00f6rme engellilerin derslerini \u00e7al\u0131\u015fmalar\u0131na, yabanc\u0131 dil kurslar\u0131na ya da tiyatro oyunlar\u0131na gruplar halinde kat\u0131lmalar\u0131na yard\u0131mc\u0131 olduklar\u0131n\u0131 ifade eden Aydilek, &#8220;G\u00f6n\u00fcll\u00fclerimiz, g\u00f6rme engellilerin kendilerini geli\u015ftirmeleri y\u00f6n\u00fcnde sosyal aktivitelerde bulunmalar\u0131, hayata ba\u011flanmalar\u0131 y\u00f6n\u00fcnde de \u00f6nemli rol \u00fcstleniyorlar&#8221; dedi.<\/p>\n<p style=\"text-align: justify;\">K\u00fct\u00fcphanedeki &#8220;g\u00f6n\u00fcll\u00fc okuyucular&#8221;\u0131n emeklilerden olu\u015ftu\u011funa ve 44&#8217;\u00fcn\u00fcn bayan 1&#8217;inin ise erkek oldu\u011funa dikkati \u00e7eken Aydilek, \u015f\u00f6yle devam etti:<\/p>\n<p style=\"text-align: justify;\">&#8220;\u0130nsanlar emeklilikle birlikte evinde dinlenme, zaman\u0131n\u0131 rahat ge\u00e7irme d\u00f6nemi yakal\u0131yor. Ama g\u00f6n\u00fcll\u00fc okuyucular\u0131m\u0131z bir \u00e7ok \u015feyden fedakarl\u0131k yaparak zamanlar\u0131n\u0131 insanl\u0131k ad\u0131na g\u00f6rme engellilerinya\u015famatutunmalar\u0131, kendilerini geli\u015ftirmelerine veriyorlar. Bundan daha g\u00fczel, takdir edilecek, onur duyulacak bir davran\u0131\u015f olamaz. G\u00f6n\u00fcll\u00fc okuyuculu\u011fa kad\u0131nlar\u0131m\u0131z\u0131n ilgisini, annelik duygusuyla insan sevgilerinin daha geli\u015fmi\u015f oldu\u011fundankaynakland\u0131\u011f\u0131n\u0131d\u00fc\u015f\u00fcn\u00fcyorum.&#8221;<\/p>\n<p style=\"text-align: justify;\">K\u00fct\u00fcphane m\u00fcd\u00fcr\u00fc Aydilek, zaman\u0131 ve imkanlar\u0131 uygun, toplum ad\u0131na, insanl\u0131k ad\u0131na katk\u0131 sa\u011flamak isteyen isteyen ki\u015filere, g\u00f6n\u00fcll\u00fc okuyucu olma \u00e7a\u011fr\u0131s\u0131 yapt\u0131.<\/p>\n<h4 style=\"text-align: justify;\">&#8220;Yeni bir \u015feyler \u00f6\u011frenerek evime d\u00f6n\u00fcyorum&#8221;<\/h4>\n<p style=\"text-align: justify;\">\u0130\u015f\u00e7i emeklisi olan ve yakla\u015f\u0131k 13 y\u0131ld\u0131r g\u00f6n\u00fcll\u00fc okuyuculuk yapan Filiz \u0130\u015fler, g\u00f6n\u00fcll\u00fc olarak verdi\u011fi destekten b\u00fcy\u00fck keyif ald\u0131\u011f\u0131n\u0131 s\u00f6yledi. G\u00f6n\u00fcll\u00fc okuyucu oldu\u011funu \u00f6\u011frenen bir \u00e7ok ki\u015finin, &#8220;Ne kadar g\u00fczel bir \u015fey yap\u0131yorsunuz, \u00f6\u011fretiyorsunuz&#8221; dedi\u011fini ifade eden \u0130\u015fler, &#8220;Onlara sadece ses olarak destek veriyoruz ama o kadar \u00e7ok ve g\u00fczel \u015fey \u00f6\u011freniyoruz ki. Her hafta yeni bir \u015feyler \u00f6\u011frenerek evime d\u00f6n\u00fcyorum&#8221; dedi.<\/p>\n<p style=\"text-align: justify;\">\u0130stanbul&#8217;da g\u00f6rme engellilere hizmet veren bir k\u00fct\u00fcphanenin a\u00e7\u0131l\u0131\u015f\u0131ndaki an\u0131s\u0131n\u0131 payla\u015fan \u0130\u015fler, y\u0131llar \u00f6nce seslendirdi\u011fi Z\u00fclf\u00fc Livaneli&#8217;nin &#8216;Mutluluk&#8217; kitab\u0131n\u0131 dinleyen bir ki\u015finin,sohbets\u0131ras\u0131nda sesinden kendisini tan\u0131d\u0131\u011f\u0131n\u0131, ard\u0131ndan a\u00e7\u0131l\u0131\u015fa kat\u0131lan ve bu ses kayd\u0131n\u0131 dinlemi\u015f olan bir \u00e7ok g\u00f6rme engellinin \u00e7evresinde topland\u0131\u011f\u0131n\u0131 dile getirdi.<\/p>\n<p style=\"text-align: justify;\">Kamuda uzun y\u0131llar mimar olarak g\u00f6rev yapt\u0131\u011f\u0131n\u0131, emekli olduktan sonra 6 y\u0131ld\u0131r k\u00fct\u00fcphanede g\u00f6rme engellilere destek verdi\u011fini bildiren g\u00f6n\u00fcll\u00fc okuyucu Hatice \u00d6zatalay, &#8220;\u0130\u015ften emekli olunca, hayattan emekli olmuyoruz. \u015eu anda \u00fcniversitede felsefe b\u00f6l\u00fcm\u00fcnde okuyan g\u00f6rme engelli bir k\u0131z\u0131m\u0131za yard\u0131mc\u0131 oluyorum. Ders kitaplar\u0131n\u0131 okuyor, ders \u00e7al\u0131\u015ft\u0131r\u0131yorum, s\u0131navlara haz\u0131rl\u0131yorum&#8221; diye konu\u015ftu.<\/p>\n<p style=\"text-align: justify;\">G\u00f6rme engelli \u00fcniversite\u00f6\u011frencisiKezban T\u00fcney ise uygulamadan memnuniyetini dile getirip g\u00f6n\u00fcll\u00fc okuyuculu\u011fun kendileri i\u00e7in sosyal bir \u00e7evre olu\u015fturdu\u011funa de\u011findi.<\/p>\n<p style=\"text-align: justify;\">Kaynak:http:\/\/haberciniz.biz<\/p>\n","protected":false},"excerpt":{"rendered":"<p>\u0130zmir Atat\u00fcrk \u0130l Halk K\u00fct\u00fcphanesi&#8217;ndeki g\u00f6n\u00fcll\u00fc okuyucular, g\u00f6rme engelliler i\u00e7in sesli kitap haz\u0131rlaman\u0131n yan\u0131nda, derslerine yard\u0131m ediyor, sosyal aktivitelerde bulunmalar\u0131, hayata ba\u011flanmalar\u0131 y\u00f6n\u00fcnde rol \u00fcstleniyor. \u0130zmir Atat\u00fcrk \u0130l Halk K\u00fct\u00fcphanesi M\u00fcd\u00fcr\u00fc Talat Aydilek, g\u00f6rme engellilere,bilgiedinmeleri, gelece\u011fe haz\u0131rlanmalar\u0131 ve meslek sahibi olmalar\u0131 ad\u0131na, k\u00fct\u00fcphanelerindeki kabartma ve sesli kitaplar\u0131n yan\u0131nda &#8220;g\u00f6n\u00fcll\u00fc okuyucular&#8221; ile de destek verdiklerini bildirdi.<\/p>\n","protected":false},"author":1,"featured_media":0,"comment_status":"open","ping_status":"open","sticky":false,"template":"","format":"standard","meta":{"footnotes":""},"categories":[1,1487,1503],"tags":[465,848],"class_list":["post-10589","post","type-post","status-publish","format-standard","hentry","category-genel","category-gorme-engelli-kutuphane","category-sesli-kutuphane","tag-gorme-engelli-e-kitap","tag-halk-kutuphaneleri"],"_links":{"self":[{"href":"https:\/\/www.bbyhaber.com\/bby\/wp-json\/wp\/v2\/posts\/10589"}],"collection":[{"href":"https:\/\/www.bbyhaber.com\/bby\/wp-json\/wp\/v2\/posts"}],"about":[{"href":"https:\/\/www.bbyhaber.com\/bby\/wp-json\/wp\/v2\/types\/post"}],"author":[{"embeddable":true,"href":"https:\/\/www.bbyhaber.com\/bby\/wp-json\/wp\/v2\/users\/1"}],"replies":[{"embeddable":true,"href":"https:\/\/www.bbyhaber.com\/bby\/wp-json\/wp\/v2\/comments?post=10589"}],"version-history":[{"count":0,"href":"https:\/\/www.bbyhaber.com\/bby\/wp-json\/wp\/v2\/posts\/10589\/revisions"}],"wp:attachment":[{"href":"https:\/\/www.bbyhaber.com\/bby\/wp-json\/wp\/v2\/media?parent=10589"}],"wp:term":[{"taxonomy":"category","embeddable":true,"href":"https:\/\/www.bbyhaber.com\/bby\/wp-json\/wp\/v2\/categories?post=10589"},{"taxonomy":"post_tag","embeddable":true,"href":"https:\/\/www.bbyhaber.com\/bby\/wp-json\/wp\/v2\/tags?post=10589"}],"curies":[{"name":"wp","href":"https:\/\/api.w.org\/{rel}","templated":true}]}}