{"id":10577,"date":"2013-04-07T13:30:02","date_gmt":"2013-04-07T10:30:02","guid":{"rendered":"http:\/\/www.bbyhaber.com\/bby\/?p=10577"},"modified":"2014-02-18T16:09:22","modified_gmt":"2014-02-18T14:09:22","slug":"kitapsiz-girilmez-ankarada-meral-yaman-okay-acik-kitap-dolabi-aciliyor-21-nisan-2013","status":"publish","type":"post","link":"https:\/\/www.bbyhaber.com\/bby\/2013\/04\/07\/kitapsiz-girilmez-ankarada-meral-yaman-okay-acik-kitap-dolabi-aciliyor-21-nisan-2013","title":{"rendered":"&#8220;Kitaps\u0131z Girilmez!&#8221;-Ankara&#8217;da Meral-Yaman Okay A\u00e7\u0131k Kitap Dolab\u0131"},"content":{"rendered":"<p style=\"text-align: justify;\"><a href=\"http:\/\/www.bbyhaber.com\/bby\/wp-content\/uploads\/2013\/04\/acikkitapdolabi-ankara.jpg\"><img loading=\"lazy\" decoding=\"async\" class=\"alignleft\" src=\"http:\/\/www.bbyhaber.com\/bby\/wp-content\/uploads\/2013\/04\/acikkitapdolabi-ankara.jpg\" alt=\"\" width=\"150\" height=\"184\" \/><\/a>Ankara Emek ve Bah\u00e7elievlerde ya\u015fay\u0131p b\u00fcy\u00fcyen 1600 insan facebook \u00fczerinden olu\u015fturduklar\u0131 &#8220;Emek Bah\u00e7eli Eski Dostlar Grubu&#8221; ile bir araya gelerek Ankara\u2019da bir ilk ger\u00e7ekle\u015ftiriyorlar ve <strong>Ankara A\u00e7\u0131k Kitap Dolab\u0131<\/strong> ad\u0131 ile bir projeyi hayata ge\u00e7iriyorlar. A\u015fa\u011f\u0131daki \u00e7a\u011fr\u0131 metnini ve grubun tarihi geli\u015fimini okuyarak l\u00fctfen sizlerde destek vermeyi unutmay\u0131n\u0131z:<!--more--><\/p>\n<p style=\"text-align: justify;\"><span style=\"color: #0000ff;\"><strong>\u00c7a\u011fr\u0131 Metni:<\/strong><\/span><\/p>\n<p style=\"text-align: justify;\">\u201c<em>rafta bekletmek kitaba eziyettir!\u201d bu \u00e7a\u011fda\u015f bir mahalle imecesi..bu birli\u011fin, dostlu\u011fun, \u00e7al\u0131\u015fkanl\u0131\u011f\u0131n, \u00f6zverinin ve sevginin hikayesi&#8230; dost, semt, sanat, kitap, \u00e7ocuk ve vatan sevgisinin..\u00e7a\u011fda\u015f bir mahalle imecesi ile neler yapilabilir g\u00f6rmek istiyorsan\u0131z&#8230;23 nisan \u00e7ocuk bayram\u0131n\u0131 bir \u00e7ocuk park\u0131nda ne\u015fe i\u00e7inde kutlamak istiyorsan\u0131z&#8230;siz de bir kitap severseniz&#8230;sanata ve sanat\u00e7\u0131ya sahip \u00e7\u0131k\u0131lmas\u0131n\u0131 savunanlardansan\u0131z.. bu \u00fclkede birlik olundu\u011funda neler yapilabiliyor bilmek istiyorsan\u0131z:<\/em><\/p>\n<p style=\"text-align: justify;\"><span style=\"color: #ff0000;\"><strong>21 Nisan 2013 Pazar g\u00fcn\u00fc saat 13:00 de Ankara Bah\u00e7elievler 5. cadde Fatih Terim Park\u0131nda bekliyoruz..!(eski ad\u0131yla Filli Park)<\/strong><\/span><\/p>\n<p><span style=\"color: #800080;\"><em>&#8220;k i t a p s \u0131z g i r i l m e z !&#8221;<\/em><\/span><\/p>\n<p style=\"text-align: justify;\">Emek Bah\u00e7eli Eski Dostlar Grubu<br \/>\nBlog : <a href=\"http:\/\/emekbahceli.blogspot.com\/\" target=\"_blank\">http:\/\/emekbahceli.blogspot.com\/<\/a><br \/>\nFcebook Grubu : <a href=\"https:\/\/www.facebook.com\/groups\/emekbahceligrubu\/\" target=\"_blank\">https:\/\/www.facebook.com\/groups\/emekbahceligrubu\/<\/a><\/p>\n<p><strong>Kitap Ba\u011f\u0131\u015flar\u0131n\u0131z i\u00e7in<\/strong><\/p>\n<p><em>Elden Teslim :<\/em><br \/>\nSela Cafe<br \/>\n8.Cadde 215\/A Emek \/ ANKARA<br \/>\n(A\u015eT\u0130 taraf\u0131)<\/p>\n<p><em>Kargo ile Teslim<\/em> :<br \/>\nErkut Asena<br \/>\nMNG Kargo<br \/>\nEmek \u015eubesi \/ Ankara<\/p>\n<p>Not : Mesaj\u0131 \u00e7evrenizdeki dostlar\u0131n\u0131za yayg\u0131nla\u015ft\u0131rarak kat\u0131l\u0131m\u0131 art\u0131rman\u0131z dolab\u0131m\u0131za yapaca\u011f\u0131n\u0131z en g\u00fczel katk\u0131lardan biri olacakt\u0131r.<\/p>\n<p><span style=\"color: #0000ff;\"><strong>Grubun Tarihi Geli\u015fimi<\/strong><\/span><\/p>\n<p style=\"text-align: justify;\"><em>&#8220;Grubumuz bundan d\u00f6rt y\u0131l \u00f6nce facebook \u00fczerinden taraf\u0131mdan kuruldu\u011funda bug\u00fcnk\u00fc haliyle 1600 ki\u015filik Ankara Emek ve Bah\u00e7elievler Semtlerinde ya\u015fayanlar\u0131 toplamak gibi bir d\u00fc\u015f\u00fcnce yoktu. Bende herkes gibi arkada\u015flar\u0131m\u0131 bulmak istiyordum. Ancak ge\u00e7ti\u011fimiz d\u00f6rt sene i\u00e7erisinde okul arkada\u015flar\u0131m\u0131z d\u0131\u015f\u0131nda ayn\u0131 okula gitmesek de ayn\u0131 sokaklarda b\u00fcy\u00fcd\u00fc\u011f\u00fcm\u00fcz arkada\u015flar\u0131m\u0131zla da bir araya gelme fikri ile birlikte gruba her yeni kat\u0131lan dostumuz kendi dostlar\u0131n\u0131 ekledi ve bug\u00fcn yakla\u015f\u0131k 1600 Emek Bah\u00e7eli dostu bir araya geldik.<\/em><\/p>\n<p style=\"text-align: justify;\"><em>\u00a0S\u0131radan bir facebook grubundan farkl\u0131 olarak d\u00fczenli bulu\u015fmalar\u0131m\u0131z, gezilerimiz ve sosyal projelerimiz oluyor. Bunlar\u0131n tamam\u0131 grup duvar\u0131nda yap\u0131lan sohbetler neticesinde ortaya \u00e7\u0131k\u0131yor ve g\u00f6n\u00fcll\u00fc dostlar\u0131m\u0131z\u0131n katk\u0131 ve emekleriyle hayata ge\u00e7iriyoruz.<\/em><\/p>\n<p style=\"text-align: justify;\"><em>\u00a0Bug\u00fcne kadar be\u015f \u015fehir d\u0131\u015f\u0131 gezisi, bir\u00e7ok Ankara ve \u0130stanbul bulu\u015fmas\u0131, TSK Gazi Ziyareti, An\u0131tkabir ziyaretleri vb etkinlik yapt\u0131k. Etkinliklerimiz <a href=\"http:\/\/emekbahceli.blogspot.com\/\" target=\"_blank\">http:\/\/emekbahceli.blogspot.com<\/a> adresindeki blo\u011fumuzda da yer al\u0131yor.<\/em><\/p>\n<p style=\"text-align: justify;\"><em>\u00a0Herhangi bir resmi kimli\u011fimiz yok. Giri\u015fimlerimiz i\u00e7in resmi ba\u015fvuru yapmam\u0131z gerekti\u011finde semtlerimizin en eski okullar\u0131ndan olan Ankara Cumhuriyet Lisesi ve Ankara Deneme Lisesi Mezun dernekleri bize yard\u0131mc\u0131 oluyorlar, zaten bir \u00e7o\u011fumuz bu okullardan mezunuz. <\/em><\/p>\n<p style=\"text-align: justify;\"><em>\u00a0A\u00e7\u0131k kitap dolab\u0131 projesi 2012 yaz ba\u015f\u0131nda bir dostumuzun grubumuzda payla\u015ft\u0131\u011f\u0131 bir a\u00e7\u0131k dolap foto\u011fraf\u0131 alt\u0131ndaki sohbetle ba\u015flayarak g\u00fcndeme geldi. <\/em><\/p>\n<p style=\"text-align: justify;\"><em>Dolab\u0131m\u0131z\u0131 \u00f6nce bir soka\u011fa kurmay\u0131 planlam\u0131\u015fsak da, sonu\u00e7ta her nereye kuracak olursak olal\u0131m resmi bir izin almak zorunlulu\u011fu do\u011faca\u011f\u0131 fikrine vard\u0131k. Bir yandan dolab\u0131 kuraca\u011f\u0131m\u0131z yer ararken, \u00f6te yandan dolab\u0131m\u0131za bir isim aray\u0131\u015f\u0131na girdik. Yak\u0131n bir zamanda kaybetti\u011fimiz ve e\u011fitimini Bah\u00e7elievler semtinde g\u00f6rm\u00fc\u015f de\u011ferli sanat\u00e7\u0131 Meral Okay ismi hepimizin \u00e7ok ho\u015funa gitti. Bu arada da dolab\u0131n Bah\u00e7elievler 5. Caddede yer alan ve bizim \u00e7ocuklu\u011fumuzdaki ad\u0131 Filli Park \u015fimdiki ad\u0131 ise Fatih Terim Park\u0131 olan \u00e7ocuk park\u0131nda olmas\u0131na karar verdik. <\/em><\/p>\n<p style=\"text-align: justify;\"><em>\u00a0Park \u00c7ankaya Belediyesine ba\u011fl\u0131 oldu\u011fundan \u00f6ncelikle belediyeden bir izin al\u0131nmas\u0131 gerekiyordu ancak daha \u00f6nce de s\u00f6yledi\u011fim gibi biz resmi bir kurum ya da kurulu\u015f de\u011fildik. Bu a\u015famada da b\u00fcy\u00fck bir destek vererek Ankara Cumhuriyet Liseliler Derne\u011fi bizim ad\u0131m\u0131za belediyeye resmi bir yaz\u0131 yazmay\u0131 kabul etti. Bu ger\u00e7ekten yola \u00e7\u0131k\u0131\u015f\u0131m\u0131z\u0131n ilk onemli an\u0131yd\u0131.<\/em><\/p>\n<p style=\"text-align: justify;\"><em>\u00a0Bu arada belirtmek isterim ki, benimde 88 y\u0131l\u0131 mezunu Ankara Cumhuriyet Lisesi, ne yaz\u0131k ki art\u0131k hayat\u0131na devam eden bir okul de\u011fil. Bu mezunlar olarak hepimizin en b\u00fcy\u00fck \u00fcz\u00fcnt\u00fcs\u00fc. Ad\u0131n\u0131 Cumhuriyet\u2019den alan ilk lise olma \u00fcnvan\u0131n\u0131 ta\u015f\u0131yan okulumuz \u015fimdi bah\u00e7esinde iki ayr\u0131 okulu bar\u0131nd\u0131r\u0131yor olsa da, art\u0131k ne yaz\u0131k ki bu isimle yeni mezunlar veremiyor. Derne\u011fimizin bu konuda da devam ettirdi\u011fi \u00e7al\u0131\u015fmalar var. Sonu\u00e7ta her birimiz b\u00fcy\u00fcd\u00fc\u011f\u00fcm\u00fcz semtlere, an\u0131lar\u0131m\u0131za, \u00e7ocuklu\u011fumuza ve de\u011ferlerimize sahip \u00e7\u0131kmaya \u00e7al\u0131\u015f\u0131yoruz.<\/em><\/p>\n<p style=\"text-align: justify;\"><em>Dolab\u0131m\u0131z ad\u0131na belediyeye yap\u0131lan ba\u015fvurunun ard\u0131ndan, uzun bir bekleyi\u015f ba\u015flad\u0131. Sonucu hepimiz merak ediyorduk. Bir\u00e7ok dostumuz vas\u0131tas\u0131yla ba\u015fvurumuz takip edildi ve nihayet \u00c7ankaya Belediyesi K\u00fclt\u00fcr ve Sosyal \u0130\u015fler M\u00fcd\u00fcrl\u00fc\u011f\u00fc&#8217;n\u00fcn dolap projemizi \u00e7ok be\u011fendi\u011fini ve bunun bir belediye projesi olarak da y\u00fcr\u00fct\u00fclebilece\u011fi haberini sevin\u00e7le ald\u0131k.<\/em><\/p>\n<p style=\"text-align: justify;\"><em>\u00a0Bu bekleyi\u015f s\u0131ras\u0131nda bizler b\u00fcy\u00fck bir inan\u00e7la a\u00e7\u0131labilece\u011fine inand\u0131\u011f\u0131m\u0131z dolab\u0131m\u0131z i\u00e7in kitap ba\u011f\u0131\u015f\u0131 toplamaya ba\u015flam\u0131\u015ft\u0131k bile. Yine Ankara Cumhuriyet Liseliler Derne\u011fi ev sahipli\u011finde kitaplar\u0131m\u0131z toplanmaya ba\u015flad\u0131. Dolab\u0131m\u0131z\u0131 \u00c7ankaya Belediyesi Park ve Bah\u00e7eler M\u00fcd\u00fcrl\u00fc\u011f\u00fc yapacakt\u0131. Hava ko\u015fullar\u0131ndan etkilenmeyecek, geceleri kilitlenebilecek bir dolap istiyorduk. <\/em><\/p>\n<p style=\"text-align: justify;\"><em>\u00a0Sonu\u00e7 bekledi\u011fimizden \u00e7ok daha iyi olmu\u015ftu. Bir seksen metre boyunda bir metre geni\u015fli\u011finde iki dolap yapm\u0131\u015ft\u0131 Park ve Bah\u00e7eler M\u00fcd\u00fcrl\u00fc\u011f\u00fc. Dolaplar\u0131n \u00f6nlerinde cam ve demirler ile kilitleri vard\u0131. \u0130ki dolap ger\u00e7ekten hi\u00e7 beklemiyorduk. Dolaplar\u0131n montaj\u0131 parka yap\u0131l\u0131p \u00fczerindeki pervole de kapat\u0131l\u0131nca art\u0131k her \u015fey a\u00e7\u0131l\u0131\u015fa kalm\u0131\u015ft\u0131.<\/em><\/p>\n<p style=\"text-align: justify;\"><em>\u00a0Bu arada iki dolab\u0131m\u0131z; ama bir ismimiz vard\u0131. Asl\u0131nda bu muhte\u015fem bir tesad\u00fcfe d\u00f6n\u00fc\u015fm\u00fc\u015ft\u00fc \u00e7\u00fcnk\u00fc Meral Han\u0131m&#8217;\u0131n \u00e7ok sevdi\u011fi ve kaybetti\u011fi e\u015fi Yaman Okay i\u00e7inde bir dolap kendili\u011finden gelivermi\u015fti. Bu iki de\u011ferli sanat\u00e7\u0131n\u0131n \u00e7ok istemelerine ra\u011fmen bir \u00e7ocuklar\u0131 olmam\u0131\u015ft\u0131 ve onlar\u0131n hat\u0131ras\u0131 i\u00e7leri hazine dolu olarak bir \u00e7ocuk park\u0131nda ya\u015fayabilecekti.\u00a0 Meral Okay dolab\u0131n\u0131 anneli\u011fi temsilen \u00e7ocuk kitaplar\u0131yla doldurmaya karar verdik. Yeti\u015fkin kitaplar\u0131 ise Yaman Okay dolab\u0131nda duracakt\u0131.<\/em><\/p>\n<p style=\"text-align: justify;\"><em>\u00a0Proje hayata ge\u00e7tik\u00e7e hepimizin heyecan\u0131 art\u0131yordu. Bu hem sade birer vatanda\u015f olarak bizlerinde bir araya gelerek \u00fclkemize hizmet edebilece\u011fimizi inanc\u0131n\u0131 tazeliyor, hem ba\u015fkentimizde bir ilke imza atman\u0131n gururunu ta\u015f\u0131yor, hem de \u00a0bir sosyal medya projesinin \u00e7o\u011funlu\u011fu sadece facebook \u00fczerinden birbirini tan\u0131yan insanlar taraf\u0131ndan nas\u0131l ba\u015far\u0131l\u0131 sonu\u00e7lara eri\u015febilece\u011fini g\u00f6steriyordu. <\/em><\/p>\n<p style=\"text-align: justify;\"><em>Tam bir Mahalle imecesi ger\u00e7ekle\u015fiyordu. Anadolu&#8217;nun bu unutulmaya y\u00fcz tutmu\u015f gelene\u011fi tam da \u00fclkemizde birli\u011fe ihtiyac\u0131m\u0131z oldu\u011fu bir d\u00f6nemde g\u00f6n\u00fcll\u00fc insanlar\u0131n katk\u0131lar\u0131yla g\u00fcnden g\u00fcne b\u00fcy\u00fcyor, \u015fekilleniyor ve bir sonuca ula\u015f\u0131yordu. Bu anlamda katk\u0131s\u0131 olan herkese minnettar\u0131z.<\/em><\/p>\n<p style=\"text-align: justify;\"><em>\u00a0Dolaplar\u0131m\u0131za bir isim vermi\u015ftik; ama hepimizin kap\u0131ld\u0131\u011f\u0131 bu heyecan dalgas\u0131 nedeni ile isim sahiplerinden de bir izin al\u0131nmas\u0131 gerekti\u011fi akl\u0131m\u0131za gelmemi\u015fti. Bunun \u00fczerine de\u011ferli sanat\u00e7\u0131 Meral Okay&#8217;\u0131n babas\u0131 Ata Kat\u0131&#8217;ya ula\u015fma yollar\u0131n\u0131 aramaya ba\u015flad\u0131k. Yine de\u011ferli dostlar\u0131m\u0131z\u0131n katk\u0131lar\u0131yla bu ileti\u015fim sa\u011fland\u0131. <\/em><\/p>\n<p style=\"text-align: justify;\"><em>Ata Bey giri\u015fimimizi \u00e7ok b\u00fcy\u00fck bir sevin\u00e7le kar\u015f\u0131lad\u0131 ve destekledi. Ayn\u0131 zamanda Ankara Cumhuriyet Lisesinde 5 y\u0131l Milli G\u00fcvenlik \u00d6\u011fretmenli\u011fi de yapm\u0131\u015ft\u0131 ve Bah\u00e7elievlere ait \u00e7ok g\u00fczel an\u0131lar\u0131 vard\u0131. A\u00e7\u0131l\u0131\u015f\u0131m\u0131za da kat\u0131larak bizi onurland\u0131ran Ata Bey&#8217;e sonsuz sayg\u0131lar\u0131m\u0131z\u0131 g\u00f6nderiyoruz.<\/em><\/p>\n<p style=\"text-align: justify;\"><em>\u00a0Ankara&#8217;dan ve T\u00fcrkiye&#8217;nin bir\u00e7ok yerinden kargo ile kitaplar\u0131m\u0131z gelmeye devam ediyor. Bu kitaplar\u0131 tek tek inceliyor ve grubumuz ad\u0131na yapt\u0131rd\u0131\u011f\u0131m\u0131z ka\u015felerle ka\u015feliyoruz. Birinde grubumuzun ad\u0131 &#8220;Emek Bah\u00e7eli Eski Dostlar Grubu&#8221;, di\u011ferinde ise &#8220;L\u00fctfen okuduktan sonra kitab\u0131 dolaba b\u0131rakmay\u0131 unutmay\u0131n\u0131z yaz\u0131yor. <\/em><\/p>\n<p style=\"text-align: justify;\"><em>\u00a0Dolab\u0131m\u0131z\u0131n a\u00e7\u0131l\u0131\u015f\u0131 i\u00e7in bir \u00e7ocuk park\u0131nda olmas\u0131 nedeni ile 21 Nisan 2013 tarihini belirledik. Hem 23 Nisan\u2019a \u00e7ok yak\u0131n bir tarih olmas\u0131 nedeni ile hem de de\u011ferli sanat\u00e7\u0131 Meral Han\u0131m&#8217;\u0131n \u00f6l\u00fcm y\u0131ld\u00f6n\u00fcm\u00fcne yak\u0131n bir tarih olmas\u0131 nedeniyle bu tarihi se\u00e7tik. \u00c7ankaya Belediyesi K\u00fclt\u00fcr ve Sosyal \u0130\u015fler M\u00fcd\u00fcr\u00fc Say\u0131n Ali Tekin ile g\u00f6r\u00fc\u015ferek tarihimizin uygunlu\u011fu i\u00e7in onay ald\u0131k. <\/em><\/p>\n<p style=\"text-align: justify;\"><em>\u00a0Fatih Terim Park\u0131 bir \u00e7o\u011fumuzun \u00e7ocuklu\u011funu ge\u00e7irdi\u011fi bir park olmas\u0131 nedeni ile de bizim i\u00e7in \u00e7ok \u00f6nemli ve anlaml\u0131 bir park. Bizim zaman\u0131m\u0131zda ad\u0131 Filli Park olmu\u015f olsa da hala o parkta bulunmaktan hepimiz b\u00fcy\u00fck bir heyecan duyuyoruz. Dolaplar\u0131m\u0131z\u0131n bu park i\u00e7inde olmas\u0131 da bizim i\u00e7in \u00e7ok heyecan verici bu y\u00fczden.<\/em><\/p>\n<p style=\"text-align: justify;\"><em>Ancak dolaplar\u0131 a\u00e7maktan ziyade ya\u015fam s\u00fcrelerini uzatmak \u00e7ok \u00f6nemli bir konu bizler i\u00e7in. T\u00fcrkiye\u2019de yayg\u0131n olmayan Ankara&#8217;da ise bir ilk olacak olan bu dolaplar i\u00e7lerindeki kitaplar eksilip yeni kitaplarla beslenmediklerinde \u00f6ks\u00fcz kalacaklar. Bu nedenle biz grup olarak kendi etkinliklerimizde dostlar\u0131m\u0131z\u0131n dolaba bir ba\u011f\u0131\u015f kitapla kat\u0131lmalar\u0131n\u0131 rica ediyoruz. A\u00e7\u0131l\u0131\u015f g\u00fcn\u00fc bizimle olacak herkes den de bir kitap ile a\u00e7\u0131l\u0131\u015fa kat\u0131lmalar\u0131n\u0131 istiyoruz. &#8220;Kitaps\u0131z Girilmez&#8221; slogan\u0131m\u0131z\u0131n ta\u015f\u0131d\u0131\u011f\u0131 anlam asl\u0131nda bu. <\/em><\/p>\n<p style=\"text-align: justify;\"><em>\u00a0Dolaptan okumak \u00fczere bir kitap alan herkesin de okuduktan sonra geri getirmesi A\u00e7\u0131k Kitap Dolaplar\u0131n\u0131n s\u00f6zs\u00fcz kural\u0131 biliyorsunuz. Ama yine de geri gelmeme olas\u0131l\u0131klar\u0131na kar\u015f\u0131 bizim daimi olarak dolab\u0131m\u0131z\u0131 kitaplarla beslememiz gerekiyor. <\/em><\/p>\n<p style=\"text-align: justify;\"><em>Dolaplar parkta bulunan \u00c7ankaya Belediyesi g\u00f6revlisince sabah a\u00e7\u0131lacak ve ak\u015fam kapanacak. Yani geceleri a\u00e7\u0131k kalmayacaklar. Sadece g\u00fcnd\u00fcz saatlerinde hizmet verecekler. Kitaplar\u0131m\u0131z\u0131 koruyabilmemiz i\u00e7in ald\u0131\u011f\u0131m\u0131z bir \u00f6nlem bu. Umuyoruz ki mahallemizdeki t\u00fcm dostlar\u0131m\u0131zda bu anlaml\u0131 projemize destek olacaklar ve dolaplara bizden daha \u00e7ok sahip \u00e7\u0131kacaklard\u0131r.<\/em><\/p>\n<p style=\"text-align: justify;\"><em>\u00a0Afi\u015flerimiz bir\u00e7ok yere as\u0131lmaya ba\u015flad\u0131 bile, \u00e7e\u015fitli radyo ve yaz\u0131l\u0131 bas\u0131n kurulu\u015flar\u0131ndan da destekler geliyor. Bunun d\u0131\u015f\u0131nda \u0130zmir S\u00f6yle\u015fi Grubu, Change.org, A\u00e7\u0131k Radyo, D\u00fc\u015f Hekimi Yal\u00e7\u0131n Ergir, Ya\u015far S\u00f6kmens\u00fcer, Sel\u00e7uk Ural, Ayd\u0131n Tansel, Burhan \u015ee\u015fen, Hur\u015fid Yenig\u00fcn,S\u00f6zc\u00fc Gazetesi ve pek \u00e7ok ki\u015fi ve gruptan destek al\u0131yoruz ve dolab\u0131m\u0131z ve a\u00e7\u0131l\u0131\u015f\u0131m\u0131z i\u00e7in yard\u0131mlarda bulunuyorlar. <\/em><\/p>\n<p style=\"text-align: justify;\"><em>21 Nisan&#8217;daki a\u00e7\u0131l\u0131\u015f\u0131m\u0131z i\u00e7in Facebook \u00fczerinden herkese a\u00e7\u0131k bir etkinlik tan\u0131mlad\u0131k, iki g\u00fcnde 176 kat\u0131l\u0131m oldu a\u00e7\u0131l\u0131\u015f g\u00fcn\u00fcne kadar da artacak, o g\u00fcn b\u00fcy\u00fck bir kalabal\u0131k \u00e7ocuk park\u0131nda Dolaplar\u0131m\u0131z\u0131n A\u00e7\u0131l\u0131\u015f Panay\u0131r\u0131nda olaca\u011f\u0131z.<\/em><\/p>\n<p style=\"text-align: justify;\"><em>Meral ve Yaman Okay&#8217;\u0131 tan\u0131yan seven herkesi de o g\u00fcn a\u00e7\u0131l\u0131\u015f\u0131m\u0131za davet ediyoruz..&#8221;<\/em><\/p>\n<p><em>\u00a0Sayg\u0131 ve Sevgilerimle<\/em><\/p>\n<p><em>Emek Bah\u00e7eli Eski Dostlar Grubu Ad\u0131na<\/em><\/p>\n<p><em>Aylin Kosovaeri \u015eahin<\/em><strong><br \/>\n<\/strong><\/p>\n<p>&nbsp;<\/p>\n","protected":false},"excerpt":{"rendered":"<p>Ankara Emek ve Bah\u00e7elievlerde ya\u015fay\u0131p b\u00fcy\u00fcyen 1600 insan facebook \u00fczerinden olu\u015fturduklar\u0131 &#8220;Emek Bah\u00e7eli Eski Dostlar Grubu&#8221; ile bir araya gelerek Ankara\u2019da bir ilk ger\u00e7ekle\u015ftiriyorlar ve Ankara A\u00e7\u0131k Kitap Dolab\u0131 ad\u0131 ile bir projeyi hayata ge\u00e7iriyorlar. A\u015fa\u011f\u0131daki \u00e7a\u011fr\u0131 metnini ve grubun tarihi geli\u015fimini okuyarak l\u00fctfen sizlerde destek vermeyi unutmay\u0131n\u0131z:<\/p>\n","protected":false},"author":1,"featured_media":0,"comment_status":"open","ping_status":"open","sticky":false,"template":"","format":"standard","meta":{"footnotes":""},"categories":[1,1504],"tags":[],"class_list":["post-10577","post","type-post","status-publish","format-standard","hentry","category-genel","category-sokak-kutuphaneleri"],"_links":{"self":[{"href":"https:\/\/www.bbyhaber.com\/bby\/wp-json\/wp\/v2\/posts\/10577"}],"collection":[{"href":"https:\/\/www.bbyhaber.com\/bby\/wp-json\/wp\/v2\/posts"}],"about":[{"href":"https:\/\/www.bbyhaber.com\/bby\/wp-json\/wp\/v2\/types\/post"}],"author":[{"embeddable":true,"href":"https:\/\/www.bbyhaber.com\/bby\/wp-json\/wp\/v2\/users\/1"}],"replies":[{"embeddable":true,"href":"https:\/\/www.bbyhaber.com\/bby\/wp-json\/wp\/v2\/comments?post=10577"}],"version-history":[{"count":0,"href":"https:\/\/www.bbyhaber.com\/bby\/wp-json\/wp\/v2\/posts\/10577\/revisions"}],"wp:attachment":[{"href":"https:\/\/www.bbyhaber.com\/bby\/wp-json\/wp\/v2\/media?parent=10577"}],"wp:term":[{"taxonomy":"category","embeddable":true,"href":"https:\/\/www.bbyhaber.com\/bby\/wp-json\/wp\/v2\/categories?post=10577"},{"taxonomy":"post_tag","embeddable":true,"href":"https:\/\/www.bbyhaber.com\/bby\/wp-json\/wp\/v2\/tags?post=10577"}],"curies":[{"name":"wp","href":"https:\/\/api.w.org\/{rel}","templated":true}]}}