{"id":10568,"date":"2013-04-06T15:07:58","date_gmt":"2013-04-06T12:07:58","guid":{"rendered":"http:\/\/www.bbyhaber.com\/bby\/?p=10568"},"modified":"2013-04-06T15:08:30","modified_gmt":"2013-04-06T12:08:30","slug":"paha-bicilemeyen-kitaplar-saklanmak-degil-gorunmek-istiyor-izmir-milli-kutuphane","status":"publish","type":"post","link":"https:\/\/www.bbyhaber.com\/bby\/2013\/04\/06\/paha-bicilemeyen-kitaplar-saklanmak-degil-gorunmek-istiyor-izmir-milli-kutuphane","title":{"rendered":"Paha Bi\u00e7ilemeyen Kitaplar Saklanmak De\u011fil, G\u00f6r\u00fcnmek \u0130stiyor-\u0130zmir Milli K\u00fct\u00fcphane"},"content":{"rendered":"<p style=\"text-align: justify;\">Kurulu\u015funun 100. y\u0131l\u0131n\u0131 ge\u00e7en y\u0131l \u00e7e\u015fitli etkinliklerle kutlayan \u0130zmir Milli K\u00fct\u00fcphane, tarihi binas\u0131n\u0131n \u0131s\u0131 ve nem kontroll\u00fc \u00f6zel b\u00f6l\u00fcmlerinde 5 binden fazla el yazmas\u0131 ve ta\u015f bask\u0131 paha bi\u00e7ilemeyen kitaba ev sahipli\u011fi yap\u0131yor. Bas\u0131lan t\u00fcm eserlerin topland\u0131\u011f\u0131 &#8220;Derleme Kanunu&#8221;na tabi, \u0130stanbul ve Ankara d\u0131\u015f\u0131ndaki tek k\u00fct\u00fcphane olan \u0130zmir Milli K\u00fct\u00fcphane, 850 binden fazla kitab\u0131 b\u00fcnyesinde bar\u0131nd\u0131r\u0131yor. Her y\u0131l 50 bin yeni kitab\u0131n kat\u0131ld\u0131\u011f\u0131 k\u00fct\u00fcphanenin ar\u015fivi ise, 5 bin kadar tarih ve k\u00fclt\u00fcr hazinesinin bek\u00e7ili\u011fini yap\u0131yor.<!--more--><\/p>\n<p style=\"text-align: justify;\">Is\u0131 ve nem kontroll\u00fc odalarda muhafaza edilen eserler aras\u0131nda ilk s\u0131ray\u0131 Osmanl\u0131 \u00f6ncesi T\u00fcrk tarihini anlatan en kapsaml\u0131 kitap olarak kabul edilen &#8220;D\u00fcsturname-i Enveri&#8221; al\u0131yor. 500 ya\u015f\u0131n\u0131 geride b\u0131rakan ve iki n\u00fcsha olarak kaleme al\u0131nan bu paha bi\u00e7ilemeyen yazman\u0131n di\u011fer kopyas\u0131 ise, ka\u00e7\u0131r\u0131ld\u0131\u011f\u0131 Fransa&#8217;da Ulusal K\u00fct\u00fcphane&#8217;de sergileniyor.<\/p>\n<p style=\"text-align: justify;\">K\u00fct\u00fcphanenin paha bi\u00e7ilmezleri aras\u0131nda manevi ve tarihi de\u011feri kadar, ola\u011fan\u00fcst\u00fc bir hat sanat\u0131 \u00f6rne\u011fi olmas\u0131yla da dikkat \u00e7eken, 1252 y\u0131l\u0131ndan kalma Kur&#8217;an-\u0131 Kerim \u00f6ne \u00e7\u0131k\u0131yor.<\/p>\n<p style=\"text-align: justify;\">\u00c7ok say\u0131da el yazmas\u0131 Kur&#8217;an bulunan ar\u015fivin nadide par\u00e7alar\u0131ndan biri de ya\u011fmalanan Girit K\u00fct\u00fcphanesi&#8217;nden Girit&#8217;te ya\u015fayan bir T\u00fcrk taraf\u0131ndan g\u00fc\u00e7l\u00fckle ka\u00e7\u0131r\u0131lan Kur&#8217;an-\u0131 Kerim.<\/p>\n<p style=\"text-align: justify;\">\u00d6zel ar\u015fivde ilk matbaa olan Gutenberg matbaas\u0131 ile \u0130brahim M\u00fcteferrika matbaas\u0131nda bas\u0131lan onlarca ta\u015f bask\u0131, Victor Hugo ve Lamartine gibi yazarlar\u0131n eserlerinin ilk bask\u0131lar\u0131 sakland\u0131klar\u0131 yerden kurtulup kitap dostlar\u0131n\u0131n kar\u015f\u0131s\u0131na \u00e7\u0131kmay\u0131 bekliyor.<\/p>\n<p style=\"text-align: justify;\">Kitap M\u00fczesi projesi<\/p>\n<p style=\"text-align: justify;\">\u0130zmir Milli K\u00fct\u00fcphane Vakf\u0131 Ba\u015fkan\u0131 Ulvi Pu\u011f, AA muhabirine yapt\u0131\u011f\u0131 a\u00e7\u0131klamada, mevcut tarihi binalar\u0131n\u0131 bir kitap m\u00fczesine d\u00f6n\u00fc\u015ft\u00fcrerek, Milli K\u00fct\u00fcphane&#8217;ye yeni ve modern bir bina kazand\u0131rmak istediklerini s\u00f6yledi.<\/p>\n<p style=\"text-align: justify;\">Cumhuriyet d\u00f6nemi mimarisinin en g\u00fczel \u00f6rnekleri aras\u0131nda yer alan, mimar Tahsin Servet&#8217;in eseri mevcut binalar\u0131n art\u0131k ihtiyac\u0131 kar\u015f\u0131lamad\u0131\u011f\u0131n\u0131 dile getiren Pu\u011f, \u015f\u00f6yle konu\u015ftu:<\/p>\n<p style=\"text-align: justify;\">&#8220;1934 y\u0131l\u0131nda Bakanlar Kurulu karar\u0131yla &#8216;milli&#8217; unvan\u0131 alan k\u00fct\u00fcphane, devletten yard\u0131m almayan bir sivil toplum kurulu\u015fu ve 100 y\u0131ld\u0131r ayakta. Buradaki baz\u0131 kitaplara paha bi\u00e7ilmesi m\u00fcmk\u00fcn de\u011fildir. Burada binalar\u0131n temeli at\u0131lm\u0131\u015f, araya D\u00fcnya Sava\u015f\u0131 girmi\u015f, Kurtulu\u015f Sava\u015f\u0131 girmi\u015f, \u0130zmir bu ortamda bile binalar\u0131 tamamlam\u0131\u015ft\u0131r. \u015eimdi biz istiyoruz ki, 21. y\u00fczy\u0131lda da \u0130zmirliler ayn\u0131 \u00f6zveriyi g\u00f6stersin, birka\u00e7 y\u00fczy\u0131l daha \u0130zmir&#8217;e ayn\u0131 gururu ya\u015fatacak modern bir k\u00fct\u00fcphane binas\u0131 \u0130zmir&#8217;e kazand\u0131r\u0131ls\u0131n.&#8221;<\/p>\n<p style=\"text-align: justify;\">Kentin \u00e7ocuklara, engellilere, ara\u015ft\u0131rmac\u0131lara rahat ve modern hizmet sunacak yeni bir binaya kavu\u015fmas\u0131 durumunda, mevcut binada t\u00fcm kitapseverleri, varl\u0131\u011f\u0131n\u0131 bilmedikleri hazinelerle bulu\u015fturmak istediklerini ifade eden Pu\u011f, &#8220;Hayal de\u011fil, bunlar ba\u015far\u0131labilecek \u015feyler. 100 y\u0131l \u00f6nce bunlar\u0131 ba\u015faran \u0130zmirli, 21. y\u00fczy\u0131lda da geli\u015fmi\u015f olanaklarla bunu rahat\u00e7a ba\u015farabilir. Hayalimiz, yeni bir binaya kavu\u015fmak ve mevcut binam\u0131z\u0131 bu paha bi\u00e7ilmez eserlerin kentle bulu\u015faca\u011f\u0131 bir kitap m\u00fczesine d\u00f6n\u00fc\u015ft\u00fcrmek&#8221; dedi.<\/p>\n<p style=\"text-align: justify;\">Pu\u011f, Kitap M\u00fczesi sayesinde ba\u015fta \u00f6\u011frenciler olmak \u00fczere t\u00fcm ziyaret\u00e7ilere el yazmas\u0131ndan modern bask\u0131ya kitab\u0131n yolculu\u011funu anlatabileceklerini belirterek &#8220;Paha bi\u00e7ilmez eserleri halk\u0131m\u0131zla kucakla\u015ft\u0131rm\u0131\u015f olaca\u011f\u0131z. De\u011ferini bilmedi\u011finiz \u015fey sizin de\u011fildir&#8221; diye konu\u015ftu.<\/p>\n<p style=\"text-align: justify;\">Kaynak: http:\/\/haberciniz.biz<\/p>\n","protected":false},"excerpt":{"rendered":"<p>Kurulu\u015funun 100. y\u0131l\u0131n\u0131 ge\u00e7en y\u0131l \u00e7e\u015fitli etkinliklerle kutlayan \u0130zmir Milli K\u00fct\u00fcphane, tarihi binas\u0131n\u0131n \u0131s\u0131 ve nem kontroll\u00fc \u00f6zel b\u00f6l\u00fcmlerinde 5 binden fazla el yazmas\u0131 ve ta\u015f bask\u0131 paha bi\u00e7ilemeyen kitaba ev sahipli\u011fi yap\u0131yor. Bas\u0131lan t\u00fcm eserlerin topland\u0131\u011f\u0131 &#8220;Derleme Kanunu&#8221;na tabi, \u0130stanbul ve Ankara d\u0131\u015f\u0131ndaki tek k\u00fct\u00fcphane olan \u0130zmir Milli K\u00fct\u00fcphane, 850 binden fazla kitab\u0131 b\u00fcnyesinde [&hellip;]<\/p>\n","protected":false},"author":1,"featured_media":0,"comment_status":"open","ping_status":"open","sticky":false,"template":"","format":"standard","meta":{"footnotes":""},"categories":[1,1581],"tags":[],"class_list":["post-10568","post","type-post","status-publish","format-standard","hentry","category-genel","category-izmir-milli-kutuphane"],"_links":{"self":[{"href":"https:\/\/www.bbyhaber.com\/bby\/wp-json\/wp\/v2\/posts\/10568"}],"collection":[{"href":"https:\/\/www.bbyhaber.com\/bby\/wp-json\/wp\/v2\/posts"}],"about":[{"href":"https:\/\/www.bbyhaber.com\/bby\/wp-json\/wp\/v2\/types\/post"}],"author":[{"embeddable":true,"href":"https:\/\/www.bbyhaber.com\/bby\/wp-json\/wp\/v2\/users\/1"}],"replies":[{"embeddable":true,"href":"https:\/\/www.bbyhaber.com\/bby\/wp-json\/wp\/v2\/comments?post=10568"}],"version-history":[{"count":0,"href":"https:\/\/www.bbyhaber.com\/bby\/wp-json\/wp\/v2\/posts\/10568\/revisions"}],"wp:attachment":[{"href":"https:\/\/www.bbyhaber.com\/bby\/wp-json\/wp\/v2\/media?parent=10568"}],"wp:term":[{"taxonomy":"category","embeddable":true,"href":"https:\/\/www.bbyhaber.com\/bby\/wp-json\/wp\/v2\/categories?post=10568"},{"taxonomy":"post_tag","embeddable":true,"href":"https:\/\/www.bbyhaber.com\/bby\/wp-json\/wp\/v2\/tags?post=10568"}],"curies":[{"name":"wp","href":"https:\/\/api.w.org\/{rel}","templated":true}]}}