{"id":10561,"date":"2013-04-05T09:00:27","date_gmt":"2013-04-05T06:00:27","guid":{"rendered":"http:\/\/www.bbyhaber.com\/bby\/?p=10561"},"modified":"2016-04-02T09:40:44","modified_gmt":"2016-04-02T06:40:44","slug":"ogrenciler-rotayi-kutuphanelere-cevirdi-istanbul","status":"publish","type":"post","link":"https:\/\/www.bbyhaber.com\/bby\/2013\/04\/05\/ogrenciler-rotayi-kutuphanelere-cevirdi-istanbul","title":{"rendered":"\u00d6\u011frenciler, rotay\u0131 k\u00fct\u00fcphanelere \u00e7evirdi-\u0130stanbul"},"content":{"rendered":"<p style=\"text-align: justify;\">Ba\u011fc\u0131lar Belediyesi\u2019nin organizasyonu ile il\u00e7edeki \u00f6\u011frenciler, \u0130stanbul\u2019daki \u00fcniversitelerin k\u00fct\u00fcphanelerine gezi d\u00fczenledi. K\u00fct\u00fcphane yetkililerinden sistemin nas\u0131l i\u015fledi\u011fi y\u00f6n\u00fcnde bilgi alan \u00f6\u011frenciler, \u00fcniversitede de derslere girdi. Ba\u011fc\u0131lar Belediyesi, K\u00fct\u00fcphane Haftas\u0131 etkinlikleri kapsam\u0131nda \u00f6\u011frencilere y\u00f6nelik farkl\u0131 bir gezi program\u0131 d\u00fczenledi. \u2018K\u00fct\u00fcphanelere Yelken A\u00e7t\u0131k\u2019 slogan\u0131yla ba\u015flat\u0131lan gezi kapsam\u0131nda Ba\u011fc\u0131larl\u0131 \u00f6\u011frenciler \u0130stanbul\u2019daki \u00fcniversitelerin k\u00fct\u00fcphanelerini gezdi. <!--more-->Proje kapsam\u0131nda Ba\u011fc\u0131lar \u0130bni Sina Lisesi \u00f6\u011frencileri \u0130stanbul \u00dcniversitesi Merkez K\u00fct\u00fcphanesi\u2019ne gezi d\u00fczenledi. K\u00fct\u00fcphane yetkililerinden k\u00fct\u00fcphane ve yay\u0131n ar\u015fivlemesi hakk\u0131nda bilgi alan \u00f6\u011frenciler, \u0130stanbul \u00dcniversitesi Edebiyat Fak\u00fcltesi Bilgi ve Belge Y\u00f6netim B\u00f6l\u00fcm\u00fc\u2019nde Yrd. Do\u00e7. Dr. I\u015f\u0131l \u0130lknur Sert\u2019in k\u00fct\u00fcphanecilik dersine de kat\u0131ld\u0131. \u0130lknur Sert, \u00f6\u011frencilere \u015fu bilgileri verdi:<\/p>\n<p style=\"text-align: justify;\">&#8220;Unutmay\u0131n \u00e7ocuklar, yaz\u0131lan kitaplar, makaleler veya akademik tezler k\u00fct\u00fcphaneler sayesinde k\u00fct\u00fcphane ar\u015fivlerinin d\u00fczenli tutulmas\u0131yla korunur. K\u00fct\u00fcphaneler, bir fikir gayretinin sonucu olarak yaz\u0131lm\u0131\u015f eserleri korumak, toplamak, organize etmek, onlar\u0131 insanlar\u0131n faydalanmas\u0131na haz\u0131r hale getirmek i\u00e7in kurulmu\u015ftur. K\u00fct\u00fcphaneler, yap\u0131lm\u0131\u015f ve yap\u0131lacak olan bilimsel ara\u015ft\u0131rmalar\u0131, zaman\u0131m\u0131zda ve gelecekteki ara\u015ft\u0131r\u0131c\u0131lar\u0131n yarar\u0131na en ucuz, en \u00e7abuk ve kolay \u015fekilde sunulmas\u0131n\u0131 sa\u011flar.&#8221;<\/p>\n<p>Kaynak:<a href=\"http:\/\/www.medya73.com\/ogrenciler-rotayi-kutuphanelere-cevirdi-haberi-1292229.html\" target=\"_blank\">http:\/\/www.medya73.com\/<\/a><\/p>\n","protected":false},"excerpt":{"rendered":"<p>Ba\u011fc\u0131lar Belediyesi\u2019nin organizasyonu ile il\u00e7edeki \u00f6\u011frenciler, \u0130stanbul\u2019daki \u00fcniversitelerin k\u00fct\u00fcphanelerine gezi d\u00fczenledi. K\u00fct\u00fcphane yetkililerinden sistemin nas\u0131l i\u015fledi\u011fi y\u00f6n\u00fcnde bilgi alan \u00f6\u011frenciler, \u00fcniversitede de derslere girdi. Ba\u011fc\u0131lar Belediyesi, K\u00fct\u00fcphane Haftas\u0131 etkinlikleri kapsam\u0131nda \u00f6\u011frencilere y\u00f6nelik farkl\u0131 bir gezi program\u0131 d\u00fczenledi. \u2018K\u00fct\u00fcphanelere Yelken A\u00e7t\u0131k\u2019 slogan\u0131yla ba\u015flat\u0131lan gezi kapsam\u0131nda Ba\u011fc\u0131larl\u0131 \u00f6\u011frenciler \u0130stanbul\u2019daki \u00fcniversitelerin k\u00fct\u00fcphanelerini gezdi.<\/p>\n","protected":false},"author":1,"featured_media":0,"comment_status":"open","ping_status":"open","sticky":false,"template":"","format":"standard","meta":{"footnotes":""},"categories":[1562,1],"tags":[],"class_list":["post-10561","post","type-post","status-publish","format-standard","hentry","category-doc-dr-isil-ilknur-selvi-sert","category-genel"],"_links":{"self":[{"href":"https:\/\/www.bbyhaber.com\/bby\/wp-json\/wp\/v2\/posts\/10561"}],"collection":[{"href":"https:\/\/www.bbyhaber.com\/bby\/wp-json\/wp\/v2\/posts"}],"about":[{"href":"https:\/\/www.bbyhaber.com\/bby\/wp-json\/wp\/v2\/types\/post"}],"author":[{"embeddable":true,"href":"https:\/\/www.bbyhaber.com\/bby\/wp-json\/wp\/v2\/users\/1"}],"replies":[{"embeddable":true,"href":"https:\/\/www.bbyhaber.com\/bby\/wp-json\/wp\/v2\/comments?post=10561"}],"version-history":[{"count":0,"href":"https:\/\/www.bbyhaber.com\/bby\/wp-json\/wp\/v2\/posts\/10561\/revisions"}],"wp:attachment":[{"href":"https:\/\/www.bbyhaber.com\/bby\/wp-json\/wp\/v2\/media?parent=10561"}],"wp:term":[{"taxonomy":"category","embeddable":true,"href":"https:\/\/www.bbyhaber.com\/bby\/wp-json\/wp\/v2\/categories?post=10561"},{"taxonomy":"post_tag","embeddable":true,"href":"https:\/\/www.bbyhaber.com\/bby\/wp-json\/wp\/v2\/tags?post=10561"}],"curies":[{"name":"wp","href":"https:\/\/api.w.org\/{rel}","templated":true}]}}