{"id":1055,"date":"2011-02-18T15:54:59","date_gmt":"2011-02-18T15:54:59","guid":{"rendered":"http:\/\/www.bbyhaber.com\/bby\/?p=1055"},"modified":"2012-05-29T08:14:24","modified_gmt":"2012-05-29T08:14:24","slug":"halk-kutuphaneleri-bolge-semineri-sanliurfa","status":"publish","type":"post","link":"https:\/\/www.bbyhaber.com\/bby\/2011\/02\/18\/halk-kutuphaneleri-bolge-semineri-sanliurfa","title":{"rendered":"Halk k\u00fct\u00fcphaneleri b\u00f6lge semineri-\u015eanl\u0131urfa"},"content":{"rendered":"<p style=\"text-align: justify;\" align=\"justify\">2011 y\u0131l\u0131nda ger\u00e7ekle\u015ftirilen Halk k\u00fct\u00fcphaneleri B\u00f6lge seminerinin ilki \u015eanl\u0131urfa il halk k\u00fct\u00fcphanesinde ger\u00e7ekle\u015ftirildi. Seminere K\u00fct\u00fcphaneler ve Yay\u0131nlar Genel M\u00fcd\u00fcr yard\u0131mc\u0131s\u0131 Semra At\u0131n\u00e7 \u015eube M\u00fcd\u00fcr\u00fc G\u00fclnihal K\u00fc\u00e7\u00fck, T\u00fcrk K\u00fct\u00fcphaneciler Derne\u011fi Genel Ba\u015fkan\u0131 Ali Fuat Kartal, Hacettepe \u00fcniversitesinden Prof Dr. B\u00fclent Y\u0131lmaz, Prof Dr. Serap Kurbano\u011flu, Goethe Enstit\u00fcs\u00fcnden Enstit\u00fc k\u00fct\u00fcphane m\u00fcd\u00fcr\u00fc Nico Sandfuchs, \u00e7ocuk kitaplar\u0131 yazar\u0131 Ayt\u00fcl Akal, Suzan Gerid\u00f6nmez ve 12 ilin k\u00fct\u00fcphane m\u00fcd\u00fcr\u00fc ve k\u00fct\u00fcphaneciler kat\u0131ld\u0131.<!--more--><\/p>\n<p style=\"text-align: justify;\" align=\"justify\">Seminer i\u00e7in ilimize gelen T\u00fcrk K\u00fct\u00fcphaneciler Derne\u011fi Genel Ba\u015fkan\u0131 Ali Fuat Kartal, K\u00fct\u00fcphaneciler ve Yay\u0131nlar Genel M\u00fcd\u00fcr Yard\u0131mc\u0131s\u0131 Semra At\u0131n\u00e7, \u00e7ocuk kitaplar\u0131 yazar\u0131 Ayt\u00fcl Akal ve Tudem Yay\u0131nlar\u0131 Sorumlusu Ayd\u0131n \u0130leri \u0130l K\u00fclt\u00fcr ve Turizm M\u00fcd\u00fcr\u00fc Selami Y\u0131ld\u0131z ve \u0130l Halk K\u00fct\u00fcphanesi M\u00fcd\u00fcr\u00fc Halil \u0130stemi\u2019yle birlikte \u015eanl\u0131urfa Valili\u011fini ziyaret ederek burada Vali Vekili Bahri Tiryaki ile g\u00f6r\u00fc\u015ft\u00fc. G\u00f6r\u00fc\u015fme s\u0131ras\u0131nda konuklar\u0131na \u015eanl\u0131urfa Valisi Nuri Okutan\u2019\u0131n okumaya verdi\u011fi \u00f6nemden bahseden Tiryaki, G\u00f6r\u00fc\u015fme sonras\u0131nda ziyaretten duydu\u011fu memnuniyeti dile getirerek misafirlere ilimizi tan\u0131tan eserler ve \u015eanl\u0131urfa\u2019ya \u00f6zg\u00fc hediyeler takdim etti.<\/p>\n<p style=\"text-align: justify;\" align=\"justify\">T\u00fcrk K\u00fct\u00fcphaneciler Derne\u011fi, K\u00fclt\u00fcr Bakanl\u0131\u011f\u0131 K\u00fct\u00fcphaneler ve Yay\u0131mlar Genel M\u00fcd\u00fcrl\u00fc\u011f\u00fc ve Goethe Enstit\u00fcs\u00fc\u2019n\u00fcn birlikte d\u00fczenledi\u011fi b\u00f6lge semineri; G\u00fcn\u0131\u015f\u0131\u011f\u0131 Kitapl\u0131\u011f\u0131, Tudem Yay\u0131nlar\u0131, \u0130deal K\u00fclt\u00fcr Yay\u0131nc\u0131l\u0131k, \u0130l K\u00fclt\u00fcr M\u00fcd\u00fcrl\u00fc\u011f\u00fc ve \u0130l Halk K\u00fct\u00fcphanesi M\u00fcd\u00fcrl\u00fc\u011f\u00fc deste\u011finde ger\u00e7ekle\u015ftirilecek. B\u00f6lge semineri 18,19 ve.20 \u015eubat 2011 tarihlerinde ger\u00e7ekle\u015ftirilecek.<\/p>\n<p>Kaynak: http:\/\/www.sanliurfa.com\/<\/p>\n","protected":false},"excerpt":{"rendered":"<p>2011 y\u0131l\u0131nda ger\u00e7ekle\u015ftirilen Halk k\u00fct\u00fcphaneleri B\u00f6lge seminerinin ilki \u015eanl\u0131urfa il halk k\u00fct\u00fcphanesinde ger\u00e7ekle\u015ftirildi. Seminere K\u00fct\u00fcphaneler ve Yay\u0131nlar Genel M\u00fcd\u00fcr yard\u0131mc\u0131s\u0131 Semra At\u0131n\u00e7 \u015eube M\u00fcd\u00fcr\u00fc G\u00fclnihal K\u00fc\u00e7\u00fck, T\u00fcrk K\u00fct\u00fcphaneciler Derne\u011fi Genel Ba\u015fkan\u0131 Ali Fuat Kartal, Hacettepe \u00fcniversitesinden Prof Dr. B\u00fclent Y\u0131lmaz, Prof Dr. Serap Kurbano\u011flu, Goethe Enstit\u00fcs\u00fcnden Enstit\u00fc k\u00fct\u00fcphane m\u00fcd\u00fcr\u00fc Nico Sandfuchs, \u00e7ocuk kitaplar\u0131 yazar\u0131 Ayt\u00fcl [&hellip;]<\/p>\n","protected":false},"author":1,"featured_media":0,"comment_status":"open","ping_status":"open","sticky":false,"template":"","format":"standard","meta":{"footnotes":""},"categories":[1576],"tags":[848],"class_list":["post-1055","post","type-post","status-publish","format-standard","hentry","category-halk-kutuphaneleri-bolge-seminerleri","tag-halk-kutuphaneleri"],"_links":{"self":[{"href":"https:\/\/www.bbyhaber.com\/bby\/wp-json\/wp\/v2\/posts\/1055"}],"collection":[{"href":"https:\/\/www.bbyhaber.com\/bby\/wp-json\/wp\/v2\/posts"}],"about":[{"href":"https:\/\/www.bbyhaber.com\/bby\/wp-json\/wp\/v2\/types\/post"}],"author":[{"embeddable":true,"href":"https:\/\/www.bbyhaber.com\/bby\/wp-json\/wp\/v2\/users\/1"}],"replies":[{"embeddable":true,"href":"https:\/\/www.bbyhaber.com\/bby\/wp-json\/wp\/v2\/comments?post=1055"}],"version-history":[{"count":0,"href":"https:\/\/www.bbyhaber.com\/bby\/wp-json\/wp\/v2\/posts\/1055\/revisions"}],"wp:attachment":[{"href":"https:\/\/www.bbyhaber.com\/bby\/wp-json\/wp\/v2\/media?parent=1055"}],"wp:term":[{"taxonomy":"category","embeddable":true,"href":"https:\/\/www.bbyhaber.com\/bby\/wp-json\/wp\/v2\/categories?post=1055"},{"taxonomy":"post_tag","embeddable":true,"href":"https:\/\/www.bbyhaber.com\/bby\/wp-json\/wp\/v2\/tags?post=1055"}],"curies":[{"name":"wp","href":"https:\/\/api.w.org\/{rel}","templated":true}]}}