{"id":10538,"date":"2013-04-03T22:59:08","date_gmt":"2013-04-03T19:59:08","guid":{"rendered":"http:\/\/www.bbyhaber.com\/bby\/?p=10538"},"modified":"2018-08-13T16:12:18","modified_gmt":"2018-08-13T13:12:18","slug":"hacettepe-universitesi-bby-yogun-erasmus-program-basvurulari-son-tarih-30-04-2013","status":"publish","type":"post","link":"https:\/\/www.bbyhaber.com\/bby\/2013\/04\/03\/hacettepe-universitesi-bby-yogun-erasmus-program-basvurulari-son-tarih-30-04-2013","title":{"rendered":"Hacettepe \u00dcniversitesi BBY Yo\u011fun Erasmus Program Ba\u015fvurular\u0131-Son Tarih-30.04.2013"},"content":{"rendered":"<p style=\"text-align: justify;\"><img loading=\"lazy\" decoding=\"async\" class=\"alignleft\" src=\"http:\/\/www.bby.hacettepe.edu.tr\/bilgibelge\/image\/Erasmus-Intensive-Programme.png\" alt=\"\" width=\"264\" height=\"95\" \/>Hacettepe \u00dcniversitesi BBY B\u00f6l\u00fcm\u00fc&#8217;n\u00fcn iki y\u0131ld\u0131r kat\u0131ld\u0131\u011f\u0131 Erasmus Yaz Okulu (Erasmus Intensive) Program\u0131n\u0131n bu y\u0131l sonuncusu d\u00fczenlenecektir. Bulgaristan, Macaristan, Fransa ve H\u0131rvatistan&#8217;dan toplamda 26 \u00f6\u011frenci ve \u00e7ok say\u0131da hocan\u0131n kat\u0131laca\u011f\u0131 program <strong>8-12 Eyl\u00fcl tarihleri<\/strong> aras\u0131nda Hacettepe \u00dcniversitesi BBY B\u00f6l\u00fcm\u00fc&#8217;nde y\u00fcr\u00fct\u00fclecektir. <!--more-->Hacettepe \u00dcniversitesi BBY B\u00f6l\u00fcm\u00fc&#8217;ne ayr\u0131lan \u00f6\u011frenci kontenjan\u0131 6&#8217;d\u0131r. Yo\u011fun Erasmus s\u0131ras\u0131nda al\u0131nan dersler bir se\u00e7meli ders ile e\u015flenerek \u00f6\u011frencilerin transkiptlerine i\u015flenebilmektedir. Dersler, geziler ve sosyal programdan olu\u015fan programa kat\u0131lmak isteyen \u00f6\u011frencilerin <a href=\"http:\/\/www.bby.hacettepe.edu.tr\/basvuruformu2013.docx\" target=\"_blank\">ba\u015fvuru formunu<\/a> doldurarak foto\u011frafl\u0131 bir CV ile birlikte<strong> 30 Nisan<\/strong>&#8216;a kadar Erasmus Koordinat\u00f6r\u00fc Prof.Dr.Serap Kurbano\u011flu&#8217;na ba\u015fvuruda bulunmalar\u0131 gerekmektedir.<\/p>\n<p style=\"text-align: justify;\">Kaynak: http:\/\/www.bby.hacettepe.edu.tr<\/p>\n","protected":false},"excerpt":{"rendered":"<p>Hacettepe \u00dcniversitesi BBY B\u00f6l\u00fcm\u00fc&#8217;n\u00fcn iki y\u0131ld\u0131r kat\u0131ld\u0131\u011f\u0131 Erasmus Yaz Okulu (Erasmus Intensive) Program\u0131n\u0131n bu y\u0131l sonuncusu d\u00fczenlenecektir. Bulgaristan, Macaristan, Fransa ve H\u0131rvatistan&#8217;dan toplamda 26 \u00f6\u011frenci ve \u00e7ok say\u0131da hocan\u0131n kat\u0131laca\u011f\u0131 program 8-12 Eyl\u00fcl tarihleri aras\u0131nda Hacettepe \u00dcniversitesi BBY B\u00f6l\u00fcm\u00fc&#8217;nde y\u00fcr\u00fct\u00fclecektir.<\/p>\n","protected":false},"author":1,"featured_media":0,"comment_status":"open","ping_status":"open","sticky":false,"template":"","format":"standard","meta":{"footnotes":""},"categories":[1488,1490],"tags":[],"class_list":["post-10538","post","type-post","status-publish","format-standard","hentry","category-hacettepe-bby","category-hacettepe-universitesi-bilgi-ve-belge-yonetimi-bolumu"],"_links":{"self":[{"href":"https:\/\/www.bbyhaber.com\/bby\/wp-json\/wp\/v2\/posts\/10538"}],"collection":[{"href":"https:\/\/www.bbyhaber.com\/bby\/wp-json\/wp\/v2\/posts"}],"about":[{"href":"https:\/\/www.bbyhaber.com\/bby\/wp-json\/wp\/v2\/types\/post"}],"author":[{"embeddable":true,"href":"https:\/\/www.bbyhaber.com\/bby\/wp-json\/wp\/v2\/users\/1"}],"replies":[{"embeddable":true,"href":"https:\/\/www.bbyhaber.com\/bby\/wp-json\/wp\/v2\/comments?post=10538"}],"version-history":[{"count":1,"href":"https:\/\/www.bbyhaber.com\/bby\/wp-json\/wp\/v2\/posts\/10538\/revisions"}],"predecessor-version":[{"id":24915,"href":"https:\/\/www.bbyhaber.com\/bby\/wp-json\/wp\/v2\/posts\/10538\/revisions\/24915"}],"wp:attachment":[{"href":"https:\/\/www.bbyhaber.com\/bby\/wp-json\/wp\/v2\/media?parent=10538"}],"wp:term":[{"taxonomy":"category","embeddable":true,"href":"https:\/\/www.bbyhaber.com\/bby\/wp-json\/wp\/v2\/categories?post=10538"},{"taxonomy":"post_tag","embeddable":true,"href":"https:\/\/www.bbyhaber.com\/bby\/wp-json\/wp\/v2\/tags?post=10538"}],"curies":[{"name":"wp","href":"https:\/\/api.w.org\/{rel}","templated":true}]}}