{"id":10532,"date":"2013-04-03T21:06:20","date_gmt":"2013-04-03T18:06:20","guid":{"rendered":"http:\/\/www.bbyhaber.com\/bby\/?p=10532"},"modified":"2013-04-27T21:12:31","modified_gmt":"2013-04-27T18:12:31","slug":"18-izmir-kitap-fuari-yaklasiyor-20-28-nisan-2013","status":"publish","type":"post","link":"https:\/\/www.bbyhaber.com\/bby\/2013\/04\/03\/18-izmir-kitap-fuari-yaklasiyor-20-28-nisan-2013","title":{"rendered":"18. \u0130zmir Kitap Fuar\u0131 Yakla\u015f\u0131yor-20-28 Nisan 2013"},"content":{"rendered":"<p style=\"text-align: justify;\">Kurulu\u015fumuz T\u00dcYAP T\u00fcm Fuarc\u0131l\u0131k Yap\u0131m A.\u015e. taraf\u0131ndan T\u00fcrkiye Yay\u0131nc\u0131lar Birli\u011fi i\u015fbirli\u011fi ile bu sene on sekizincisi d\u00fczenlenen \u0130zmir Kitap Fuar\u0131 20-28 Nisan 2013 tarihlerinde Uluslararas\u0131 \u0130zmir Fuar Alan\u0131\u2019nda okurlarla bulu\u015fmaya haz\u0131rlan\u0131yor. Yakla\u015f\u0131k 350 yay\u0131nevi ve sivil toplum kurulu\u015funun kat\u0131l\u0131m\u0131yla d\u00fczenlenecek olan fuarda dokuz g\u00fcn s\u00fcresince s\u00f6yle\u015fi, panel, \u015fiir dinletileri ve \u00e7ocuk etkinlikleriyle yakla\u015f\u0131k 100 etkinlik ger\u00e7ekle\u015ftirilecek.<!--more--><\/p>\n<p style=\"text-align: justify;\"><strong>Fuar\u0131n Onur Konu\u011fu Ahmet Cemal<\/strong><\/p>\n<p style=\"text-align: justify;\">18. \u0130zmir Kitap Fuar\u0131\u2019n\u0131n Onur Konu\u011fu de\u011ferli \u00e7evirmen ve yazar Ahmet Cemal. 1942 y\u0131l\u0131nda do\u011fan Ahmet Cemal Sankt Georg Avusturya Lisesi&#8217;ni ve \u0130stanbul \u00dcniversitesi Hukuk Fak\u00fcltesi&#8217;ni bitirdi. \u00c7evirmen olarak d\u00fcnya edebiyat\u0131n\u0131n \u00f6nemli isimlerini T\u00fcrk\u00e7e\u2019ye kazand\u0131rd\u0131. Uzun y\u0131llar estetik, sanat tarihi, tiyatro tarihi ve \u00e7a\u011fda\u015f tiyatro \u00fczerine dersler verdi. \u00d6yk\u00fc, deneme, makale ve \u015fiir kitaplar\u0131 yazan Ahmet Cemal halen Cumhuriyet gazetesinde k\u00f6\u015fe yazarl\u0131\u011f\u0131 yapmaktad\u0131r.<\/p>\n<p style=\"text-align: justify;\">Giri\u015fin \u00fccretsiz oldu\u011fu 18. \u0130zmir Kitap Fuar\u0131, her g\u00fcn 11.00-20.00, kapan\u0131\u015f g\u00fcn\u00fc 28 Nisan 2013 tarihinde ise 11.00-19.00 saatleri aras\u0131nda ziyaret edilebilir.<\/p>\n<p style=\"text-align: justify;\"><a href=\" http:\/\/izmirkitapfuari.com\/\" target=\"_blank\"><span style=\"color: #0000ff;\"><strong>Fuar Web Sayfas\u0131 i\u00e7in t\u0131klay\u0131n\u0131z<\/strong><\/span><\/a><\/p>\n<p style=\"text-align: justify;\">\n","protected":false},"excerpt":{"rendered":"<p>Kurulu\u015fumuz T\u00dcYAP T\u00fcm Fuarc\u0131l\u0131k Yap\u0131m A.\u015e. taraf\u0131ndan T\u00fcrkiye Yay\u0131nc\u0131lar Birli\u011fi i\u015fbirli\u011fi ile bu sene on sekizincisi d\u00fczenlenen \u0130zmir Kitap Fuar\u0131 20-28 Nisan 2013 tarihlerinde Uluslararas\u0131 \u0130zmir Fuar Alan\u0131\u2019nda okurlarla bulu\u015fmaya haz\u0131rlan\u0131yor. Yakla\u015f\u0131k 350 yay\u0131nevi ve sivil toplum kurulu\u015funun kat\u0131l\u0131m\u0131yla d\u00fczenlenecek olan fuarda dokuz g\u00fcn s\u00fcresince s\u00f6yle\u015fi, panel, \u015fiir dinletileri ve \u00e7ocuk etkinlikleriyle yakla\u015f\u0131k 100 etkinlik [&hellip;]<\/p>\n","protected":false},"author":1,"featured_media":0,"comment_status":"open","ping_status":"open","sticky":false,"template":"","format":"standard","meta":{"footnotes":""},"categories":[],"tags":[1395],"class_list":["post-10532","post","type-post","status-publish","format-standard","hentry","tag-bby-mesleki-etkinlikler-arsivi"],"_links":{"self":[{"href":"https:\/\/www.bbyhaber.com\/bby\/wp-json\/wp\/v2\/posts\/10532"}],"collection":[{"href":"https:\/\/www.bbyhaber.com\/bby\/wp-json\/wp\/v2\/posts"}],"about":[{"href":"https:\/\/www.bbyhaber.com\/bby\/wp-json\/wp\/v2\/types\/post"}],"author":[{"embeddable":true,"href":"https:\/\/www.bbyhaber.com\/bby\/wp-json\/wp\/v2\/users\/1"}],"replies":[{"embeddable":true,"href":"https:\/\/www.bbyhaber.com\/bby\/wp-json\/wp\/v2\/comments?post=10532"}],"version-history":[{"count":0,"href":"https:\/\/www.bbyhaber.com\/bby\/wp-json\/wp\/v2\/posts\/10532\/revisions"}],"wp:attachment":[{"href":"https:\/\/www.bbyhaber.com\/bby\/wp-json\/wp\/v2\/media?parent=10532"}],"wp:term":[{"taxonomy":"category","embeddable":true,"href":"https:\/\/www.bbyhaber.com\/bby\/wp-json\/wp\/v2\/categories?post=10532"},{"taxonomy":"post_tag","embeddable":true,"href":"https:\/\/www.bbyhaber.com\/bby\/wp-json\/wp\/v2\/tags?post=10532"}],"curies":[{"name":"wp","href":"https:\/\/api.w.org\/{rel}","templated":true}]}}