{"id":1053,"date":"2011-02-21T15:54:06","date_gmt":"2011-02-21T15:54:06","guid":{"rendered":"http:\/\/www.bbyhaber.com\/bby\/?p=1053"},"modified":"2012-05-30T13:13:27","modified_gmt":"2012-05-30T13:13:27","slug":"gezici-kutuphane-artik-gezemiyor","status":"publish","type":"post","link":"https:\/\/www.bbyhaber.com\/bby\/2011\/02\/21\/gezici-kutuphane-artik-gezemiyor","title":{"rendered":"Gezici k\u00fct\u00fcphane art\u0131k gezemiyor"},"content":{"rendered":"<p align=\"justify\">Tekirda\u011f K\u00fclt\u00fcr ve Turizm M\u00fcd\u00fcrl\u00fc\u011f\u00fc&#8217;ne ba\u011fl\u0131 Gezici K\u00fct\u00fcphane arac\u0131, A\u011fustos 2010\u2019da emekli olan \u015fof\u00f6rden sonra yeni \u015fof\u00f6r atanmamas\u0131 sebebiyle hizmet veremiyor. K\u00fct\u00fcphane arac\u0131 Nam\u0131k Kemal Halk K\u00fct\u00fcphanesi \u00f6n\u00fcnde bekliyor.Bir zamanlar i\u00e7erisinde \u00e7e\u015fitli kitaplar ve dergilerle Tekirda\u011f mahallelerinde ve il\u00e7elerini gezerek, kitap merakl\u0131lar\u0131na hizmet veren seyyar k\u00fct\u00fcphane arac\u0131, adeta \u00e7\u00fcr\u00fcmeye terk edildi. Tekirda\u011fl\u0131lar, gezici k\u00fct\u00fcphane arac\u0131n\u0131 yeniden yollarda g\u00f6rmek istiyor.<!--more--><\/p>\n<p align=\"justify\">Di\u011fer yandan, kitap merakl\u0131lar\u0131n\u0131n kolayca ula\u015fabildikleri, \u015fehir i\u00e7erisindeki k\u00fct\u00fcphane binas\u0131n\u0131n Trakya Kent ve Belediye Evlendirme Memurlu\u011fu\u2019na tahsis edilmesiyle, yeni k\u00fct\u00fcphane, \u0130talyan Kona\u011f\u0131 olarak bilinen Ertu\u011frul Mahallesi Barbaros Caddesi&#8217;ndeki tarihi binaya ta\u015f\u0131nd\u0131. \u00d6\u011frenciler ve vatanda\u015flar, k\u00fct\u00fcphaneden yeterli istifade edemediklerini belirtirken, k\u00fct\u00fcphanenin \u015fehir i\u00e7erisinde halka hizmet vermesi i\u00e7in kitap da\u011f\u0131t\u0131m \u015fubeleri a\u00e7\u0131lmas\u0131n\u0131 istediler.<strong><\/strong><\/p>\n<p>\u00a0Kaynak: http:\/\/www.stargundem.com\/<\/p>\n","protected":false},"excerpt":{"rendered":"<p>Tekirda\u011f K\u00fclt\u00fcr ve Turizm M\u00fcd\u00fcrl\u00fc\u011f\u00fc&#8217;ne ba\u011fl\u0131 Gezici K\u00fct\u00fcphane arac\u0131, A\u011fustos 2010\u2019da emekli olan \u015fof\u00f6rden sonra yeni \u015fof\u00f6r atanmamas\u0131 sebebiyle hizmet veremiyor. K\u00fct\u00fcphane arac\u0131 Nam\u0131k Kemal Halk K\u00fct\u00fcphanesi \u00f6n\u00fcnde bekliyor.Bir zamanlar i\u00e7erisinde \u00e7e\u015fitli kitaplar ve dergilerle Tekirda\u011f mahallelerinde ve il\u00e7elerini gezerek, kitap merakl\u0131lar\u0131na hizmet veren seyyar k\u00fct\u00fcphane arac\u0131, adeta \u00e7\u00fcr\u00fcmeye terk edildi. Tekirda\u011fl\u0131lar, gezici k\u00fct\u00fcphane arac\u0131n\u0131 [&hellip;]<\/p>\n","protected":false},"author":1,"featured_media":0,"comment_status":"open","ping_status":"open","sticky":false,"template":"","format":"standard","meta":{"footnotes":""},"categories":[1486],"tags":[1440],"class_list":["post-1053","post","type-post","status-publish","format-standard","hentry","category-gezici-kutuphane","tag-gezici-kutuphaneler"],"_links":{"self":[{"href":"https:\/\/www.bbyhaber.com\/bby\/wp-json\/wp\/v2\/posts\/1053"}],"collection":[{"href":"https:\/\/www.bbyhaber.com\/bby\/wp-json\/wp\/v2\/posts"}],"about":[{"href":"https:\/\/www.bbyhaber.com\/bby\/wp-json\/wp\/v2\/types\/post"}],"author":[{"embeddable":true,"href":"https:\/\/www.bbyhaber.com\/bby\/wp-json\/wp\/v2\/users\/1"}],"replies":[{"embeddable":true,"href":"https:\/\/www.bbyhaber.com\/bby\/wp-json\/wp\/v2\/comments?post=1053"}],"version-history":[{"count":0,"href":"https:\/\/www.bbyhaber.com\/bby\/wp-json\/wp\/v2\/posts\/1053\/revisions"}],"wp:attachment":[{"href":"https:\/\/www.bbyhaber.com\/bby\/wp-json\/wp\/v2\/media?parent=1053"}],"wp:term":[{"taxonomy":"category","embeddable":true,"href":"https:\/\/www.bbyhaber.com\/bby\/wp-json\/wp\/v2\/categories?post=1053"},{"taxonomy":"post_tag","embeddable":true,"href":"https:\/\/www.bbyhaber.com\/bby\/wp-json\/wp\/v2\/tags?post=1053"}],"curies":[{"name":"wp","href":"https:\/\/api.w.org\/{rel}","templated":true}]}}