{"id":10529,"date":"2013-04-03T20:14:50","date_gmt":"2013-04-03T17:14:50","guid":{"rendered":"http:\/\/www.bbyhaber.com\/bby\/?p=10529"},"modified":"2013-04-03T20:15:02","modified_gmt":"2013-04-03T17:15:02","slug":"kiziltepe-ciplak-koyune-kutuphane-kuruldu-mardin","status":"publish","type":"post","link":"https:\/\/www.bbyhaber.com\/bby\/2013\/04\/03\/kiziltepe-ciplak-koyune-kutuphane-kuruldu-mardin","title":{"rendered":"K\u0131z\u0131ltepe \u00c7\u0131plak k\u00f6y\u00fcne k\u00fct\u00fcphane kuruldu-Mardin"},"content":{"rendered":"<p style=\"text-align: justify;\">\u0130stanbul B\u00fcy\u00fck\u015fehir Belediyesi Gen\u00e7lik Meclisi&#8217;nin &#8220;81 \u0130lde 81 K\u00fct\u00fcphane&#8221; projesi kapsam\u0131nda \u00c7\u0131plak k\u00f6y\u00fcnde k\u00fct\u00fcphane kuruldu. \u0130stanbul B\u00fcy\u00fck\u015fehir Belediyesi Gen\u00e7lik Meclisi Divan \u00dcyesi C\u00fcneyt Kahraman, 10 Gen\u00e7lik Meclis \u00fcyesi ile \u00f6nce K\u0131z\u0131ltepe Kaymakam\u0131 Erkaya Y\u0131r\u0131k &#8216;\u0131 makam\u0131nda ziyaret etti. Ziyarette Kahraman, Y\u0131r\u0131k&#8217;a projeye vermi\u015f olduklar\u0131 desteklerinden dolay\u0131 te\u015fekk\u00fcr ederek plaket verdi. Y\u0131r\u0131k ise gelen ekibe kitap hediye etti.<!--more--><\/p>\n<p style=\"text-align: justify;\">Y\u0131r\u0131k, \u015f\u00f6yle dedi:<\/p>\n<p style=\"text-align: justify;\">&#8220;\u0130stanbul B\u00fcy\u00fck\u015fehir Belediyesi gen\u00e7lik \u00fcyesi meclisinden arkada\u015flar\u0131m\u0131z projeyi ba\u015far\u0131l\u0131 bir \u015fekilde y\u00fcr\u00fct\u00fcyor. Bug\u00fcnk\u00fc K\u0131z\u0131ltepe il\u00e7emize 40 kilometre uzakl\u0131ktaki \u00c7\u0131plak k\u00f6y\u00fc.T\u00fcrkiye&#8217;nin en \u00fccra k\u00f6\u015fesi diyebilece\u011fimiz yerlerden birisi olan bu k\u00f6yde \u0130stanbul B\u00fcy\u00fck\u015fehir Belediyesi&#8217;nin katk\u0131s\u0131n\u0131 \u00e7ocuklar\u0131m\u0131z bu p\u0131r\u0131l p\u0131r\u0131l gen\u00e7lerin vas\u0131tas\u0131yla ya\u015fam\u0131\u015f ve \u015fahit olmu\u015f olacaklar. Bu gen\u00e7lerimize ve eme\u011fi ge\u00e7en herkese il\u00e7emiz ad\u0131na te\u015fekk\u00fcr ediyorum.&#8221;<\/p>\n<p style=\"text-align: justify;\">Ziyaretin ard\u0131ndan 420 \u00f6\u011frencisi bulunan ilk\u00f6\u011fretim okulunda k\u00fct\u00fcphane a\u00e7\u0131ld\u0131. A\u00e7\u0131l\u0131\u015fta ba\u015far\u0131l\u0131 4 \u00f6\u011frenciye bisiklet ve di\u011fer \u00f6\u011frencilere kitap ile \u00e7e\u015fitli hediyeler verildi.<\/p>\n<p style=\"text-align: justify;\">Okul idaresi \u0130stanbul B\u00fcy\u00fck\u015fehir Belediyesi Gen\u00e7lik Meclisi \u00fcyelerine okulun eksiklikleri ile ilgili Kadir Topba\u015f&#8217;a iletmek \u00fczere yard\u0131m talebinde bulundular.<\/p>\n<p style=\"text-align: justify;\">Muhabir: Adnan Ko\u00e7han<\/p>\n<p style=\"text-align: justify;\">Kaynak: www.haberfx.net<\/p>\n","protected":false},"excerpt":{"rendered":"<p>\u0130stanbul B\u00fcy\u00fck\u015fehir Belediyesi Gen\u00e7lik Meclisi&#8217;nin &#8220;81 \u0130lde 81 K\u00fct\u00fcphane&#8221; projesi kapsam\u0131nda \u00c7\u0131plak k\u00f6y\u00fcnde k\u00fct\u00fcphane kuruldu. \u0130stanbul B\u00fcy\u00fck\u015fehir Belediyesi Gen\u00e7lik Meclisi Divan \u00dcyesi C\u00fcneyt Kahraman, 10 Gen\u00e7lik Meclis \u00fcyesi ile \u00f6nce K\u0131z\u0131ltepe Kaymakam\u0131 Erkaya Y\u0131r\u0131k &#8216;\u0131 makam\u0131nda ziyaret etti. Ziyarette Kahraman, Y\u0131r\u0131k&#8217;a projeye vermi\u015f olduklar\u0131 desteklerinden dolay\u0131 te\u015fekk\u00fcr ederek plaket verdi. Y\u0131r\u0131k ise gelen ekibe kitap [&hellip;]<\/p>\n","protected":false},"author":1,"featured_media":0,"comment_status":"open","ping_status":"open","sticky":false,"template":"","format":"standard","meta":{"footnotes":""},"categories":[1,1498],"tags":[],"class_list":["post-10529","post","type-post","status-publish","format-standard","hentry","category-genel","category-koy-kutuphaneleri"],"_links":{"self":[{"href":"https:\/\/www.bbyhaber.com\/bby\/wp-json\/wp\/v2\/posts\/10529"}],"collection":[{"href":"https:\/\/www.bbyhaber.com\/bby\/wp-json\/wp\/v2\/posts"}],"about":[{"href":"https:\/\/www.bbyhaber.com\/bby\/wp-json\/wp\/v2\/types\/post"}],"author":[{"embeddable":true,"href":"https:\/\/www.bbyhaber.com\/bby\/wp-json\/wp\/v2\/users\/1"}],"replies":[{"embeddable":true,"href":"https:\/\/www.bbyhaber.com\/bby\/wp-json\/wp\/v2\/comments?post=10529"}],"version-history":[{"count":0,"href":"https:\/\/www.bbyhaber.com\/bby\/wp-json\/wp\/v2\/posts\/10529\/revisions"}],"wp:attachment":[{"href":"https:\/\/www.bbyhaber.com\/bby\/wp-json\/wp\/v2\/media?parent=10529"}],"wp:term":[{"taxonomy":"category","embeddable":true,"href":"https:\/\/www.bbyhaber.com\/bby\/wp-json\/wp\/v2\/categories?post=10529"},{"taxonomy":"post_tag","embeddable":true,"href":"https:\/\/www.bbyhaber.com\/bby\/wp-json\/wp\/v2\/tags?post=10529"}],"curies":[{"name":"wp","href":"https:\/\/api.w.org\/{rel}","templated":true}]}}