{"id":10523,"date":"2013-04-03T13:37:06","date_gmt":"2013-04-03T10:37:06","guid":{"rendered":"http:\/\/www.bbyhaber.com\/bby\/?p=10523"},"modified":"2013-04-03T13:37:06","modified_gmt":"2013-04-03T10:37:06","slug":"okula-baslamadan-kitap-okumayi-ogrendiler-erzurum","status":"publish","type":"post","link":"https:\/\/www.bbyhaber.com\/bby\/2013\/04\/03\/okula-baslamadan-kitap-okumayi-ogrendiler-erzurum","title":{"rendered":"Okula ba\u015flamadan &#8216;kitap okumay\u0131&#8217; \u00f6\u011frendiler-Erzurum"},"content":{"rendered":"<p style=\"text-align: justify;\">\u00c7ocuklara erken ya\u015fta kitap okuma al\u0131\u015fkanl\u0131\u011f\u0131n\u0131 kazand\u0131rmak i\u00e7in \u2018okul\u00f6ncesi k\u00fct\u00fcphanesi\u2019 kuruldu. \u0130l Halk K\u00fct\u00fcphanesi b\u00fcnyesinde olu\u015fturulan \u00f6zel b\u00f6l\u00fcmde, ya\u015flar\u0131 4 ila 6 aras\u0131ndaki \u00e7ocuklar kitapla tan\u0131\u015f\u0131yor. Hafta i\u00e7i her sabah k\u00fct\u00fcphaneye gelip 5 bu\u00e7uk saat burada kal\u0131yorlar. Kitaplar\u0131 se\u00e7meyi, payla\u015f\u0131p okumay\u0131, \u00f6d\u00fcn\u00e7 almay\u0131 \u00f6\u011freniyorlar. \u00c7e\u015fitli sosyal faaliyetlere kat\u0131l\u0131p yemeklerini de yiyorlar. B\u00fct\u00fcn bunlar milli e\u011fitim m\u00fcd\u00fcrl\u00fc\u011f\u00fc taraf\u0131ndan g\u00f6revlendirilen bir \u00f6\u011fretmen e\u015fli\u011finde yap\u0131l\u0131yor.<!--more--><\/p>\n<p style=\"text-align: justify;\">Projenin, T\u00fcrkiye\u2019de bir ilk oldu\u011funa dikkat \u00e7eken K\u00fclt\u00fcr ve Turizm M\u00fcd\u00fcr\u00fc Fikret \u00d6zt\u00fcrk, ilerleyen s\u00fcre\u00e7te bebeklerin de k\u00fct\u00fcphanelerden faydalanmas\u0131 i\u00e7in \u00e7al\u0131\u015fma yapacaklar\u0131n\u0131 s\u00f6yledi. Okul\u00f6ncesi k\u00fct\u00fcphanesinin \u00f6zel olarak tasarland\u0131\u011f\u0131n\u0131 anlatan \u00d6zt\u00fcrk, \u201cS\u0131n\u0131flara \u00e7e\u015fitli oyuncaklar, m\u00fczik aletlerinin yan\u0131 s\u0131ra \u00fc\u00e7 boyutlu, genellikle resimlerden olu\u015fan yay\u0131nlar koyduk.\u201d dedi. K\u00fct\u00fcphane \u00f6\u011fretmeni Nurdan Efe de \u00e7ocuklar\u0131n kitaba yakla\u015f\u0131mlar\u0131n\u0131 \u015fu s\u00f6zlerle ifade etti: \u201c\u00c7ocuklara kitaplar\u0131 nas\u0131l okuyacaklar\u0131n\u0131, k\u00fct\u00fcphanelerde nas\u0131l davran\u0131lmas\u0131 gerekti\u011fini anlat\u0131yoruz. \u00c7ok k\u0131sa s\u00fcrede kitaplara a\u015fina oldular. Baz\u0131lar\u0131n\u0131n kitaplar\u0131 al\u0131p, \u2018Ben bunu evde okuyabilir miyim?\u2019 demesi bizi \u00e7ok memnun ediyor. \u00c7ocuklar burada \u00e7e\u015fitli aletlerle m\u00fczik de yap\u0131yor. Ancak bunun, k\u00fct\u00fcphanede bulunan di\u011fer insanlar\u0131 rahats\u0131z etmemesine \u00f6zen g\u00f6steriyorlar. \u00c7ocuklarda ba\u015fkalar\u0131n\u0131 rahats\u0131z etmeme konusunda \u00e7ok k\u0131sa s\u00fcrede hassasiyet geli\u015fti.\u201d<\/p>\n<p style=\"text-align: justify;\">Okul\u00f6ncesi k\u00fct\u00fcphanesi, Uluslararas\u0131 K\u00fct\u00fcphaneler Birli\u011fi Federasyonu taraf\u0131ndan belirlenen standartlara uygun olu\u015fturuldu. Hizmetten \u015fu anda 15 \u00e7ocuk yararlan\u0131yor.<\/p>\n<p style=\"text-align: justify;\">Kaynak: http:\/\/www.risalehaber.com<\/p>\n","protected":false},"excerpt":{"rendered":"<p>\u00c7ocuklara erken ya\u015fta kitap okuma al\u0131\u015fkanl\u0131\u011f\u0131n\u0131 kazand\u0131rmak i\u00e7in \u2018okul\u00f6ncesi k\u00fct\u00fcphanesi\u2019 kuruldu. \u0130l Halk K\u00fct\u00fcphanesi b\u00fcnyesinde olu\u015fturulan \u00f6zel b\u00f6l\u00fcmde, ya\u015flar\u0131 4 ila 6 aras\u0131ndaki \u00e7ocuklar kitapla tan\u0131\u015f\u0131yor. Hafta i\u00e7i her sabah k\u00fct\u00fcphaneye gelip 5 bu\u00e7uk saat burada kal\u0131yorlar. Kitaplar\u0131 se\u00e7meyi, payla\u015f\u0131p okumay\u0131, \u00f6d\u00fcn\u00e7 almay\u0131 \u00f6\u011freniyorlar. \u00c7e\u015fitli sosyal faaliyetlere kat\u0131l\u0131p yemeklerini de yiyorlar. B\u00fct\u00fcn bunlar milli e\u011fitim [&hellip;]<\/p>\n","protected":false},"author":1,"featured_media":0,"comment_status":"open","ping_status":"open","sticky":false,"template":"","format":"standard","meta":{"footnotes":""},"categories":[1553,1],"tags":[1439],"class_list":["post-10523","post","type-post","status-publish","format-standard","hentry","category-cocuk-kutuphaneleri","category-genel","tag-cocuk-kutuphaneleri"],"_links":{"self":[{"href":"https:\/\/www.bbyhaber.com\/bby\/wp-json\/wp\/v2\/posts\/10523"}],"collection":[{"href":"https:\/\/www.bbyhaber.com\/bby\/wp-json\/wp\/v2\/posts"}],"about":[{"href":"https:\/\/www.bbyhaber.com\/bby\/wp-json\/wp\/v2\/types\/post"}],"author":[{"embeddable":true,"href":"https:\/\/www.bbyhaber.com\/bby\/wp-json\/wp\/v2\/users\/1"}],"replies":[{"embeddable":true,"href":"https:\/\/www.bbyhaber.com\/bby\/wp-json\/wp\/v2\/comments?post=10523"}],"version-history":[{"count":0,"href":"https:\/\/www.bbyhaber.com\/bby\/wp-json\/wp\/v2\/posts\/10523\/revisions"}],"wp:attachment":[{"href":"https:\/\/www.bbyhaber.com\/bby\/wp-json\/wp\/v2\/media?parent=10523"}],"wp:term":[{"taxonomy":"category","embeddable":true,"href":"https:\/\/www.bbyhaber.com\/bby\/wp-json\/wp\/v2\/categories?post=10523"},{"taxonomy":"post_tag","embeddable":true,"href":"https:\/\/www.bbyhaber.com\/bby\/wp-json\/wp\/v2\/tags?post=10523"}],"curies":[{"name":"wp","href":"https:\/\/api.w.org\/{rel}","templated":true}]}}