{"id":1051,"date":"2011-02-23T15:53:02","date_gmt":"2011-02-23T15:53:02","guid":{"rendered":"http:\/\/www.bbyhaber.com\/bby\/?p=1051"},"modified":"2012-04-24T10:37:03","modified_gmt":"2012-04-24T10:37:03","slug":"okul-kutuphanelerine-kitap-bekliyorlar","status":"publish","type":"post","link":"https:\/\/www.bbyhaber.com\/bby\/2011\/02\/23\/okul-kutuphanelerine-kitap-bekliyorlar","title":{"rendered":"Okul K\u00fct\u00fcphanelerine Kitap Bekliyorlar"},"content":{"rendered":"<p style=\"text-align: justify;\" align=\"justify\">Giresun&#8217;un Eynesil il\u00e7esi \u00d6ren \u0130lk\u00f6\u011fretim Okulu &#8220;\u00d6\u011frencilerimize 2011 kitap hediye edin&#8221; ad\u0131 alt\u0131nda kitap toplama kampanyas\u0131 d\u00fczenledi.D\u00fcnya Bankas\u0131 deste\u011fi ile finanse edilen Okul Geli\u015fim Program\u0131 \u00e7er\u00e7evesinde k\u00fct\u00fcphane olu\u015fturan \u00d6ren \u0130lk\u00f6\u011fretim Okulu kitap eksikli\u011fini kampanya d\u00fczenleyerek gidermeye \u00e7al\u0131\u015f\u0131yor. \u00d6ren \u0130lk\u00f6\u011fretim Okulu M\u00fcd\u00fcr\u00fc A\u015fk\u0131n Atmaca &#8220;\u0130l\u00e7e Milli E\u011fitim M\u00fcd\u00fcrl\u00fc\u011f\u00fc okulumuza Okul Geli\u015fim Program\u0131 kapsam\u0131nda \u00e7ok ciddi yat\u0131r\u0131mlar ger\u00e7ekle\u015ftirdi. <!--more--><\/p>\n<p style=\"text-align: justify;\" align=\"justify\">Okulumuz eksik bulunan k\u00fct\u00fcphanesi yeniden dizayn edildi. Okul \u00f6\u011fretmenlerimizle birlikte 2011 y\u0131l\u0131nda \u00d6ren&#8217;e 2011 Kitap kampanyas\u0131 d\u00fczenleyerek k\u00fct\u00fcphanemizi zenginle\u015ftirmek istedik&#8221; dedi. Gurbet\u00e7i hem\u015ferilerinden kampanyaya destek ad\u0131na umutlu olduklar\u0131n\u0131 ifade eden Atmaca &#8220;\u00d6ren Beldesi&#8217;nin, Eynesilliler&#8217;in ve gurbetteki hem\u015ferilerimizin bu kampanyaya ilgi g\u00f6sterece\u011fine inan\u0131yoruz. 2011 y\u0131l\u0131nda \u00d6ren&#8217;e 2011 Kitap toplama kampanyas\u0131 organizasyonu \u0130l\u00e7e AR-GE Birimi i\u015fbirli\u011fi ile y\u00fcr\u00fct\u00fclmektedir. Kampanyaya destek olmak isteyenler \u00d6ren \u0130lk\u00f6\u011fretim Okulu 28860 Eynesil Giresun adresine veya Eynesil \u0130l\u00e7e Milli E\u011fitim M\u00fcd\u00fcrl\u00fc\u011f\u00fc AR-GE Birimi H\u00fck\u00fcmet Kona\u011f\u0131 Kat: 3 Eynesil\/Giresun adresine g\u00f6nderebilirler&#8221; diye konu\u015ftu.\u00a0<strong><\/strong><\/p>\n<p style=\"text-align: justify;\" align=\"justify\">Kaynak: http:\/\/www.birincikuvvet.com<\/p>\n","protected":false},"excerpt":{"rendered":"<p>Giresun&#8217;un Eynesil il\u00e7esi \u00d6ren \u0130lk\u00f6\u011fretim Okulu &#8220;\u00d6\u011frencilerimize 2011 kitap hediye edin&#8221; ad\u0131 alt\u0131nda kitap toplama kampanyas\u0131 d\u00fczenledi.D\u00fcnya Bankas\u0131 deste\u011fi ile finanse edilen Okul Geli\u015fim Program\u0131 \u00e7er\u00e7evesinde k\u00fct\u00fcphane olu\u015fturan \u00d6ren \u0130lk\u00f6\u011fretim Okulu kitap eksikli\u011fini kampanya d\u00fczenleyerek gidermeye \u00e7al\u0131\u015f\u0131yor. \u00d6ren \u0130lk\u00f6\u011fretim Okulu M\u00fcd\u00fcr\u00fc A\u015fk\u0131n Atmaca &#8220;\u0130l\u00e7e Milli E\u011fitim M\u00fcd\u00fcrl\u00fc\u011f\u00fc okulumuza Okul Geli\u015fim Program\u0131 kapsam\u0131nda \u00e7ok ciddi yat\u0131r\u0131mlar [&hellip;]<\/p>\n","protected":false},"author":1,"featured_media":0,"comment_status":"open","ping_status":"open","sticky":false,"template":"","format":"standard","meta":{"footnotes":""},"categories":[],"tags":[845],"class_list":["post-1051","post","type-post","status-publish","format-standard","hentry","tag-okul-kutuphaneleri"],"_links":{"self":[{"href":"https:\/\/www.bbyhaber.com\/bby\/wp-json\/wp\/v2\/posts\/1051"}],"collection":[{"href":"https:\/\/www.bbyhaber.com\/bby\/wp-json\/wp\/v2\/posts"}],"about":[{"href":"https:\/\/www.bbyhaber.com\/bby\/wp-json\/wp\/v2\/types\/post"}],"author":[{"embeddable":true,"href":"https:\/\/www.bbyhaber.com\/bby\/wp-json\/wp\/v2\/users\/1"}],"replies":[{"embeddable":true,"href":"https:\/\/www.bbyhaber.com\/bby\/wp-json\/wp\/v2\/comments?post=1051"}],"version-history":[{"count":0,"href":"https:\/\/www.bbyhaber.com\/bby\/wp-json\/wp\/v2\/posts\/1051\/revisions"}],"wp:attachment":[{"href":"https:\/\/www.bbyhaber.com\/bby\/wp-json\/wp\/v2\/media?parent=1051"}],"wp:term":[{"taxonomy":"category","embeddable":true,"href":"https:\/\/www.bbyhaber.com\/bby\/wp-json\/wp\/v2\/categories?post=1051"},{"taxonomy":"post_tag","embeddable":true,"href":"https:\/\/www.bbyhaber.com\/bby\/wp-json\/wp\/v2\/tags?post=1051"}],"curies":[{"name":"wp","href":"https:\/\/api.w.org\/{rel}","templated":true}]}}