{"id":10508,"date":"2013-04-01T18:25:44","date_gmt":"2013-04-01T15:25:44","guid":{"rendered":"http:\/\/www.bbyhaber.com\/bby\/?p=10508"},"modified":"2013-04-01T18:25:44","modified_gmt":"2013-04-01T15:25:44","slug":"balkan-kutuphaneler-birligi-3-yillik-toplantisi-gerceklestirildi","status":"publish","type":"post","link":"https:\/\/www.bbyhaber.com\/bby\/2013\/04\/01\/balkan-kutuphaneler-birligi-3-yillik-toplantisi-gerceklestirildi","title":{"rendered":"Balkan K\u00fct\u00fcphaneler Birli\u011fi 3. y\u0131ll\u0131k toplant\u0131s\u0131 ger\u00e7ekle\u015ftirildi"},"content":{"rendered":"<p style=\"text-align: justify;\"><img loading=\"lazy\" decoding=\"async\" class=\"alignleft\" src=\"http:\/\/kutuphane.trakya.edu.tr\/temps\/dbalkan.png\" alt=\"\" width=\"86\" height=\"86\" \/>Trakya \u00dcniversitesi \u00f6nc\u00fcl\u00fc\u011f\u00fcnde 2009 y\u0131l\u0131nda kurulan Balkan K\u00fct\u00fcphaneler Birli\u011fi (Balkan Libraries Union) 3. y\u0131ll\u0131k toplant\u0131s\u0131 27-28 Mart tarihlerinde K\u0131rklareli \u00dcniversitesi ev sahipli\u011finde ger\u00e7ekle\u015ftirilmi\u015ftir. Birlik, Balkanlarda faaliyette bulunan devlet, halk, \u00fcniversite, arast\u0131rma ve \u00f6zel k\u00fct\u00fcphaneler aras\u0131ndaki ileti\u015fim, i\u015fbirli\u011finin art\u0131r\u0131lmas\u0131 ve Balkanlardaki k\u00fclt\u00fcrel miras\u0131n korunmas\u0131 ile Balkan \u00fclkeleri k\u00fct\u00fcphanelerindeki koleksiyonlar\u0131n<!--more--> payla\u015f\u0131m\u0131 do\u011frultusunda kaynaklara ortak eri\u015fimin sa\u011flanmas\u0131 ve bilgi ve belge y\u00f6netimini ve ar\u015fivler ile ilgili alanlardaki faaliyetlerde kalitenin y\u00fckseltilmesi i\u00e7in \u00e7aba g\u00f6sterir.<\/p>\n<p style=\"text-align: justify;\">A\u00e7\u0131l\u0131\u015f konu\u015fmas\u0131n\u0131 Balkan K\u00fct\u00fcphaneler Birli\u011fi Ba\u015fkan\u0131 Recep ZOGO&#8217;nun yapt\u0131\u011f\u0131 toplant\u0131ya, T\u00fcrkiye, Bulgaristan, Romanya, Bosna Hersek, Arnavutluk, Makedonya S\u0131rbistan ve Kosova\u2019dan 42 kurumdan toplam 74 ki\u015fi kat\u0131lm\u0131\u015ft\u0131r.<\/p>\n<p style=\"text-align: justify;\">Toplant\u0131da;<\/p>\n<p style=\"text-align: justify;\">\u2022\u00a0\u00a0 Balkan A\u00e7\u0131k Eri\u015fim Veritaban\u0131 olu\u015fturulmas\u0131,<\/p>\n<p style=\"text-align: justify;\">\u2022\u00a0\u00a0 Balkan k\u00fct\u00fcphaneleri aras\u0131nda \u00f6d\u00fcn\u00e7 materyal de\u011fi\u015fimi sisteminin kurulmas\u0131,<\/p>\n<p style=\"text-align: justify;\">\u2022\u00a0 Balkan K\u00fct\u00fcphaneler Birli\u011fi ad\u0131yla elektronik ortamda yay\u0131nlanacak mesleki bir e-dergi\u00a0 \u00e7\u0131kar\u0131lmas\u0131,<\/p>\n<p style=\"text-align: justify;\">\u2022\u00a0\u00a0 Ar\u015fivler alan\u0131nda yap\u0131lacak i\u015fbirlikleri,<\/p>\n<p style=\"text-align: justify;\">\u2022\u00a0 Birlik \u00fcyeleri olarak yap\u0131lacak ortak projeler, AB fonlar\u0131 ile Erasmus ve Leonardo Da Vinci programlar\u0131ndan faydalan\u0131lmas\u0131,<\/p>\n<p style=\"text-align: justify;\">\u2022\u00a0 Kar\u015f\u0131l\u0131kl\u0131 mesleki elemanlar\u0131n de\u011fi\u015fimi,<\/p>\n<p style=\"text-align: justify;\">\u2022 Birlik \u00fcyeleri aras\u0131nda ortak konferans, sempozyum, panel d\u00fczenlemesi ve kar\u015f\u0131l\u0131kl\u0131 k\u00fclt\u00fcrel etkinlik yap\u0131lmas\u0131,<\/p>\n<p style=\"text-align: justify;\">\u2022 <strong>Birli\u011fin 4. Toplant\u0131s\u0131n\u0131n Bosna Hersek\u2019te (Tuzla) yap\u0131lmas\u0131 kararla\u015ft\u0131r\u0131lm\u0131\u015ft\u0131r.<\/strong><\/p>\n<p style=\"text-align: justify;\">\u00a0Toplant\u0131 sonunda yeni y\u00f6netim kurulu se\u00e7imi yap\u0131lm\u0131\u015f, <strong>Birli\u011fin Ba\u015fkanl\u0131\u011f\u0131na 2 y\u0131l s\u00fcreyle Trakya \u00dcniversitesi K\u00fct\u00fcphane ve Dok\u00fcmantasyon Daire Ba\u015fkanl\u0131\u011f\u0131 oybirli\u011fi ile se\u00e7ilmi\u015ftir.<\/strong><\/p>\n","protected":false},"excerpt":{"rendered":"<p>Trakya \u00dcniversitesi \u00f6nc\u00fcl\u00fc\u011f\u00fcnde 2009 y\u0131l\u0131nda kurulan Balkan K\u00fct\u00fcphaneler Birli\u011fi (Balkan Libraries Union) 3. y\u0131ll\u0131k toplant\u0131s\u0131 27-28 Mart tarihlerinde K\u0131rklareli \u00dcniversitesi ev sahipli\u011finde ger\u00e7ekle\u015ftirilmi\u015ftir. Birlik, Balkanlarda faaliyette bulunan devlet, halk, \u00fcniversite, arast\u0131rma ve \u00f6zel k\u00fct\u00fcphaneler aras\u0131ndaki ileti\u015fim, i\u015fbirli\u011finin art\u0131r\u0131lmas\u0131 ve Balkanlardaki k\u00fclt\u00fcrel miras\u0131n korunmas\u0131 ile Balkan \u00fclkeleri k\u00fct\u00fcphanelerindeki koleksiyonlar\u0131n<\/p>\n","protected":false},"author":1,"featured_media":0,"comment_status":"open","ping_status":"open","sticky":false,"template":"","format":"standard","meta":{"footnotes":""},"categories":[1],"tags":[],"class_list":["post-10508","post","type-post","status-publish","format-standard","hentry","category-genel"],"_links":{"self":[{"href":"https:\/\/www.bbyhaber.com\/bby\/wp-json\/wp\/v2\/posts\/10508"}],"collection":[{"href":"https:\/\/www.bbyhaber.com\/bby\/wp-json\/wp\/v2\/posts"}],"about":[{"href":"https:\/\/www.bbyhaber.com\/bby\/wp-json\/wp\/v2\/types\/post"}],"author":[{"embeddable":true,"href":"https:\/\/www.bbyhaber.com\/bby\/wp-json\/wp\/v2\/users\/1"}],"replies":[{"embeddable":true,"href":"https:\/\/www.bbyhaber.com\/bby\/wp-json\/wp\/v2\/comments?post=10508"}],"version-history":[{"count":0,"href":"https:\/\/www.bbyhaber.com\/bby\/wp-json\/wp\/v2\/posts\/10508\/revisions"}],"wp:attachment":[{"href":"https:\/\/www.bbyhaber.com\/bby\/wp-json\/wp\/v2\/media?parent=10508"}],"wp:term":[{"taxonomy":"category","embeddable":true,"href":"https:\/\/www.bbyhaber.com\/bby\/wp-json\/wp\/v2\/categories?post=10508"},{"taxonomy":"post_tag","embeddable":true,"href":"https:\/\/www.bbyhaber.com\/bby\/wp-json\/wp\/v2\/tags?post=10508"}],"curies":[{"name":"wp","href":"https:\/\/api.w.org\/{rel}","templated":true}]}}