{"id":10495,"date":"2013-04-01T10:13:40","date_gmt":"2013-04-01T07:13:40","guid":{"rendered":"http:\/\/www.bbyhaber.com\/bby\/?p=10495"},"modified":"2014-02-20T13:53:23","modified_gmt":"2014-02-20T11:53:23","slug":"2013-toplu-sozlesme-gorusmelerinde-kutuphaneciler-ne-istiyor","status":"publish","type":"post","link":"https:\/\/www.bbyhaber.com\/bby\/2013\/04\/01\/2013-toplu-sozlesme-gorusmelerinde-kutuphaneciler-ne-istiyor","title":{"rendered":"2013 Toplu S\u00f6zle\u015fme G\u00f6r\u00fc\u015fmelerinde K\u00fct\u00fcphaneciler Ne \u0130stiyor"},"content":{"rendered":"<p style=\"text-align: justify;\"><img loading=\"lazy\" decoding=\"async\" class=\"alignleft\" src=\"http:\/\/www.bbyhaber.com\/bby\/wp-content\/uploads\/2013\/09\/bbyozluk.jpg\" alt=\"\" width=\"200\" height=\"100\" \/>T\u00fcm meslekta\u015flar\u0131m\u0131z\u0131n Sendika isimlerini en ba\u015fa yazarak a\u015fa\u011f\u0131daki dilek\u00e7e metnini sendikalar\u0131na g\u00f6ndermeleri rica olunur:<\/p>\n<p style=\"text-align: justify;\">2014-2015 toplu s\u00f6zle\u015fme g\u00f6r\u00fc\u015fmelerinde a\u015fa\u011f\u0131daki taleplerimizin g\u00f6r\u00fc\u015f\u00fclmesini talep ediyorum.<\/p>\n<p style=\"text-align: justify;\">Ad Soyad<br \/>\n\u00dcnvan<!--more--><\/p>\n<p style=\"text-align: justify;\"><strong>1-<\/strong> Yan \u00d6deme Kararnamesinin (Devlet Memurlar\u0131na \u00d6denecek Zam ve Tanzimatlara \u0130li\u015fkin Kararname) eki I.say\u0131l\u0131 cetvelin B-Teknik Hizmetler B\u00f6l\u00fcm\u00fcn\u00fcn 3.s\u0131ras\u0131nda yer alan unvanlar aras\u0131na s\u0131ras\u0131yla K\u00fct\u00fcphaneci, Ar\u015fivci, Kitap Patalo\u011fu, Folklor Ara\u015ft\u0131rmac\u0131s\u0131 ve Sosyolog ifadelerinin yer almas\u0131.<\/p>\n<p style=\"text-align: justify;\"><strong>2-<\/strong> I.say\u0131l\u0131 cetvelde H-Kurumsal b\u00f6l\u00fcm ba\u015fl\u0131kl\u0131 metinlerin t\u00fcm\u00fcn\u00fc kapsayacak \u015fekilde: K\u00fct\u00fcphaneci, Ar\u015fivci, Kitap Patalo\u011fu, Folklor Ara\u015ft\u0131rmac\u0131s\u0131 ve Sosyolog \u00e7al\u0131\u015ft\u0131ran t\u00fcm kurumlarda \u00f6demek \u00fczere 775 puan g\u00fc\u00e7l\u00fck zamm\u0131.<\/p>\n<p style=\"text-align: justify;\"><strong>3-<\/strong> II.say\u0131l\u0131 cetvelin E-Teknik Hizmetler B\u00f6l\u00fcm\u00fcn\u00fcn 1.maddesinin C bendine s\u0131ras\u0131ylaK\u00fct\u00fcphaneci, Ar\u015fivci, Kitap Patalo\u011fu, Folklor Ara\u015ft\u0131rmac\u0131s\u0131 ve Sosyolog unvanlar\u0131n\u0131n yaz\u0131lmas\u0131 (\u00d6zel Hizmet Tazminatlar\u0131n\u0131n t\u0131pk\u0131 Arkeologlar gibi %122 olarak d\u00fczenlenmesi).<\/p>\n<p style=\"text-align: justify;\"><strong>4-<\/strong> II.say\u0131l\u0131 cetvelin E-Teknik Hizmetler B\u00f6l\u00fcm\u00fcn\u00fcn 6.maddesinde yer alan \u201cyol gibi a\u00e7\u0131k \u00e7al\u0131\u015fma mahallerinde\u201d ifadesinden sonra gelecek \u015fekilde ara\u015ft\u0131rma ve inceleme \u201cGezici K\u00fct\u00fcphane Hizmetleri\u201d ifadesinin yerle\u015ftirilmesi.<\/p>\n<p style=\"text-align: justify;\"><strong>5-<\/strong> K\u00fct\u00fcphaneci, Folklor Ara\u015ft\u0131rmac\u0131s\u0131, Ar\u015fivci, Kitap Patalo\u011fu, sosyolog \u00fcnvanlar\u0131na 1 derece verilir.<\/p>\n<p style=\"text-align: justify;\"><strong>6-<\/strong> K\u00fct\u00fcphanelerde \u00fczerinde zimmet olan (basma ve 14 yazma eserler ile g\u00f6rsel i\u015fitsel materyaller) k\u00fct\u00fcphaneci ve di\u011fer personele 400 puan mali sorumluluk zamm\u0131 \u00f6denir.<\/p>\n<p style=\"text-align: justify;\"><strong>7-<\/strong> G\u0130H S\u0131n\u0131f\u0131nda bulunan K\u00fct\u00fcphanecilik, Dok\u00fcmantasyon ve Enformasyon, Ar\u015fivcilik, Bilgi ve Belge Y\u00f6netimi mezunlar\u0131n\u0131n \u00f6zel hizmet tazminat oranlar\u0131 e\u011fitim durumlar\u0131na g\u00f6re d\u00fczenlenir.<\/p>\n<p style=\"text-align: justify;\"><strong>8-<\/strong>Kamuda \u00e7al\u0131\u015fan k\u00fct\u00fcphanecilerin \u00f6zl\u00fck haklar\u0131 konusundaki temel sorunu, g\u00f6revde y\u00fckselme s\u0131nav\u0131nda \u00f6nceliklerinin olmamas\u0131, k\u00fct\u00fcphane y\u00f6neticilerinin di\u011fer b\u00f6l\u00fcm mezunlar\u0131ndan olmas\u0131, 657 ve 2547&#8242; de g\u00f6revde y\u00fckselme y\u00f6netmeliklerinde k\u00fct\u00fcphane i\u00e7in yap\u0131lacak terfilere &#8221; tercihen K\u00fct\u00fcphanecilik e\u011fitimi alm\u0131\u015f olan,yada \u00f6ncelikle k\u00fct\u00fcphanecilik e\u011fitimi alm\u0131\u015f olan&#8221; ibareleri eklenirse sorun bir nebzede olsa \u00e7\u00f6z\u00fcl\u00fcr. Bu sorun K\u00fclt\u00fcr ve Turizm Bakanl\u0131\u011f\u0131nda y\u00f6netmenlikle \u00e7\u00f6z\u00fcld\u00fc \u00dcniversite k\u00fct\u00fcphanelerinde de \u00e7\u00f6z\u00fclmesini talep ediyorum.<\/p>\n<p style=\"text-align: justify;\"><span style=\"color: #ff0000;\"><strong>EK:<\/strong><\/span> <span style=\"color: #0000ff;\"><a href=\"http:\/\/www.bbyhaber.com\/bby\/wp-content\/uploads\/dosyalar\/ths\/yan-odeme-kararnamesi.pdf\" target=\"_blank\"><span style=\"color: #0000ff;\">Yan \u00d6deme Kararnamesi \u0130ND\u0130R<\/span><\/a><\/span><\/p>\n<p><strong>\u015eu <span style=\"color: #0000ff;\"><a href=\"http:\/\/kultursanatsen.org.tr\/form\/view.php?id=12899\" target=\"_blank\"><span style=\"color: #0000ff;\">adrese girip<\/span><\/a><\/span> yukar\u0131daki toplu s\u00f6zle\u015fme taleplerini K\u00fclt\u00fcr Sanat-SEN\u2019e ula\u015ft\u0131rabilirsiniz.<\/strong><\/p>\n<p>&nbsp;<\/p>\n","protected":false},"excerpt":{"rendered":"<p>T\u00fcm meslekta\u015flar\u0131m\u0131z\u0131n Sendika isimlerini en ba\u015fa yazarak a\u015fa\u011f\u0131daki dilek\u00e7e metnini sendikalar\u0131na g\u00f6ndermeleri rica olunur: 2014-2015 toplu s\u00f6zle\u015fme g\u00f6r\u00fc\u015fmelerinde a\u015fa\u011f\u0131daki taleplerimizin g\u00f6r\u00fc\u015f\u00fclmesini talep ediyorum. Ad Soyad \u00dcnvan<\/p>\n","protected":false},"author":1,"featured_media":0,"comment_status":"open","ping_status":"open","sticky":false,"template":"","format":"standard","meta":{"footnotes":""},"categories":[1505],"tags":[1398,51,311],"class_list":["post-10495","post","type-post","status-publish","format-standard","hentry","category-teknik-kadro","tag-bby-ozluk-haklari","tag-teknik-kadro-kutuphaneci","tag-teknik-kadro-toplu-sozlesme"],"_links":{"self":[{"href":"https:\/\/www.bbyhaber.com\/bby\/wp-json\/wp\/v2\/posts\/10495"}],"collection":[{"href":"https:\/\/www.bbyhaber.com\/bby\/wp-json\/wp\/v2\/posts"}],"about":[{"href":"https:\/\/www.bbyhaber.com\/bby\/wp-json\/wp\/v2\/types\/post"}],"author":[{"embeddable":true,"href":"https:\/\/www.bbyhaber.com\/bby\/wp-json\/wp\/v2\/users\/1"}],"replies":[{"embeddable":true,"href":"https:\/\/www.bbyhaber.com\/bby\/wp-json\/wp\/v2\/comments?post=10495"}],"version-history":[{"count":0,"href":"https:\/\/www.bbyhaber.com\/bby\/wp-json\/wp\/v2\/posts\/10495\/revisions"}],"wp:attachment":[{"href":"https:\/\/www.bbyhaber.com\/bby\/wp-json\/wp\/v2\/media?parent=10495"}],"wp:term":[{"taxonomy":"category","embeddable":true,"href":"https:\/\/www.bbyhaber.com\/bby\/wp-json\/wp\/v2\/categories?post=10495"},{"taxonomy":"post_tag","embeddable":true,"href":"https:\/\/www.bbyhaber.com\/bby\/wp-json\/wp\/v2\/tags?post=10495"}],"curies":[{"name":"wp","href":"https:\/\/api.w.org\/{rel}","templated":true}]}}