{"id":10485,"date":"2013-03-31T11:51:06","date_gmt":"2013-03-31T08:51:06","guid":{"rendered":"http:\/\/www.bbyhaber.com\/bby\/?p=10485"},"modified":"2016-03-23T15:25:27","modified_gmt":"2016-03-23T13:25:27","slug":"prof-dr-bulent-yilmaz-recep-tayyip-erdogan-universitesinde-konferans-verdi","status":"publish","type":"post","link":"https:\/\/www.bbyhaber.com\/bby\/2013\/03\/31\/prof-dr-bulent-yilmaz-recep-tayyip-erdogan-universitesinde-konferans-verdi","title":{"rendered":"Prof. Dr. B\u00fclent Y\u0131lmaz Recep Tayyip Erdo\u011fan \u00dcniversitesi&#8217;nde Konferans verdi"},"content":{"rendered":"<p style=\"text-align: justify;\">Hacettepe \u00dcniversitesi Edebiyat Fak\u00fcltesi Bilgi ve Belge Y\u00f6netimi B\u00f6l\u00fcm\u00fc \u00d6\u011fretim \u00dcyesi ve K\u00fct\u00fcphanecilik alan\u0131nda ilk akla gelenlerden Prof. Dr. B\u00fclent Y\u0131lmaz, Recep Tayyip Erdo\u011fan \u00dcniversitesi\u2019nde \u201cBilgi Toplumu ve K\u00fct\u00fcphaneler\u201d konulu konferans verdi. 49.K\u00fct\u00fcphane Haftas\u0131 etkinlikleri kapsam\u0131nda ger\u00e7ekle\u015ftirilen konferansa Rize Valisi Nurullah \u00c7ak\u0131r, Recep Tayyip Erdo\u011fan \u00dcniversitesi Rekt\u00f6r\u00fc Prof. Dr. Arif Y\u0131lmaz, T\u00fcrk K\u00fct\u00fcphaneciler Derne\u011fi Rize \u015eube Ba\u015fkan\u0131 ve \u00dcniversitenin Genel Sekreteri Ali R\u0131za K\u00f6ro\u011flu, RTE \u00dcniversitesi Daire Ba\u015fkanlar\u0131, kurum idareciler ve \u00f6\u011frenciler kat\u0131ld\u0131.<!--more--><\/p>\n<p style=\"text-align: justify;\">Prof. Dr. B\u00fclent Y\u0131lmaz konferans\u0131nda k\u00fct\u00fcphanelerin bilgi toplumundaki rol\u00fcne ve \u00f6nemine de\u011findi. Bilgi toplumunun insanl\u0131\u011f\u0131n yeni bir a\u015famas\u0131 oldu\u011funu ve hem \u00fclke hem de tek tek ki\u015filer olarak bu \u00f6nemli de\u011fi\u015fim s\u00fcrecine uyum sa\u011flamak zorunda oldu\u011fumuzu belirten Y\u0131lmaz, bilginin \u00e7ok b\u00fcy\u00fck h\u0131zla artt\u0131\u011f\u0131n\u0131 ve do\u011fru bilgiye eri\u015fmenin g\u00fcn\u00fcm\u00fczde daha zor hale geldi\u011fini dile getirdi.<\/p>\n<p style=\"text-align: justify;\">\u0130nternetin do\u011fru kullan\u0131lmas\u0131n\u0131 ve k\u00fct\u00fcphanelere s\u0131kl\u0131kla gidilmesini gerekti\u011fini s\u00f6yleyen Prof. Dr. B\u00fclent Y\u0131lmaz, yeni bilgi teknolojilerini kullanamayanlar\u0131n bir s\u00fcre sonra toplumsal hayat\u0131n d\u0131\u015f\u0131nda kalaca\u011f\u0131n\u0131, k\u00fct\u00fcphanelerin kullan\u0131c\u0131lar\u0131n\u0131 bilgi toplumuna haz\u0131rlayan kurumlar oldu\u011funu vurgulad\u0131. Y\u0131lmaz, g\u00fcn\u00fcm\u00fczde sadece okuryazar olman\u0131n yetmeyece\u011fini, bilgi okuryazar olunmas\u0131 gerekti\u011fini s\u00f6yledi.<\/p>\n<div style=\"text-align: justify;\">K\u00fct\u00fcphane kullanan toplumlar\u0131n daha geli\u015fmi\u015f ve sa\u011fl\u0131kl\u0131 olaca\u011f\u0131n\u0131, okuma al\u0131\u015fkanl\u0131\u011f\u0131n\u0131n da \u00e7ok \u00f6nemli oldu\u011funu ve ayda en az iki kitap okumam\u0131z gerekti\u011fine vurgu yapt\u0131. \u0130lgiyle izlenen konferans sonunda Rize Valisi Nurullah \u00c7ak\u0131r, Prof. Dr. Y\u0131lmaz\u2019a sunumlar\u0131ndan dolay\u0131 te\u015fekk\u00fcr etti ve Elektronik Belge Y\u00f6netim Sistemi uygulamalar\u0131 ile ilgili yap\u0131lacak \u00e7al\u0131\u015fmalarda hocam\u0131z\u0131 tekrardan Rizemizde g\u00f6rmek istiyoruz dedi. Rize Valisi Nurullah \u00c7ak\u0131r, 49.K\u00fct\u00fcphane Haftas\u0131n\u0131n Rize\u2019de sempozyum havas\u0131nda, \u015f\u00f6len \u015feklinde, dolu dolu ge\u00e7ti\u011fine vurgu yaparak, bunda eme\u011fi olan ba\u015fta \u00dcniversitemizin Rekt\u00f6r\u00fc Prof. Dr. Arif Y\u0131lmaz\u2019da, K\u00fct\u00fcphane Dernek Ba\u015fkan\u0131 ve \u00dcniversite Genel Sekreteri Ali R\u0131za K\u00f6ro\u011flu\u2019na, t\u00fcm hocalar\u0131m\u0131za, k\u00fct\u00fcphanecilerimize ve katk\u0131s\u0131 olan herkese te\u015fekk\u00fcr ediyorum dedi.Konferans Rize Valisi Nurullah \u00c7ak\u0131r ve Recep Tayyip Erdo\u011fan \u00dcniversitesi Genel Sekreteri Ali R\u0131za K\u00f6ro\u011flu\u2019nun, Prof. Dr. B\u00fclent Y\u0131lmaz\u2019a plaket, te\u015fekk\u00fcr belgesi ve \u00e7e\u015fitli hediye vermeleri ile sona erdi.<\/div>\n<div style=\"text-align: justify;\">Kaynak: http:\/\/www.rizeninsesi.net\/<\/div>\n","protected":false},"excerpt":{"rendered":"<p>Hacettepe \u00dcniversitesi Edebiyat Fak\u00fcltesi Bilgi ve Belge Y\u00f6netimi B\u00f6l\u00fcm\u00fc \u00d6\u011fretim \u00dcyesi ve K\u00fct\u00fcphanecilik alan\u0131nda ilk akla gelenlerden Prof. Dr. B\u00fclent Y\u0131lmaz, Recep Tayyip Erdo\u011fan \u00dcniversitesi\u2019nde \u201cBilgi Toplumu ve K\u00fct\u00fcphaneler\u201d konulu konferans verdi. 49.K\u00fct\u00fcphane Haftas\u0131 etkinlikleri kapsam\u0131nda ger\u00e7ekle\u015ftirilen konferansa Rize Valisi Nurullah \u00c7ak\u0131r, Recep Tayyip Erdo\u011fan \u00dcniversitesi Rekt\u00f6r\u00fc Prof. Dr. Arif Y\u0131lmaz, T\u00fcrk K\u00fct\u00fcphaneciler Derne\u011fi Rize [&hellip;]<\/p>\n","protected":false},"author":1,"featured_media":0,"comment_status":"open","ping_status":"open","sticky":false,"template":"","format":"standard","meta":{"footnotes":""},"categories":[1470,1502],"tags":[1461],"class_list":["post-10485","post","type-post","status-publish","format-standard","hentry","category-49-kutuphane-haftasi","category-prof-dr-bulent-yilmaz","tag-kutuphane-haftasi"],"_links":{"self":[{"href":"https:\/\/www.bbyhaber.com\/bby\/wp-json\/wp\/v2\/posts\/10485"}],"collection":[{"href":"https:\/\/www.bbyhaber.com\/bby\/wp-json\/wp\/v2\/posts"}],"about":[{"href":"https:\/\/www.bbyhaber.com\/bby\/wp-json\/wp\/v2\/types\/post"}],"author":[{"embeddable":true,"href":"https:\/\/www.bbyhaber.com\/bby\/wp-json\/wp\/v2\/users\/1"}],"replies":[{"embeddable":true,"href":"https:\/\/www.bbyhaber.com\/bby\/wp-json\/wp\/v2\/comments?post=10485"}],"version-history":[{"count":0,"href":"https:\/\/www.bbyhaber.com\/bby\/wp-json\/wp\/v2\/posts\/10485\/revisions"}],"wp:attachment":[{"href":"https:\/\/www.bbyhaber.com\/bby\/wp-json\/wp\/v2\/media?parent=10485"}],"wp:term":[{"taxonomy":"category","embeddable":true,"href":"https:\/\/www.bbyhaber.com\/bby\/wp-json\/wp\/v2\/categories?post=10485"},{"taxonomy":"post_tag","embeddable":true,"href":"https:\/\/www.bbyhaber.com\/bby\/wp-json\/wp\/v2\/tags?post=10485"}],"curies":[{"name":"wp","href":"https:\/\/api.w.org\/{rel}","templated":true}]}}