{"id":10482,"date":"2013-03-31T11:43:53","date_gmt":"2013-03-31T08:43:53","guid":{"rendered":"http:\/\/www.bbyhaber.com\/bby\/?p=10482"},"modified":"2013-03-31T11:44:09","modified_gmt":"2013-03-31T08:44:09","slug":"baskandan-odasina-panoramik-kutuphane-istanbul","status":"publish","type":"post","link":"https:\/\/www.bbyhaber.com\/bby\/2013\/03\/31\/baskandan-odasina-panoramik-kutuphane-istanbul","title":{"rendered":"Ba\u015fkan&#8217;dan odas\u0131na panoramik k\u00fct\u00fcphane-\u0130stanbul"},"content":{"rendered":"<p style=\"text-align: justify;\">\u00a0Maltepe Belediye Ba\u015fkan\u0131 Prof. Dr. Mustafa Zengin, kitapseverlere b\u00fcy\u00fck bir jest yapt\u0131. T\u00fcrkan Saylan K\u00fclt\u00fcr Merkezi&#8217;nin 6. kat\u0131nda kendisine makam odas\u0131 olarak ayr\u0131lan ada ve deniz manzaral\u0131 alan\u0131 kabul etmeyen Zengin, oday\u0131 panoramik k\u00fct\u00fcphane yapt\u0131rarak, kendisi k\u00fc\u00e7\u00fck bir odaya ge\u00e7ti. Rahmetli gazeteci Senih Tongsir&#8217;in isminin verildi\u011fi k\u00fct\u00fcphanenin a\u00e7\u0131l\u0131\u015f\u0131, co\u015fkulu bir t\u00f6renle ger\u00e7ekle\u015ftirildi. A\u00e7\u0131l\u0131\u015fa CHP Genel Ba\u015fkan Yard\u0131mc\u0131s\u0131 ve Parti S\u00f6zc\u00fcs\u00fc Haluk Ko\u00e7, Maltepe Belediye Ba\u015fkan\u0131 Prof. Dr. Mustafa Zengin, yorumcu O\u011fuz Tongsir ve \u00e7ok say\u0131da davetli kat\u0131ld\u0131. Kurdele kesiminin ard\u0131ndan davetliler, son teknoloji \u00fcr\u00fcnlerle donat\u0131lm\u0131\u015f k\u00fct\u00fcphaneyi gezdi.<!--more--><\/p>\n<p style=\"text-align: justify;\">&#8220;BURASI BANA YAKI\u015eMIYORDU&#8221;<\/p>\n<p style=\"text-align: justify;\">K\u00fct\u00fcphanenin yap\u0131l\u0131\u015f s\u00fcrecini bas\u0131n mensuplar\u0131 ile payla\u015fan Belediye Ba\u015fkan\u0131 Zengin, &#8220;Buras\u0131 T\u00fcrkan Saylan K\u00fclt\u00fcr Merkezi&#8217;nin a\u00e7\u0131l\u0131\u015f\u0131nda bo\u015f bir aland\u0131. Buray\u0131 makam odas\u0131 olarak planlam\u0131\u015ft\u0131k. Ben buran\u0131n b\u00fcy\u00fck oldu\u011funu, bana yak\u0131\u015fmad\u0131\u011f\u0131n\u0131, Maltepe Belediye Ba\u015fkanl\u0131\u011f\u0131&#8217;na de\u011fil, Mustafa Zengin olarak buran\u0131n bana b\u00fcy\u00fck geldi\u011fine, buran\u0131n de\u011fi\u015fmesi gerekti\u011fine inanm\u0131\u015ft\u0131m. Daha \u00f6nce Senih Tongsir i\u00e7in a\u015fa\u011f\u0131da a\u00e7t\u0131\u011f\u0131m\u0131z bir k\u00fct\u00fcphane vard\u0131. O k\u00fct\u00fcphanenin ta\u015f\u0131nmas\u0131n\u0131 sa\u011flamak \u00fczere burada bir tak\u0131m de\u011fi\u015fikler yapmam gerekti\u011fini biliyordum. Ben a\u015fa\u011f\u0131ya ta\u015f\u0131nd\u0131m ve buray\u0131 6 ayda gen\u00e7lere, ara\u015ft\u0131rma yapmak isteyen k\u00fct\u00fcphane severlere hizmet vermek \u00fczere a\u00e7t\u0131k&#8221; dedi.<\/p>\n<p style=\"text-align: justify;\">Okuyan bir toplum olmad\u0131\u011f\u0131m\u0131za dikkat \u00e7eken Zengin, &#8220;\u00c7al\u0131\u015fan, sorgulayan toplum de\u011filiz. Bunlar\u0131n daha \u00e7ok hayata ge\u00e7irilebilmesi, okuyan insanlar olabilmemiz ad\u0131na belki ada manzaral\u0131 bir yerde daha iyi okuruz d\u00fc\u015f\u00fcncesiyle onlar\u0131 \u00e7ekici k\u0131lmak ad\u0131na, cazibe merkezi haline getirmek ad\u0131na k\u00fct\u00fcphaneyi bu hale getirdik. Bu benim en b\u00fcy\u00fck dile\u011fimdi ve bunu ger\u00e7ekle\u015ftirdi\u011fim i\u00e7in \u00e7ok mutluyum&#8221; diye konu\u015ftu.<\/p>\n<p style=\"text-align: justify;\">Kaynak: http:\/\/www.iha.com.tr<\/p>\n","protected":false},"excerpt":{"rendered":"<p>\u00a0Maltepe Belediye Ba\u015fkan\u0131 Prof. Dr. Mustafa Zengin, kitapseverlere b\u00fcy\u00fck bir jest yapt\u0131. T\u00fcrkan Saylan K\u00fclt\u00fcr Merkezi&#8217;nin 6. kat\u0131nda kendisine makam odas\u0131 olarak ayr\u0131lan ada ve deniz manzaral\u0131 alan\u0131 kabul etmeyen Zengin, oday\u0131 panoramik k\u00fct\u00fcphane yapt\u0131rarak, kendisi k\u00fc\u00e7\u00fck bir odaya ge\u00e7ti. Rahmetli gazeteci Senih Tongsir&#8217;in isminin verildi\u011fi k\u00fct\u00fcphanenin a\u00e7\u0131l\u0131\u015f\u0131, co\u015fkulu bir t\u00f6renle ger\u00e7ekle\u015ftirildi. A\u00e7\u0131l\u0131\u015fa CHP Genel [&hellip;]<\/p>\n","protected":false},"author":1,"featured_media":0,"comment_status":"open","ping_status":"open","sticky":false,"template":"","format":"standard","meta":{"footnotes":""},"categories":[1],"tags":[],"class_list":["post-10482","post","type-post","status-publish","format-standard","hentry","category-genel"],"_links":{"self":[{"href":"https:\/\/www.bbyhaber.com\/bby\/wp-json\/wp\/v2\/posts\/10482"}],"collection":[{"href":"https:\/\/www.bbyhaber.com\/bby\/wp-json\/wp\/v2\/posts"}],"about":[{"href":"https:\/\/www.bbyhaber.com\/bby\/wp-json\/wp\/v2\/types\/post"}],"author":[{"embeddable":true,"href":"https:\/\/www.bbyhaber.com\/bby\/wp-json\/wp\/v2\/users\/1"}],"replies":[{"embeddable":true,"href":"https:\/\/www.bbyhaber.com\/bby\/wp-json\/wp\/v2\/comments?post=10482"}],"version-history":[{"count":0,"href":"https:\/\/www.bbyhaber.com\/bby\/wp-json\/wp\/v2\/posts\/10482\/revisions"}],"wp:attachment":[{"href":"https:\/\/www.bbyhaber.com\/bby\/wp-json\/wp\/v2\/media?parent=10482"}],"wp:term":[{"taxonomy":"category","embeddable":true,"href":"https:\/\/www.bbyhaber.com\/bby\/wp-json\/wp\/v2\/categories?post=10482"},{"taxonomy":"post_tag","embeddable":true,"href":"https:\/\/www.bbyhaber.com\/bby\/wp-json\/wp\/v2\/tags?post=10482"}],"curies":[{"name":"wp","href":"https:\/\/api.w.org\/{rel}","templated":true}]}}