{"id":1048,"date":"2011-02-23T15:45:32","date_gmt":"2011-02-23T15:45:32","guid":{"rendered":"http:\/\/www.bbyhaber.com\/bby\/?p=1048"},"modified":"2012-05-30T13:13:12","modified_gmt":"2012-05-30T13:13:12","slug":"gezici-kutuphane-ogrencileri-kitapla-bulusturdu","status":"publish","type":"post","link":"https:\/\/www.bbyhaber.com\/bby\/2011\/02\/23\/gezici-kutuphane-ogrencileri-kitapla-bulusturdu","title":{"rendered":"Gezici k\u00fct\u00fcphane \u00f6\u011frencileri kitapla bulu\u015fturdu"},"content":{"rendered":"<p style=\"text-align: justify;\" align=\"justify\">Kayseri Ticaret Odas\u0131 Avrupa Birli\u011fi Bilgi Merkezi&#8217;nin b\u00f6lgesel etkinlikleri kapsam\u0131nda hayata ge\u00e7irilen gezici k\u00fct\u00fcphane \u00e7ocuklar\u0131 kitaplarla bulu\u015fturmaya devam ediyor. Kayseri ve civar\u0131ndaki bir\u00e7ok okula u\u011frayan gezici k\u00fct\u00fcphane, en son \u0130ncesu Sarayc\u0131k \u0130lk\u00f6\u011fretim Okulu&#8217;nu ziyaret etti. Gezici k\u00fct\u00fcphaneye b\u00fcy\u00fck ilgi g\u00f6steren \u00f6\u011frenci ve \u00f6\u011fretmenler, ilgi duyduklar\u0131 kitaplardan ald\u0131.<!--more--><\/p>\n<p style=\"text-align: justify;\" align=\"justify\">Okulun hen\u00fcz bir k\u00fct\u00fcphanesi olmad\u0131\u011f\u0131n\u0131 belirten okul yetkilileri, AB Bilgi Merkezi&#8217;nin \u00f6\u011frencilere hediye etti\u011fi kitaplarla ve bu t\u00fcr etkinlikleriyle eksikliklerini giderdiklerini dile getirdi. Avrupa Birli\u011fi Bilgi Merkezi&#8217;nin Gezici K\u00fct\u00fcphanesi, y\u0131l boyu Kayseri merkez ve il\u00e7elerindeki okullar\u0131 ziyaret ederek kitap hediye etmeye devam edecek.<strong style=\"text-align: justify;\"><\/strong><\/p>\n<p style=\"text-align: justify;\" align=\"justify\">Kaynak: http:\/\/www.timeturk.com\/<\/p>\n","protected":false},"excerpt":{"rendered":"<p>Kayseri Ticaret Odas\u0131 Avrupa Birli\u011fi Bilgi Merkezi&#8217;nin b\u00f6lgesel etkinlikleri kapsam\u0131nda hayata ge\u00e7irilen gezici k\u00fct\u00fcphane \u00e7ocuklar\u0131 kitaplarla bulu\u015fturmaya devam ediyor. Kayseri ve civar\u0131ndaki bir\u00e7ok okula u\u011frayan gezici k\u00fct\u00fcphane, en son \u0130ncesu Sarayc\u0131k \u0130lk\u00f6\u011fretim Okulu&#8217;nu ziyaret etti. Gezici k\u00fct\u00fcphaneye b\u00fcy\u00fck ilgi g\u00f6steren \u00f6\u011frenci ve \u00f6\u011fretmenler, ilgi duyduklar\u0131 kitaplardan ald\u0131.<\/p>\n","protected":false},"author":1,"featured_media":0,"comment_status":"open","ping_status":"open","sticky":false,"template":"","format":"standard","meta":{"footnotes":""},"categories":[1486],"tags":[1440],"class_list":["post-1048","post","type-post","status-publish","format-standard","hentry","category-gezici-kutuphane","tag-gezici-kutuphaneler"],"_links":{"self":[{"href":"https:\/\/www.bbyhaber.com\/bby\/wp-json\/wp\/v2\/posts\/1048"}],"collection":[{"href":"https:\/\/www.bbyhaber.com\/bby\/wp-json\/wp\/v2\/posts"}],"about":[{"href":"https:\/\/www.bbyhaber.com\/bby\/wp-json\/wp\/v2\/types\/post"}],"author":[{"embeddable":true,"href":"https:\/\/www.bbyhaber.com\/bby\/wp-json\/wp\/v2\/users\/1"}],"replies":[{"embeddable":true,"href":"https:\/\/www.bbyhaber.com\/bby\/wp-json\/wp\/v2\/comments?post=1048"}],"version-history":[{"count":0,"href":"https:\/\/www.bbyhaber.com\/bby\/wp-json\/wp\/v2\/posts\/1048\/revisions"}],"wp:attachment":[{"href":"https:\/\/www.bbyhaber.com\/bby\/wp-json\/wp\/v2\/media?parent=1048"}],"wp:term":[{"taxonomy":"category","embeddable":true,"href":"https:\/\/www.bbyhaber.com\/bby\/wp-json\/wp\/v2\/categories?post=1048"},{"taxonomy":"post_tag","embeddable":true,"href":"https:\/\/www.bbyhaber.com\/bby\/wp-json\/wp\/v2\/tags?post=1048"}],"curies":[{"name":"wp","href":"https:\/\/api.w.org\/{rel}","templated":true}]}}