{"id":10476,"date":"2013-03-30T22:03:17","date_gmt":"2013-03-30T20:03:17","guid":{"rendered":"http:\/\/www.bbyhaber.com\/bby\/?p=10476"},"modified":"2013-03-30T22:03:17","modified_gmt":"2013-03-30T20:03:17","slug":"gosteris-icin-ogrencileri-derslerinden-ettiler-siirt","status":"publish","type":"post","link":"https:\/\/www.bbyhaber.com\/bby\/2013\/03\/30\/gosteris-icin-ogrencileri-derslerinden-ettiler-siirt","title":{"rendered":"G\u00f6steri\u015f i\u00e7in \u00d6\u011frencileri Derslerinden Ettiler-Siirt"},"content":{"rendered":"<p style=\"text-align: justify;\">Siirt Valili\u011fi taraf\u0131ndan ba\u015far\u0131l\u0131 bir \u015fekilde y\u00fcr\u00fct\u00fclen &#8220;7&#8217;den 70&#8217;e Siirt Okuyor&#8221; projesi bahane edilerek binlerce \u00f6\u011frencinin stada g\u00f6t\u00fcr\u00fcl\u00fcp derslerinden olmas\u0131 Siirt kamuoyunda tepkilere neden oldu. Siirt&#8217;te dersi olan \u00f6\u011frencilere &#8220;Elinize bir kitap al\u0131n ve do\u011fruca stada gelin!&#8221; talimat\u0131n\u0131n verilmesinin ard\u0131ndan binlerce \u00f6\u011frenci, okullara gidip ders i\u015fleyeceklerine istemeye istemeye stada g\u00f6nderildi. S\u0131n\u0131fta al\u0131nmas\u0131 gereken \u00f6\u011frenci yoklamalar\u0131n\u0131n da Siirt Atat\u00fcrk Stad\u0131&#8217;nda al\u0131nmas\u0131, olduk\u00e7a tuhaf kar\u015f\u0131land\u0131. <!--more--><\/p>\n<p style=\"text-align: justify;\">Konuyla ilgili tepkilerini g\u00f6steren baz\u0131 vatanda\u015flar, &#8220;Siirt Valili\u011fi taraf\u0131ndan y\u00fcr\u00fct\u00fclen &#8216;Siirt Okuyor&#8217; projesi ger\u00e7ekten g\u00fczel ve faydal\u0131 bir proje. Ama hangi proje veya \u00e7al\u0131\u015fma olursa olsun, fazla abart\u0131ld\u0131\u011f\u0131 zaman zarar g\u00f6r\u00fcr. S\u0131rf bir foto\u011fraf \u00e7ektirip, &#8216;bu kadar ki\u015fi ayn\u0131 anda kitap okudu&#8217; dedirtmek i\u00e7in \u00f6\u011frencilerin derslerinden olmas\u0131na kimsenin sebebiyet vermesine hakk\u0131 yok. Say\u0131n Valimiz Ahmet Ayd\u0131n&#8217;\u0131n konuyla ilgilenmesini bekliyoruz&#8221; dediler. Konuya farkl\u0131 bir a\u00e7\u0131dan bakan baz\u0131 vatanda\u015flar ise; &#8220;Bir\u00e7ok e\u011fitimci ve \u00f6\u011frencinin ma\u011fdur edildi\u011fi program i\u00e7in, bas\u0131nda &#8216;5 Bin Ki\u015fi Ayn\u0131 Anda Kitap Okudu&#8217; ba\u015fl\u0131\u011f\u0131yla haberler yap\u0131ld\u0131. Amac\u0131n\u0131za ula\u015ft\u0131n\u0131z m\u0131?&#8221; dediler. \u0130smini vermek istemeyen ve istemeye istemeye Siirt Atat\u00fcrk Stad\u0131&#8217;na g\u00f6nderilen e\u011fitimciler de duruma tepkili ancak seslerini \u00e7\u0131karam\u0131yor. Stada giden baz\u0131 e\u011fitimcilerin ise, saatlerce bekletilen \u00f6\u011frencileriyle beraber stad\u0131 terkettikleri \u00f6\u011frenilirken baz\u0131lar\u0131n\u0131n da bu t\u00fcr davran\u0131\u015flar\u0131 samimi bulmad\u0131klar\u0131ndan dolay\u0131 stada bile gitmedikleri \u00f6\u011frenildi. Duyarl\u0131l\u0131\u011f\u0131yla bilinen Siirt Valisi Ahmet Ayd\u0131n&#8217;\u0131n konuyla ilgilenerek, e\u011fitimci ve \u00f6\u011frencilerin ma\u011fdur edildi\u011fi ve Siirt Valili\u011fi&#8217;nin ad\u0131n\u0131n kullan\u0131ld\u0131\u011f\u0131 bu t\u00fcr programlar\u0131 d\u00fczenleyen kurumlara &#8216;Dur!&#8217; demesi bekleniyor.<\/p>\n<p>Kaynak: http:\/\/www.siirtmanset.com\/<\/p>\n","protected":false},"excerpt":{"rendered":"<p>Siirt Valili\u011fi taraf\u0131ndan ba\u015far\u0131l\u0131 bir \u015fekilde y\u00fcr\u00fct\u00fclen &#8220;7&#8217;den 70&#8217;e Siirt Okuyor&#8221; projesi bahane edilerek binlerce \u00f6\u011frencinin stada g\u00f6t\u00fcr\u00fcl\u00fcp derslerinden olmas\u0131 Siirt kamuoyunda tepkilere neden oldu. Siirt&#8217;te dersi olan \u00f6\u011frencilere &#8220;Elinize bir kitap al\u0131n ve do\u011fruca stada gelin!&#8221; talimat\u0131n\u0131n verilmesinin ard\u0131ndan binlerce \u00f6\u011frenci, okullara gidip ders i\u015fleyeceklerine istemeye istemeye stada g\u00f6nderildi. S\u0131n\u0131fta al\u0131nmas\u0131 gereken \u00f6\u011frenci yoklamalar\u0131n\u0131n [&hellip;]<\/p>\n","protected":false},"author":1,"featured_media":0,"comment_status":"open","ping_status":"open","sticky":false,"template":"","format":"standard","meta":{"footnotes":""},"categories":[1],"tags":[],"class_list":["post-10476","post","type-post","status-publish","format-standard","hentry","category-genel"],"_links":{"self":[{"href":"https:\/\/www.bbyhaber.com\/bby\/wp-json\/wp\/v2\/posts\/10476"}],"collection":[{"href":"https:\/\/www.bbyhaber.com\/bby\/wp-json\/wp\/v2\/posts"}],"about":[{"href":"https:\/\/www.bbyhaber.com\/bby\/wp-json\/wp\/v2\/types\/post"}],"author":[{"embeddable":true,"href":"https:\/\/www.bbyhaber.com\/bby\/wp-json\/wp\/v2\/users\/1"}],"replies":[{"embeddable":true,"href":"https:\/\/www.bbyhaber.com\/bby\/wp-json\/wp\/v2\/comments?post=10476"}],"version-history":[{"count":0,"href":"https:\/\/www.bbyhaber.com\/bby\/wp-json\/wp\/v2\/posts\/10476\/revisions"}],"wp:attachment":[{"href":"https:\/\/www.bbyhaber.com\/bby\/wp-json\/wp\/v2\/media?parent=10476"}],"wp:term":[{"taxonomy":"category","embeddable":true,"href":"https:\/\/www.bbyhaber.com\/bby\/wp-json\/wp\/v2\/categories?post=10476"},{"taxonomy":"post_tag","embeddable":true,"href":"https:\/\/www.bbyhaber.com\/bby\/wp-json\/wp\/v2\/tags?post=10476"}],"curies":[{"name":"wp","href":"https:\/\/api.w.org\/{rel}","templated":true}]}}