{"id":10460,"date":"2013-03-29T19:55:40","date_gmt":"2013-03-29T17:55:40","guid":{"rendered":"http:\/\/www.bbyhaber.com\/bby\/?p=10460"},"modified":"2016-03-23T15:25:45","modified_gmt":"2016-03-23T13:25:45","slug":"izmir-ali-fuat-kartal-ve-esin-sultan-oguzu-konuk-etti","status":"publish","type":"post","link":"https:\/\/www.bbyhaber.com\/bby\/2013\/03\/29\/izmir-ali-fuat-kartal-ve-esin-sultan-oguzu-konuk-etti","title":{"rendered":"\u0130zmir, Ali Fuat KARTAL ve Esin Sultan O\u011eUZ&#8217;u konuk etti"},"content":{"rendered":"<p style=\"text-align: justify;\">T\u00fcrk K\u00fct\u00fcphaneciler Derne\u011fi (TKD) \u0130zmir \u015eubesi\u2019nin d\u00fczenledi\u011fi 49.K\u00fct\u00fcphane Haftas\u0131\u2019n\u0131n bug\u00fcnk\u00fc etkinli\u011fi Dokuz Eyl\u00fcl \u00dcniversitesi Merkez K\u00fct\u00fcphanesi\u2019nde yap\u0131ld\u0131. Etkinli\u011fe, \u0130zmir\u2019deki meslekta\u015flar\u0131m\u0131zla birlikte TKD Genel Ba\u015fkan\u0131 Ali Fuat KARTAL ve Y\u0131ld\u0131r\u0131m Beyaz\u0131t \u00dcniversitesi Bilgi ve Belge Y\u00f6netimi \u00d6\u011fretim \u00dcyesi Yrd.Do\u00e7.Dr. Esin Sultan O\u011eUZ konuk olarak kat\u0131ld\u0131. Yrd.Do\u00e7.Dr. Esin Sultan O\u011eUZ \u201cToplumsal Diyalog ve \u0130\u015fbirli\u011fi i\u00e7in Yenilik\u00e7i K\u00fct\u00fcphaneler\u201d adl\u0131 sunum yapm\u0131\u015f ve Ali Fuat KARTAL ile s\u00f6yle\u015fi yap\u0131larak etkinlik <!--more-->devam etmi\u015ftir. Ali Fuat KARTAL etkinli\u011fe kat\u0131lanlara, Milli K\u00fct\u00fcphane\u2019deki g\u00f6revden al\u0131nmalardan, g\u00f6reve gelenlerin meslekten olmamalar\u0131ndan, \u00f6zl\u00fck haklar\u0131ndan, T\u00fcrkiye\u2019de k\u00fct\u00fcphanelere verilen\/verilmeyen de\u011ferlerden, mesleki birliktelik ve \u00f6rg\u00fctlenmede ya\u015fanan sorunlardan bahsetmi\u015ftir.<\/p>\n<p><a href=\"http:\/\/www.bbyhaber.com\/bby\/wp-content\/uploads\/2013\/03\/deu49-1.jpg\"><img loading=\"lazy\" decoding=\"async\" class=\"alignnone\" src=\"http:\/\/www.bbyhaber.com\/bby\/wp-content\/uploads\/2013\/03\/deu49-1.jpg\" alt=\"\" width=\"150\" height=\"150\" \/><\/a> <a href=\"http:\/\/www.bbyhaber.com\/bby\/wp-content\/uploads\/2013\/03\/deu49-2.jpg\"><img loading=\"lazy\" decoding=\"async\" class=\"alignnone\" src=\"http:\/\/www.bbyhaber.com\/bby\/wp-content\/uploads\/2013\/03\/deu49-2.jpg\" alt=\"\" width=\"150\" height=\"150\" \/><\/a> <a href=\"http:\/\/www.bbyhaber.com\/bby\/wp-content\/uploads\/2013\/03\/deu49-3.jpg\"><img loading=\"lazy\" decoding=\"async\" class=\"alignnone\" src=\"http:\/\/www.bbyhaber.com\/bby\/wp-content\/uploads\/2013\/03\/deu49-3.jpg\" alt=\"\" width=\"150\" height=\"150\" \/><\/a><\/p>\n","protected":false},"excerpt":{"rendered":"<p>T\u00fcrk K\u00fct\u00fcphaneciler Derne\u011fi (TKD) \u0130zmir \u015eubesi\u2019nin d\u00fczenledi\u011fi 49.K\u00fct\u00fcphane Haftas\u0131\u2019n\u0131n bug\u00fcnk\u00fc etkinli\u011fi Dokuz Eyl\u00fcl \u00dcniversitesi Merkez K\u00fct\u00fcphanesi\u2019nde yap\u0131ld\u0131. Etkinli\u011fe, \u0130zmir\u2019deki meslekta\u015flar\u0131m\u0131zla birlikte TKD Genel Ba\u015fkan\u0131 Ali Fuat KARTAL ve Y\u0131ld\u0131r\u0131m Beyaz\u0131t \u00dcniversitesi Bilgi ve Belge Y\u00f6netimi \u00d6\u011fretim \u00dcyesi Yrd.Do\u00e7.Dr. Esin Sultan O\u011eUZ konuk olarak kat\u0131ld\u0131. Yrd.Do\u00e7.Dr. Esin Sultan O\u011eUZ \u201cToplumsal Diyalog ve \u0130\u015fbirli\u011fi i\u00e7in Yenilik\u00e7i K\u00fct\u00fcphaneler\u201d [&hellip;]<\/p>\n","protected":false},"author":1,"featured_media":0,"comment_status":"open","ping_status":"open","sticky":false,"template":"","format":"standard","meta":{"footnotes":""},"categories":[1470],"tags":[1461],"class_list":["post-10460","post","type-post","status-publish","format-standard","hentry","category-49-kutuphane-haftasi","tag-kutuphane-haftasi"],"_links":{"self":[{"href":"https:\/\/www.bbyhaber.com\/bby\/wp-json\/wp\/v2\/posts\/10460"}],"collection":[{"href":"https:\/\/www.bbyhaber.com\/bby\/wp-json\/wp\/v2\/posts"}],"about":[{"href":"https:\/\/www.bbyhaber.com\/bby\/wp-json\/wp\/v2\/types\/post"}],"author":[{"embeddable":true,"href":"https:\/\/www.bbyhaber.com\/bby\/wp-json\/wp\/v2\/users\/1"}],"replies":[{"embeddable":true,"href":"https:\/\/www.bbyhaber.com\/bby\/wp-json\/wp\/v2\/comments?post=10460"}],"version-history":[{"count":0,"href":"https:\/\/www.bbyhaber.com\/bby\/wp-json\/wp\/v2\/posts\/10460\/revisions"}],"wp:attachment":[{"href":"https:\/\/www.bbyhaber.com\/bby\/wp-json\/wp\/v2\/media?parent=10460"}],"wp:term":[{"taxonomy":"category","embeddable":true,"href":"https:\/\/www.bbyhaber.com\/bby\/wp-json\/wp\/v2\/categories?post=10460"},{"taxonomy":"post_tag","embeddable":true,"href":"https:\/\/www.bbyhaber.com\/bby\/wp-json\/wp\/v2\/tags?post=10460"}],"curies":[{"name":"wp","href":"https:\/\/api.w.org\/{rel}","templated":true}]}}