{"id":10453,"date":"2013-03-29T00:23:41","date_gmt":"2013-03-28T22:23:41","guid":{"rendered":"http:\/\/www.bbyhaber.com\/bby\/?p=10453"},"modified":"2013-03-29T00:23:41","modified_gmt":"2013-03-28T22:23:41","slug":"corum-kent-kitapligi-acildi","status":"publish","type":"post","link":"https:\/\/www.bbyhaber.com\/bby\/2013\/03\/29\/corum-kent-kitapligi-acildi","title":{"rendered":"\u00c7orum Kent Kitapl\u0131\u011f\u0131 A\u00e7\u0131ld\u0131"},"content":{"rendered":"<p style=\"text-align: justify;\"><img loading=\"lazy\" decoding=\"async\" class=\"alignleft\" src=\"http:\/\/www.corumhakimiyet.net\/yonetim\/uploads\/RBPKPLTDKAYZCVXWEZZU.jpg\" alt=\"\" width=\"220\" height=\"124\" \/>E\u015fref Ertekin Halk K\u00fct\u00fcphanesi\u2019nde d\u00fczenlenen a\u00e7\u0131l\u0131\u015fa Vali Yard\u0131mc\u0131s\u0131 H\u00fcseyin \u0130\u00e7ten, K\u00fclt\u00fcr ve Turizm M\u00fcd\u00fcr\u00fc Ali \u00d6z\u00fcdo\u011fru, M\u00fcd\u00fcr Yard\u0131mc\u0131s\u0131 Mehmet Bayrak, \u015eube M\u00fcd\u00fcr\u00fc Ramazan Y\u00f6r\u00fck, \u0130l Halk K\u00fct\u00fcphanesi M\u00fcd\u00fcr\u00fc Bahad\u0131r Alag\u00f6z, \u00c7orumlu sanat dostlar\u0131 ile Dani\u015fmend Gazi \u0130mam Hatip Ortaokulu \u00f6\u011frencileri kat\u0131ld\u0131.<!--more--><\/p>\n<p style=\"text-align: justify;\">\u00c7orum\u2019a dair yaz\u0131l\u0131 kaynaklar\u0131 bir araya toplayacak Kent Kitapl\u0131\u011f\u0131\u2019n\u0131n a\u00e7\u0131l\u0131\u015f\u0131n\u0131 Vali Yard\u0131mc\u0131s\u0131 H\u00fcseyin \u0130\u00e7ten ve E\u015fref Ertekin\u2019in manevi o\u011flu Hakk\u0131 B\u00fclhan Ertekin birlikte yapt\u0131.<\/p>\n<p style=\"text-align: justify;\">A\u00e7\u0131l\u0131\u015fta konu\u015fan K\u00fclt\u00fcr ve Turizm M\u00fcd\u00fcr\u00fc Ali \u00d6z\u00fcdo\u011fru, E\u011fitimci-Yazar Abdulkadir Ozulu\u2019nun fikir babas\u0131 oldu\u011fu Kent Kitapl\u0131\u011f\u0131 ve E\u015fref Ertekin An\u0131 Salonu hakk\u0131nda bilgiler verdi.<\/p>\n<p style=\"text-align: justify;\">Kent Kitapl\u0131\u011f\u0131\u2019n\u0131n i\u00e7eri\u011finin daha da zenginle\u015ftirilece\u011fi s\u00f6z\u00fcn\u00fc veren Ali \u00d6z\u00fcdo\u011fru, an\u0131 salonununsa E\u015fref Ertekin\u2019e duyulan vefa ve \u015f\u00fckran duygular\u0131n\u0131n simgelerinden oldu\u011funu kaydetti.<\/p>\n<p style=\"text-align: justify;\">\u2018KENT K\u0130TAPLI\u011eI, KENT\u0130N K\u0130ML\u0130\u011e\u0130\u2019<\/p>\n<p style=\"text-align: justify;\">A\u00e7\u0131l\u0131\u015f\u0131n ard\u0131ndan salonu gezen davetliler, Abdulkadir Ozulu\u2019nun a\u00e7\u0131klamalar\u0131n\u0131 ilgiyle dinlediler.<\/p>\n<p style=\"text-align: justify;\">Kent Kitapl\u0131\u011f\u0131 ile ilgili bilgiler veren Ozulu, \u015f\u00f6yle konu\u015ftu:<\/p>\n<p style=\"text-align: justify;\">\u201cKent Kitapl\u0131\u011f\u0131, genel anlamda kent kitapl\u0131\u011f\u0131 kentte bulunan k\u00fct\u00fcphaneleri ifade eder. Ancak burada olu\u015fturulan Kent Kitapl\u0131\u011f\u0131 \u00f6zellikle o kente ait bilgiler i\u00e7eren veya do\u011frudan o kentle ilgili konularda yaz\u0131lm\u0131\u015f kitaplar\u0131n ve di\u011fer bas\u0131l\u0131 materyallerin belli bir b\u00f6l\u00fcmde toplanmas\u0131d\u0131r.<\/p>\n<p style=\"text-align: justify;\">E\u015fref Ertekin K\u00fct\u00fcphanesi\u2019nde toplayaca\u011f\u0131m\u0131z \u00c7orum konulu kitaplarla bir \u00f6zel k\u00f6\u015fe olu\u015fturuyoruz. Burada toplanan kitaplar bize bizi daha iyi tan\u0131tacak, ge\u00e7mi\u015fi ve g\u00fcn\u00fcm\u00fcz\u00fc gelece\u011fe ta\u015f\u0131yacak. D\u0131\u015fardan gelenlere \u015fehrimizi daha iyi tan\u0131ma f\u0131rsat\u0131 sa\u011flayacak. Ayn\u0131 zamanda kentimizin k\u00fclt\u00fcr, bilim ve di\u011fer alanlarda ne \u00f6l\u00e7\u00fcde bir zenginli\u011fe sahip oldu\u011funu g\u00f6steren \u00f6v\u00fcn\u00e7 veren, onur veren bir \u00f6zel mekan olacak.<\/p>\n<p style=\"text-align: justify;\">Bu t\u00fcr kent kitapl\u0131klar\u0131 T\u00fcrkiye&#8217;de giderek \u00e7o\u011fal\u0131yor. Bu kitapl\u0131klar kent insanlar\u0131na nas\u0131l bir kente sahip olduklar\u0131 konusunda fark\u0131ndal\u0131k yaratacak. Kent ve il\u00e7e belediyeleri b\u00fcnyelerinde kurulan bu kitapl\u0131klarla, gen\u00e7 ku\u015faklar ya\u015fad\u0131klar\u0131 kentle daha bir \u00f6zde\u015fle\u015fecek, hem zenginliklerini hem eksikliklerini fark edecek.<\/p>\n<p style=\"text-align: justify;\">Kentimize kar\u015f\u0131 artan bilgimiz, kentimizin sahip oldu\u011fu co\u011frafi, tarihi, k\u00fclt\u00fcrel ve di\u011fer alanlardaki mevcut zenginli\u011fin bizim zenginli\u011fimiz oldu\u011funu ve onlar\u0131 koruma ve ya\u015fatma hususunda bizleri daha bilin\u00e7li k\u0131lacak.<\/p>\n<p style=\"text-align: justify;\">\u2018K\u0130TAP, AYDINLI\u011eA A\u00c7ILAN PENCERE\u2019<\/p>\n<p style=\"text-align: justify;\">Her kitap ayd\u0131nl\u0131\u011fa a\u00e7\u0131lan bir penceredir. Kent kitapl\u0131klar\u0131 da; bize kenti her y\u00f6nden seyredebilece\u011fimiz b\u00fct\u00fcn pencereleri a\u00e7an bir dost eli ve dost evi olacak.<\/p>\n<p style=\"text-align: justify;\">E\u015fref Ertekin K\u00fct\u00fcphanemizde bug\u00fcn \u00c7orum ile ilgili yay\u0131nlar\u0131 bir araya getirerek raflara yerle\u015ftirirken gelecek y\u0131llarda \u00e7ok daha zenginle\u015fece\u011fine y\u00fcrekten inan\u0131yorum.<\/p>\n<p style=\"text-align: justify;\">Burada hizmet veren K\u00fct\u00fcphaneci karde\u015flerimin de buray\u0131 gerekti\u011fi \u015fekilde zenginle\u015ftirerek okuyucular\u0131n\u0131n ve ara\u015ft\u0131rmac\u0131lar\u0131n istifadelerine gayret edeceklerinden de \u015f\u00fcphe etmiyorum. \u00c7\u00fcnk\u00fc onlar\u0131n meslekleri gere\u011fi bilgi ile bilgiyi arayan\u0131 bulu\u015fturma zevki g\u00fcnl\u00fck hizmet ak\u0131\u015f\u0131 i\u00e7inde ya\u015fad\u0131klar\u0131 en keyifli anlard\u0131r. A\u00e7 olana ekmek, susuza su vermekten daha anlaml\u0131 olan bilgi isteyene bilginin kayna\u011f\u0131n\u0131 verebilmektir.\u201d<\/p>\n<p>Kaynak: http:\/\/www.corumhakimiyet.net\/<\/p>\n","protected":false},"excerpt":{"rendered":"<p>E\u015fref Ertekin Halk K\u00fct\u00fcphanesi\u2019nde d\u00fczenlenen a\u00e7\u0131l\u0131\u015fa Vali Yard\u0131mc\u0131s\u0131 H\u00fcseyin \u0130\u00e7ten, K\u00fclt\u00fcr ve Turizm M\u00fcd\u00fcr\u00fc Ali \u00d6z\u00fcdo\u011fru, M\u00fcd\u00fcr Yard\u0131mc\u0131s\u0131 Mehmet Bayrak, \u015eube M\u00fcd\u00fcr\u00fc Ramazan Y\u00f6r\u00fck, \u0130l Halk K\u00fct\u00fcphanesi M\u00fcd\u00fcr\u00fc Bahad\u0131r Alag\u00f6z, \u00c7orumlu sanat dostlar\u0131 ile Dani\u015fmend Gazi \u0130mam Hatip Ortaokulu \u00f6\u011frencileri kat\u0131ld\u0131.<\/p>\n","protected":false},"author":1,"featured_media":0,"comment_status":"open","ping_status":"open","sticky":false,"template":"","format":"standard","meta":{"footnotes":""},"categories":[1],"tags":[],"class_list":["post-10453","post","type-post","status-publish","format-standard","hentry","category-genel"],"_links":{"self":[{"href":"https:\/\/www.bbyhaber.com\/bby\/wp-json\/wp\/v2\/posts\/10453"}],"collection":[{"href":"https:\/\/www.bbyhaber.com\/bby\/wp-json\/wp\/v2\/posts"}],"about":[{"href":"https:\/\/www.bbyhaber.com\/bby\/wp-json\/wp\/v2\/types\/post"}],"author":[{"embeddable":true,"href":"https:\/\/www.bbyhaber.com\/bby\/wp-json\/wp\/v2\/users\/1"}],"replies":[{"embeddable":true,"href":"https:\/\/www.bbyhaber.com\/bby\/wp-json\/wp\/v2\/comments?post=10453"}],"version-history":[{"count":0,"href":"https:\/\/www.bbyhaber.com\/bby\/wp-json\/wp\/v2\/posts\/10453\/revisions"}],"wp:attachment":[{"href":"https:\/\/www.bbyhaber.com\/bby\/wp-json\/wp\/v2\/media?parent=10453"}],"wp:term":[{"taxonomy":"category","embeddable":true,"href":"https:\/\/www.bbyhaber.com\/bby\/wp-json\/wp\/v2\/categories?post=10453"},{"taxonomy":"post_tag","embeddable":true,"href":"https:\/\/www.bbyhaber.com\/bby\/wp-json\/wp\/v2\/tags?post=10453"}],"curies":[{"name":"wp","href":"https:\/\/api.w.org\/{rel}","templated":true}]}}