{"id":10449,"date":"2013-03-28T22:58:04","date_gmt":"2013-03-28T20:58:04","guid":{"rendered":"http:\/\/www.bbyhaber.com\/bby\/?p=10449"},"modified":"2013-11-14T16:46:14","modified_gmt":"2013-11-14T14:46:14","slug":"istanbul-ve-ankara%e2%80%99da-gorme-engelliler-icin-kitap-seslendirme-kampanyasi-25-mart-26-nisan-2013","status":"publish","type":"post","link":"https:\/\/www.bbyhaber.com\/bby\/2013\/03\/28\/istanbul-ve-ankara%e2%80%99da-gorme-engelliler-icin-kitap-seslendirme-kampanyasi-25-mart-26-nisan-2013","title":{"rendered":"\u0130stanbul ve Ankara\u2019da G\u00f6rme Engelliler \u0130\u00e7in Kitap Seslendirme Kampanyas\u0131-25 Mart-26 Nisan 2013"},"content":{"rendered":"<p style=\"text-align: justify;\"><strong>\u201d\u0130stanbul ve Ankara\u2019da G\u00f6rme Engelliler \u0130\u00e7in Kitap Seslendirme Kampanyas\u0131\u201d:<\/strong> Toplumumuzu olu\u015fturan engelli engelsiz her bireyin bilgi edinme, kendini geli\u015ftirme, ruhunu besleme ihtiyac\u0131 ve hakk\u0131 vard\u0131r. Bizler engelsiz bireyler olarak her t\u00fcrl\u00fc imkan ile istedi\u011fimiz bilgiye rahatl\u0131kla ula\u015farak, hem beynimizi hem ruhumuzu geli\u015ftirebiliyorken; kitle ileti\u015fim ara\u00e7lar\u0131, sosyal ortamlar ve k\u00fct\u00fcphaneleri ara\u00e7 olarak kullan\u0131yoruz. \u0130stedi\u011fimiz ortamda bulunabilir, istedi\u011fimiz bilgiye her \u015fartta eri\u015febiliriz.<!--more--> Ancak baz\u0131 bireyler bizim gibi \u015fansl\u0131 olmayabilir. Do\u011fu\u015ftan ya da sonradan g\u00f6rme yetilerini kaybeden bireyler bizden daha geli\u015fmi\u015f duyular\u0131 ile hayatlar\u0131n\u0131 bizim gibi idame ettirmelerine ra\u011fmen onlar\u0131n \u00f6n\u00fcne \u00e7\u0131kard\u0131\u011f\u0131m\u0131z engelller sayesinde baz\u0131 durumlarda e\u015fit konumda bulunamamaktad\u0131rlar. Gazete, kitap v.b. bas\u0131l\u0131 malzemeleri kabartma yaz\u0131lar\u0131 sayesinde takip imkanlar\u0131 olmalar\u0131na ra\u011fmen bu tip yay\u0131nlar\u0131n yetersizli\u011fi nedeni ile g\u00fcn\u00fcm\u00fczde sesli kitap k\u00fct\u00fcphaneleri ihtiya\u00e7 olarak hayata ge\u00e7mi\u015ftir.<\/p>\n<p style=\"text-align: justify;\">B\u00fcnyesinde \u201cG\u00f6rme Engelliler B\u00f6l\u00fcm\u00fc\u201d bulunduran k\u00fct\u00fcphanelerimizde sesli kitaplar\u0131n say\u0131s\u0131 g\u00f6n\u00fcll\u00fc kitap seslendiren vatanda\u015flar\u0131n sayesinde az da olsa artmaya ba\u015flam\u0131\u015ft\u0131r. Ancak bu art\u0131\u015f her g\u00f6rme engelli vatanda\u015f\u0131m\u0131z\u0131n iste\u011fini kar\u015f\u0131layacak \u015fekilde olmamas\u0131 nedeni ile yeterli de\u011fildir. \u0130\u015fte bu noktada K\u00fct\u00fcphane Haftas\u0131\u2019nda K\u00fclt\u00fcr Payla\u015f\u0131m Platformu olarak vatanda\u015flar\u0131m\u0131z\u0131 sosyal sorumluk projesi ile bilin\u00e7lendirmek, kitap seslendirmenin nas\u0131l bir duygu oldu\u011funu anlamalar\u0131n\u0131 sa\u011flamak, empati kurmak, k\u00fct\u00fcphanelerin G\u00f6rme Engelliler B\u00f6l\u00fcm\u00fc\u2019n\u00fcn onlarda fark\u0131ndal\u0131\u011f\u0131n\u0131 olu\u015fturmak ve kitap seslendirme g\u00f6n\u00fcll\u00fclerinin say\u0131s\u0131n\u0131 artt\u0131rmak amac\u0131 ile \u201cKitap Seslendirme Kampanyas\u0131\u201d ba\u015flat\u0131yoruz. Kampanyam\u0131zda g\u00f6n\u00fcll\u00fclerimiz Milli K\u00fct\u00fcphane Konu\u015fan Kitapl\u0131k, Beyaz\u0131t Devlet K\u00fct\u00fcphanesi G\u00f6rmeyenler i\u00e7in Sesli Kitap Merkezi ve \u0130stanbul \u00dcniversitesi Engelsiz Bilgi Birimi\u2019nde 25 Mart 2013 \u2013 26 Nisan 2013 tarihleri aras\u0131nda bir ay boyunca kitap seslendirecekler.<\/p>\n<p>Sizleri sosyal sorumluluk kampanyam\u0131z\u0131n par\u00e7as\u0131 olamaya davet ediyoruz.<\/p>\n<p><strong>TAR\u0130H: <span style=\"color: #ff0000;\">25 Mart-26 Nisan 2013<\/span><\/strong><br \/>\n<strong>YER: <span style=\"color: #ff0000;\">Beyaz\u0131t Devlet K\u00fct\u00fcphanesi,<\/span><\/strong><span style=\"color: #ff0000;\"><strong>\u0130stanbul \u00dcniversitesi Engelsiz Bilgi Birimi,<\/strong><\/span><span style=\"color: #ff0000;\"><strong>Milli K\u00fct\u00fcphane<\/strong><\/span><strong><br \/>\nD\u00dcZENLEYENLER:<\/strong><br \/>\nK\u00fclt\u00fcr Payla\u015f\u0131m Platformu<br \/>\nBeyaz\u0131t Devlet K\u00fct\u00fcphanesi<br \/>\n\u0130stanbul \u00dcniversitesi Engelsiz Bilgi Birimi<br \/>\n\u0130stanbul \u00dcniversitesi Edebiyat Fak\u00fcltesi Bilgi ve Belge Y\u00f6neticileri Kul\u00fcb\u00fc (BBYON)<br \/>\n\u0130stanbul \u00dcniversitesi Di\u015f Hekimli\u011fi Fak\u00fcltesi Edebiyat Kul\u00fcb\u00fc<br \/>\nHacettepe \u00dcniversitesi Bilgi ve Belge Y\u00f6netimi B\u00f6l\u00fcm\u00fc<br \/>\nHacettepe \u00dcniversitesi Bilgi Toplulu\u011fu<br \/>\nMilli K\u00fct\u00fcphane<\/p>\n<p><strong>Beyaz\u0131t Devlet K\u00fct\u00fcphanesi G\u00f6rme Engelli B\u00f6l\u00fcm\u00fc:<\/strong><br \/>\n<strong>\u0130leti\u015fim \u0130\u00e7in:<\/strong><\/p>\n<p>Sonay ASLAN<br \/>\nTel: 0212 522 31 67\/126<br \/>\nFax : (0 212) 512 84 74<br \/>\n<a class=\"twitter-timeline\" data-width=\"640\" data-height=\"960\" data-dnt=\"true\" href=\"https:\/\/twitter.com\/beyazitdevlet?ref_src=twsrc%5Etfw\">Tweets by beyazitdevlet<\/a><script async src=\"https:\/\/platform.twitter.com\/widgets.js\" charset=\"utf-8\"><\/script><br \/>\nbeyazitkutup@gmail.com<br \/>\nhttp:\/\/www.beyazitkutup.gov.tr\/<br \/>\nAdres: Beyaz\u0131t Devlet K\u00fct\u00fcphanesi<br \/>\nG\u00f6rme Engelliler B\u00f6l\u00fcm\u00fc<br \/>\nTuran Emeksiz sok. No:6 34126<br \/>\nBeyaz\u0131t \/ Emin\u00f6n\u00fc \/ \u0130STANBUL<\/p>\n<p><strong>\u0130stanbul \u00dcniversitesi Engelsiz Bilgi Merkezi :<\/strong><br \/>\n<strong>\u0130leti\u015fim \u0130\u00e7in:<\/strong><\/p>\n<p>Mustafa \u00d6ZY\u00dcREK (Birim Sorumlusu)<br \/>\nDidem ENGELER<br \/>\nSerdar KULAK<br \/>\nIlg\u0131n AYDINO\u011eLU<br \/>\nTel : 0212 455 57 00\/11092<br \/>\nFaks : 0212 455 57 84<br \/>\nhttp:\/\/www.facebook.com\/engelsiziu<br \/>\nhttps:\/\/twitter.com\/Engelsiziu<br \/>\nAdres: \u0130stanbul \u00dcniversitesi<br \/>\nK\u00fct\u00fcphane ve Dok\u00fcmantasyon Daire Ba\u015fkanl\u0131\u011f\u0131<br \/>\nEngelsiz Bilgi Merkezi<br \/>\n34452 Beyaz\u0131t\/Fatih-\u0130stanbul<\/p>\n<p><strong>Milli K\u00fct\u00fcphane Konu\u015fan Kitapl\u0131k<\/strong><br \/>\n<strong>\u0130leti\u015fim \u0130\u00e7in:<\/strong><\/p>\n<p>Onur BAL<br \/>\nTel: 0 312 212 62 00<br \/>\nFax : 0 312 223 0451<br \/>\nhttp:\/\/www.mkutup.gov.tr\/konusankitap\/<br \/>\nkonusankitaplik@mkutup.gov.tr<br \/>\nAdres: Milli K\u00fct\u00fcphane Ba\u015fkanl\u0131\u011f\u0131 2009 Bah\u00e7elievler Son Durak 06490 Ankara<\/p>\n<p><a href=\"http:\/\/www.facebook.com\/events\/205441526246571\/\" target=\"_blank\"><strong><span style=\"color: #0000ff;\">Kat\u0131l\u0131m i\u00e7in t\u0131klay\u0131n\u0131z<\/span><\/strong><\/a><\/p>\n","protected":false},"excerpt":{"rendered":"<p>\u201d\u0130stanbul ve Ankara\u2019da G\u00f6rme Engelliler \u0130\u00e7in Kitap Seslendirme Kampanyas\u0131\u201d: Toplumumuzu olu\u015fturan engelli engelsiz her bireyin bilgi edinme, kendini geli\u015ftirme, ruhunu besleme ihtiyac\u0131 ve hakk\u0131 vard\u0131r. Bizler engelsiz bireyler olarak her t\u00fcrl\u00fc imkan ile istedi\u011fimiz bilgiye rahatl\u0131kla ula\u015farak, hem beynimizi hem ruhumuzu geli\u015ftirebiliyorken; kitle ileti\u015fim ara\u00e7lar\u0131, sosyal ortamlar ve k\u00fct\u00fcphaneleri ara\u00e7 olarak kullan\u0131yoruz. \u0130stedi\u011fimiz ortamda bulunabilir, [&hellip;]<\/p>\n","protected":false},"author":1,"featured_media":0,"comment_status":"open","ping_status":"open","sticky":false,"template":"","format":"standard","meta":{"footnotes":""},"categories":[1,1487,1503],"tags":[465],"class_list":["post-10449","post","type-post","status-publish","format-standard","hentry","category-genel","category-gorme-engelli-kutuphane","category-sesli-kutuphane","tag-gorme-engelli-e-kitap"],"_links":{"self":[{"href":"https:\/\/www.bbyhaber.com\/bby\/wp-json\/wp\/v2\/posts\/10449"}],"collection":[{"href":"https:\/\/www.bbyhaber.com\/bby\/wp-json\/wp\/v2\/posts"}],"about":[{"href":"https:\/\/www.bbyhaber.com\/bby\/wp-json\/wp\/v2\/types\/post"}],"author":[{"embeddable":true,"href":"https:\/\/www.bbyhaber.com\/bby\/wp-json\/wp\/v2\/users\/1"}],"replies":[{"embeddable":true,"href":"https:\/\/www.bbyhaber.com\/bby\/wp-json\/wp\/v2\/comments?post=10449"}],"version-history":[{"count":0,"href":"https:\/\/www.bbyhaber.com\/bby\/wp-json\/wp\/v2\/posts\/10449\/revisions"}],"wp:attachment":[{"href":"https:\/\/www.bbyhaber.com\/bby\/wp-json\/wp\/v2\/media?parent=10449"}],"wp:term":[{"taxonomy":"category","embeddable":true,"href":"https:\/\/www.bbyhaber.com\/bby\/wp-json\/wp\/v2\/categories?post=10449"},{"taxonomy":"post_tag","embeddable":true,"href":"https:\/\/www.bbyhaber.com\/bby\/wp-json\/wp\/v2\/tags?post=10449"}],"curies":[{"name":"wp","href":"https:\/\/api.w.org\/{rel}","templated":true}]}}