{"id":10445,"date":"2013-03-28T13:50:19","date_gmt":"2013-03-28T11:50:19","guid":{"rendered":"http:\/\/www.bbyhaber.com\/bby\/?p=10445"},"modified":"2016-03-23T15:26:20","modified_gmt":"2016-03-23T13:26:20","slug":"kutuphane-kapali-kitap-yasak","status":"publish","type":"post","link":"https:\/\/www.bbyhaber.com\/bby\/2013\/03\/28\/kutuphane-kapali-kitap-yasak","title":{"rendered":"K\u00fct\u00fcphane kapal\u0131, kitap yasak!"},"content":{"rendered":"<p style=\"text-align: justify;\"><em>Cumhuriyet<\/em> gazetesinden <em>Selda G\u00fcneysu<\/em>&#8216;nun yapt\u0131\u011f\u0131 haber, k\u00fct\u00fcphanelerin kapat\u0131ld\u0131\u011f\u0131 ger\u00e7e\u011fine i\u015faret etti. <a title=\"T\u00fcrk K\u00fct\u00fcphaneciler Derne\u011fi Ba\u015fkan\u0131 Ali Fuat Kartal\u2019\u0131n K\u00fct\u00fcphane Haftas\u0131 A\u00e7\u0131l\u0131\u015f Konu\u015fmas\u0131\" href=\"http:\/\/www.bbyhaber.com\/bby\/2013\/03\/25\/turk-kutuphaneciler-dernegi-baskani-ali-fuat-kartalin-kutuphane-haftasi-acilis-konusmasi\/\">T\u00fcrk K\u00fct\u00fcphaneciler Derne\u011fi(TKD) Ba\u015fkan\u0131 Ali Fuat Kartal&#8217;\u0131n gazete ile payla\u015ft\u0131\u011f\u0131 raporda<\/a>, \u00fclke genelindeki k\u00fct\u00fcphanelere y\u00f6nelik yok etme ve \u00f6nemsizle\u015ftirmenin alt\u0131 \u00e7iziliyor. K\u00fct\u00fcphanelerin ya\u015fam\u0131n i\u00e7ine \u00e7ekilen merkezler olmas\u0131 gerekirken, sistem nedeniyle yaln\u0131zca &#8220;ders \u00e7al\u0131\u015fma yeri&#8221; olarak kullan\u0131ld\u0131\u011f\u0131n\u0131 belirten TKD, raporda, 4+4+4 e\u011fitim modeli ile birlikte, artan derslik say\u0131s\u0131 ihtiyac\u0131 nedeniyle pek \u00e7ok okuldaki k\u00fct\u00fcphanenin dersli\u011fe d\u00f6n\u00fc\u015ft\u00fcr\u00fcld\u00fc\u011f\u00fcn\u00fc belirtiyor.<!--more--><\/p>\n<p style=\"text-align: justify;\">Okullarda okutulan kitaplara d\u00f6n\u00fck sans\u00fcr\u00fcn vurgu yap\u0131ld\u0131\u011f\u0131 rapor, bu tutumun ifade \u00f6zg\u00fcrl\u00fc\u011f\u00fcne sald\u0131r\u0131 oldu\u011funu s\u00f6yl\u00fcyor. T\u00fcrk K\u00fct\u00fcphaneciler Derne\u011fi&#8217;nin haz\u0131rlad\u0131\u011f\u0131 raporda bahsi ge\u00e7en di\u011fer ba\u015fl\u0131klar ise \u015f\u00f6yle; K\u00fct\u00fcphaneciler \u201cteknik hizmetler s\u0131n\u0131f\u0131\u201dna al\u0131n\u0131yor, bu uygulamayla \u00f6zellikle vak\u0131f \u00fcniversitelerinde g\u00f6revli \u00e7al\u0131\u015fanlar ile kamu kurumlar\u0131nda \u00e7al\u0131\u015fanlar aras\u0131ndaki \u00fccret makas\u0131 iyice a\u00e7\u0131l\u0131yor, hatta baz\u0131 vak\u0131f \u00fcniversiteleri \u201casgari\u201d \u00fccretle k\u00fct\u00fcphaneci \u00e7al\u0131\u015ft\u0131r\u0131yor.<\/p>\n<p style=\"text-align: justify;\">Y\u00d6K, \u00fcniversite k\u00fct\u00fcphanelerinin 24 saat a\u00e7\u0131k olmas\u0131 i\u00e7in \u00fcniversitelerden g\u00f6r\u00fc\u015f soruyor ancak yine Y\u00d6K, \u00fcniversiteleri denetliyor ama uluslararas\u0131 standartlara g\u00f6re \u201cbir \u00fcniversite k\u00fct\u00fcphanesinde ne kadar personel olmal\u0131 ya da koleksiyonun niteli\u011fi ne olmal\u0131\u201d onu sorgulam\u0131yor. Yeni a\u00e7\u0131lan \u00fcniversitelerin k\u00fct\u00fcphanelerinde 24 saat de\u011fil, 8 saat hizmet verecek uzman personel bile bulunmuyor. \u00d6te yandan, T\u00fcrkiye\u2019deki 1112 k\u00fct\u00fcphanede yaln\u0131zca 344 k\u00fct\u00fcphaneci g\u00f6rev yap\u0131yor. K\u00fct\u00fcphane ba\u015f\u0131na bir k\u00fct\u00fcphaneci bile d\u00fc\u015fm\u00fcyor.<\/p>\n<p style=\"text-align: justify;\">Kaynak:http:\/\/haber.sol.org.tr<\/p>\n","protected":false},"excerpt":{"rendered":"<p>Cumhuriyet gazetesinden Selda G\u00fcneysu&#8216;nun yapt\u0131\u011f\u0131 haber, k\u00fct\u00fcphanelerin kapat\u0131ld\u0131\u011f\u0131 ger\u00e7e\u011fine i\u015faret etti. T\u00fcrk K\u00fct\u00fcphaneciler Derne\u011fi(TKD) Ba\u015fkan\u0131 Ali Fuat Kartal&#8217;\u0131n gazete ile payla\u015ft\u0131\u011f\u0131 raporda, \u00fclke genelindeki k\u00fct\u00fcphanelere y\u00f6nelik yok etme ve \u00f6nemsizle\u015ftirmenin alt\u0131 \u00e7iziliyor. K\u00fct\u00fcphanelerin ya\u015fam\u0131n i\u00e7ine \u00e7ekilen merkezler olmas\u0131 gerekirken, sistem nedeniyle yaln\u0131zca &#8220;ders \u00e7al\u0131\u015fma yeri&#8221; olarak kullan\u0131ld\u0131\u011f\u0131n\u0131 belirten TKD, raporda, 4+4+4 e\u011fitim modeli ile birlikte, [&hellip;]<\/p>\n","protected":false},"author":1,"featured_media":0,"comment_status":"open","ping_status":"open","sticky":false,"template":"","format":"standard","meta":{"footnotes":""},"categories":[1470,1474],"tags":[1461],"class_list":["post-10445","post","type-post","status-publish","format-standard","hentry","category-49-kutuphane-haftasi","category-ali-fuat-kartal","tag-kutuphane-haftasi"],"_links":{"self":[{"href":"https:\/\/www.bbyhaber.com\/bby\/wp-json\/wp\/v2\/posts\/10445"}],"collection":[{"href":"https:\/\/www.bbyhaber.com\/bby\/wp-json\/wp\/v2\/posts"}],"about":[{"href":"https:\/\/www.bbyhaber.com\/bby\/wp-json\/wp\/v2\/types\/post"}],"author":[{"embeddable":true,"href":"https:\/\/www.bbyhaber.com\/bby\/wp-json\/wp\/v2\/users\/1"}],"replies":[{"embeddable":true,"href":"https:\/\/www.bbyhaber.com\/bby\/wp-json\/wp\/v2\/comments?post=10445"}],"version-history":[{"count":0,"href":"https:\/\/www.bbyhaber.com\/bby\/wp-json\/wp\/v2\/posts\/10445\/revisions"}],"wp:attachment":[{"href":"https:\/\/www.bbyhaber.com\/bby\/wp-json\/wp\/v2\/media?parent=10445"}],"wp:term":[{"taxonomy":"category","embeddable":true,"href":"https:\/\/www.bbyhaber.com\/bby\/wp-json\/wp\/v2\/categories?post=10445"},{"taxonomy":"post_tag","embeddable":true,"href":"https:\/\/www.bbyhaber.com\/bby\/wp-json\/wp\/v2\/tags?post=10445"}],"curies":[{"name":"wp","href":"https:\/\/api.w.org\/{rel}","templated":true}]}}