{"id":10440,"date":"2013-03-27T23:24:53","date_gmt":"2013-03-27T21:24:53","guid":{"rendered":"http:\/\/www.bbyhaber.com\/bby\/?p=10440"},"modified":"2016-03-23T15:33:09","modified_gmt":"2016-03-23T13:33:09","slug":"erzurum-ataturk-universitesi-bby-bilgi-kulubu-49-kutuphane-haftasi-etkinligi","status":"publish","type":"post","link":"https:\/\/www.bbyhaber.com\/bby\/2013\/03\/27\/erzurum-ataturk-universitesi-bby-bilgi-kulubu-49-kutuphane-haftasi-etkinligi","title":{"rendered":"Erzurum Atat\u00fcrk \u00dcniversitesi BBY Bilgi Kulub\u00fc 49.K\u00fct\u00fcphane Haftas\u0131 Etkinli\u011fi"},"content":{"rendered":"<p style=\"text-align: justify;\">Erzurum\u2019da 49.K\u00fct\u00fcphane Haftas\u0131 b\u00fcy\u00fck bir kat\u0131l\u0131mla kutland\u0131. Erzurum Atat\u00fcrk \u00dcniversitesi Bilgi Kulub\u00fc\u2019n\u00fcn \u00f6zel konu\u011fu olan Do\u00e7.Dr.Erol YILMAZ\u2019da oradayd\u0131 ve <a title=\"\u201cKitaps\u0131zlar\u201d T\u00fcrk\u2019\u00fcn Okuma ile \u0130mtihan\u0131-Do\u00e7.Dr.Erol YILMAZ\" href=\"http:\/\/www.bbyhaber.com\/bby\/2013\/02\/13\/kitapsizlar-turkun-okuma-ile-imtihani-doc-dr-erol-yilmaz\/\"><strong>\u201cKitaps\u0131zlar\u201d T\u00fcrk\u2019\u00fcn Okuma ile \u0130mtihan\u0131<\/strong><\/a> adl\u0131 yeni \u00e7\u0131kan kitab\u0131n\u0131 okuyuculara imzalad\u0131. Kat\u0131l\u0131mc\u0131lar aras\u0131nda Erzurum Vali Yard\u0131mc\u0131s\u0131 \u00d6zg\u00fcr Aslan, Erzurum K\u00fclt\u00fcr ve Tar\u0131m \u0130l M\u00fcd\u00fcr\u00fc Fikret \u00d6zt\u00fcrk, Erzurum \u00d6zel \u0130dare Genel Sekreteri Ednan Yaz\u0131c\u0131, Erzurum K\u00fct\u00fcphane M\u00fcd\u00fcr Vekili Mithat Kotan ve \u00e7ok say\u0131da vatanda\u015f yer ald\u0131. Etkinliklere vatanda\u015flar ve \u00f6\u011frenciler ilgi g\u00f6stermi\u015f ve toplam 500 \u00f6\u011frenci kat\u0131l\u0131mda bulunmu\u015ftur.<!--more--><\/p>\n<p><a href=\"http:\/\/www.bbyhaber.com\/bby\/wp-content\/uploads\/2013\/03\/erzurum1.jpg\"><img loading=\"lazy\" decoding=\"async\" class=\"alignnone\" src=\"http:\/\/www.bbyhaber.com\/bby\/wp-content\/uploads\/2013\/03\/erzurum1.jpg\" alt=\"\" width=\"150\" height=\"150\" \/><\/a> <a href=\"http:\/\/www.bbyhaber.com\/bby\/wp-content\/uploads\/2013\/03\/erzurum2.jpg\"><img loading=\"lazy\" decoding=\"async\" class=\"alignnone\" src=\"http:\/\/www.bbyhaber.com\/bby\/wp-content\/uploads\/2013\/03\/erzurum2.jpg\" alt=\"\" width=\"150\" height=\"150\" \/><\/a> <a href=\"http:\/\/www.bbyhaber.com\/bby\/wp-content\/uploads\/2013\/03\/erzurum3.jpg\"><img loading=\"lazy\" decoding=\"async\" class=\"alignnone\" src=\"http:\/\/www.bbyhaber.com\/bby\/wp-content\/uploads\/2013\/03\/erzurum3.jpg\" alt=\"\" width=\"150\" height=\"150\" \/><\/a><br \/>\n<a href=\"http:\/\/www.bbyhaber.com\/bby\/wp-content\/uploads\/2013\/03\/erzurum4.jpg\"><img loading=\"lazy\" decoding=\"async\" class=\"alignnone\" src=\"http:\/\/www.bbyhaber.com\/bby\/wp-content\/uploads\/2013\/03\/erzurum4.jpg\" alt=\"\" width=\"150\" height=\"150\" \/><\/a> <a href=\"http:\/\/www.bbyhaber.com\/bby\/wp-content\/uploads\/2013\/03\/erzurum5.jpg\"><img loading=\"lazy\" decoding=\"async\" class=\"alignnone\" src=\"http:\/\/www.bbyhaber.com\/bby\/wp-content\/uploads\/2013\/03\/erzurum5.jpg\" alt=\"\" width=\"150\" height=\"150\" \/><\/a> <a href=\"http:\/\/www.bbyhaber.com\/bby\/wp-content\/uploads\/2013\/03\/erzurum6.jpg\"><img loading=\"lazy\" decoding=\"async\" class=\"alignnone\" src=\"http:\/\/www.bbyhaber.com\/bby\/wp-content\/uploads\/2013\/03\/erzurum6.jpg\" alt=\"\" width=\"150\" height=\"150\" \/><\/a><br \/>\n<a href=\"http:\/\/www.bbyhaber.com\/bby\/wp-content\/uploads\/2013\/03\/erzurum7.jpg\"><img loading=\"lazy\" decoding=\"async\" class=\"alignnone\" src=\"http:\/\/www.bbyhaber.com\/bby\/wp-content\/uploads\/2013\/03\/erzurum7.jpg\" alt=\"\" width=\"150\" height=\"150\" \/><\/a><\/p>\n<p>Haberi \u0130leten: \u00d6.Sebat<\/p>\n","protected":false},"excerpt":{"rendered":"<p>Erzurum\u2019da 49.K\u00fct\u00fcphane Haftas\u0131 b\u00fcy\u00fck bir kat\u0131l\u0131mla kutland\u0131. Erzurum Atat\u00fcrk \u00dcniversitesi Bilgi Kulub\u00fc\u2019n\u00fcn \u00f6zel konu\u011fu olan Do\u00e7.Dr.Erol YILMAZ\u2019da oradayd\u0131 ve \u201cKitaps\u0131zlar\u201d T\u00fcrk\u2019\u00fcn Okuma ile \u0130mtihan\u0131 adl\u0131 yeni \u00e7\u0131kan kitab\u0131n\u0131 okuyuculara imzalad\u0131. Kat\u0131l\u0131mc\u0131lar aras\u0131nda Erzurum Vali Yard\u0131mc\u0131s\u0131 \u00d6zg\u00fcr Aslan, Erzurum K\u00fclt\u00fcr ve Tar\u0131m \u0130l M\u00fcd\u00fcr\u00fc Fikret \u00d6zt\u00fcrk, Erzurum \u00d6zel \u0130dare Genel Sekreteri Ednan Yaz\u0131c\u0131, Erzurum K\u00fct\u00fcphane M\u00fcd\u00fcr [&hellip;]<\/p>\n","protected":false},"author":1,"featured_media":0,"comment_status":"open","ping_status":"open","sticky":false,"template":"","format":"standard","meta":{"footnotes":""},"categories":[1470,1596],"tags":[1461],"class_list":["post-10440","post","type-post","status-publish","format-standard","hentry","category-49-kutuphane-haftasi","category-prof-dr-erol-yilmaz","tag-kutuphane-haftasi"],"_links":{"self":[{"href":"https:\/\/www.bbyhaber.com\/bby\/wp-json\/wp\/v2\/posts\/10440"}],"collection":[{"href":"https:\/\/www.bbyhaber.com\/bby\/wp-json\/wp\/v2\/posts"}],"about":[{"href":"https:\/\/www.bbyhaber.com\/bby\/wp-json\/wp\/v2\/types\/post"}],"author":[{"embeddable":true,"href":"https:\/\/www.bbyhaber.com\/bby\/wp-json\/wp\/v2\/users\/1"}],"replies":[{"embeddable":true,"href":"https:\/\/www.bbyhaber.com\/bby\/wp-json\/wp\/v2\/comments?post=10440"}],"version-history":[{"count":0,"href":"https:\/\/www.bbyhaber.com\/bby\/wp-json\/wp\/v2\/posts\/10440\/revisions"}],"wp:attachment":[{"href":"https:\/\/www.bbyhaber.com\/bby\/wp-json\/wp\/v2\/media?parent=10440"}],"wp:term":[{"taxonomy":"category","embeddable":true,"href":"https:\/\/www.bbyhaber.com\/bby\/wp-json\/wp\/v2\/categories?post=10440"},{"taxonomy":"post_tag","embeddable":true,"href":"https:\/\/www.bbyhaber.com\/bby\/wp-json\/wp\/v2\/tags?post=10440"}],"curies":[{"name":"wp","href":"https:\/\/api.w.org\/{rel}","templated":true}]}}