{"id":1044,"date":"2011-03-01T15:43:26","date_gmt":"2011-03-01T15:43:26","guid":{"rendered":"http:\/\/www.bbyhaber.com\/bby\/?p=1044"},"modified":"2012-04-24T10:36:49","modified_gmt":"2012-04-24T10:36:49","slug":"canakkale-belediyesi-okullarda-kutuphane-kuruyor","status":"publish","type":"post","link":"https:\/\/www.bbyhaber.com\/bby\/2011\/03\/01\/canakkale-belediyesi-okullarda-kutuphane-kuruyor","title":{"rendered":"\u00c7anakkale Belediyesi Okullarda K\u00fct\u00fcphane Kuruyor"},"content":{"rendered":"<p style=\"text-align: justify;\" align=\"justify\">\u00c7anakkale Belediyesi e\u011fitime olan deste\u011fini kent merkezinde bulunan t\u00fcm ilk\u00f6\u011fretim okullar\u0131n\u0131n k\u00fct\u00fcphanelerine kitap deste\u011finde bulunarak s\u00fcrd\u00fcr\u00fcyor. \u00c7anakkale Belediye Ba\u015fkan\u0131 \u00dclg\u00fcr G\u00f6khan, belediye olarak il merkezindeki 15 ilk\u00f6\u011fretim okulunun k\u00fct\u00fcphanelerini yenilemek i\u00e7in bir \u00e7al\u0131\u015fma ba\u015flatt\u0131klar\u0131n\u0131 belirterek, \u201cKent merkezinde bulunan 15 ilk\u00f6\u011fretim okulunun k\u00fct\u00fcphanelerini g\u00fcncel ve \u00f6nemli kitaplar ile yenileyip, k\u00fct\u00fcphanesi olmayan okullara \u00f6nemli bir kitap ar\u015fivi kazand\u0131rmak amac\u0131yla ger\u00e7ekle\u015ftirdi\u011fimiz bu \u00e7al\u0131\u015fmam\u0131za Fatma \u015eemsettin \u00c7amo\u011flu \u0130lk\u00f6\u011fretim Okulu ile ba\u015flad\u0131k. Kitap okuyarak kendisini k\u00fc\u00e7\u00fck ya\u015flardan itibaren yeti\u015ftirmeye ba\u015flayan \u00e7ocuklar\u0131m\u0131z, hayat\u0131n her alan\u0131nda bunun faydas\u0131n\u0131 g\u00f6recek.<!--more--><\/p>\n<p style=\"text-align: justify;\" align=\"justify\">Bu durum s\u0131navlarda da \u00f6\u011frencilerimizin h\u0131zl\u0131 okumalar\u0131n\u0131 sa\u011flayarak katk\u0131s\u0131n\u0131 g\u00f6sterecek. Kitap okumak d\u00fc\u015f\u00fcnce g\u00fcc\u00fcm\u00fcz\u00fc de geli\u015ftirdi\u011fi gibi ayn\u0131 zamanda kelime hazinemizin de \u00e7o\u011falmas\u0131n\u0131 sa\u011flayacak. Bug\u00fcn \u00e7ocuklar\u0131m\u0131za bu nedenlerle kitap hediye ediyoruz. Belediye olarak bunun d\u0131\u015f\u0131nda farkl\u0131 projeler sunmaya da devam edece\u011fiz\u201d dedi. Fatma \u015eemsettin \u00c7amo\u011flu \u0130lk\u00f6\u011fretim Okulu M\u00fcd\u00fcr\u00fc Cahit Bayraktar da yapt\u0131\u011f\u0131 konu\u015fmada belediyenin ba\u015flatt\u0131\u011f\u0131 \u00e7al\u0131\u015fman\u0131n \u00e7ok anlaml\u0131 bir proje oldu\u011funu belirterek, Ba\u015fkan G\u00f6khan&#8217;a desteklerinden \u00f6t\u00fcr\u00fc te\u015fekk\u00fcr etti. Okul aile birli\u011fi \u00fcyeleri de \u00f6zel olarak se\u00e7ilerek al\u0131nan kitaplar\u0131n okumak i\u00e7in insan\u0131 heveslendirdi\u011fini, kitaplar\u0131 kendileri dahil \u00f6\u011frencilerinin okumalar\u0131n\u0131 sa\u011flayacaklar\u0131n\u0131 belirttiler. Kitaplar \u00f6n\u00fcm\u00fczdeki g\u00fcnlerde kentteki t\u00fcm ilk\u00f6\u011fretim okullar\u0131na da\u011f\u0131t\u0131lacak.\u00a0<strong><\/strong><\/p>\n<p style=\"text-align: justify;\">Kaynak: http:\/\/www.tarsusonline.com<\/p>\n","protected":false},"excerpt":{"rendered":"<p>\u00c7anakkale Belediyesi e\u011fitime olan deste\u011fini kent merkezinde bulunan t\u00fcm ilk\u00f6\u011fretim okullar\u0131n\u0131n k\u00fct\u00fcphanelerine kitap deste\u011finde bulunarak s\u00fcrd\u00fcr\u00fcyor. \u00c7anakkale Belediye Ba\u015fkan\u0131 \u00dclg\u00fcr G\u00f6khan, belediye olarak il merkezindeki 15 ilk\u00f6\u011fretim okulunun k\u00fct\u00fcphanelerini yenilemek i\u00e7in bir \u00e7al\u0131\u015fma ba\u015flatt\u0131klar\u0131n\u0131 belirterek, \u201cKent merkezinde bulunan 15 ilk\u00f6\u011fretim okulunun k\u00fct\u00fcphanelerini g\u00fcncel ve \u00f6nemli kitaplar ile yenileyip, k\u00fct\u00fcphanesi olmayan okullara \u00f6nemli bir kitap ar\u015fivi [&hellip;]<\/p>\n","protected":false},"author":1,"featured_media":0,"comment_status":"open","ping_status":"open","sticky":false,"template":"","format":"standard","meta":{"footnotes":""},"categories":[],"tags":[845],"class_list":["post-1044","post","type-post","status-publish","format-standard","hentry","tag-okul-kutuphaneleri"],"_links":{"self":[{"href":"https:\/\/www.bbyhaber.com\/bby\/wp-json\/wp\/v2\/posts\/1044"}],"collection":[{"href":"https:\/\/www.bbyhaber.com\/bby\/wp-json\/wp\/v2\/posts"}],"about":[{"href":"https:\/\/www.bbyhaber.com\/bby\/wp-json\/wp\/v2\/types\/post"}],"author":[{"embeddable":true,"href":"https:\/\/www.bbyhaber.com\/bby\/wp-json\/wp\/v2\/users\/1"}],"replies":[{"embeddable":true,"href":"https:\/\/www.bbyhaber.com\/bby\/wp-json\/wp\/v2\/comments?post=1044"}],"version-history":[{"count":0,"href":"https:\/\/www.bbyhaber.com\/bby\/wp-json\/wp\/v2\/posts\/1044\/revisions"}],"wp:attachment":[{"href":"https:\/\/www.bbyhaber.com\/bby\/wp-json\/wp\/v2\/media?parent=1044"}],"wp:term":[{"taxonomy":"category","embeddable":true,"href":"https:\/\/www.bbyhaber.com\/bby\/wp-json\/wp\/v2\/categories?post=1044"},{"taxonomy":"post_tag","embeddable":true,"href":"https:\/\/www.bbyhaber.com\/bby\/wp-json\/wp\/v2\/tags?post=1044"}],"curies":[{"name":"wp","href":"https:\/\/api.w.org\/{rel}","templated":true}]}}