{"id":10431,"date":"2013-03-27T19:45:43","date_gmt":"2013-03-27T17:45:43","guid":{"rendered":"http:\/\/www.bbyhaber.com\/bby\/?p=10431"},"modified":"2016-03-23T15:32:56","modified_gmt":"2016-03-23T13:32:56","slug":"basbakan-recep-tayyip-erdogandan-49-kutuphane-haftasi-kutlama-mesaji","status":"publish","type":"post","link":"https:\/\/www.bbyhaber.com\/bby\/2013\/03\/27\/basbakan-recep-tayyip-erdogandan-49-kutuphane-haftasi-kutlama-mesaji","title":{"rendered":"Ba\u015fbakan Recep Tayyip Erdo\u011fan&#8217;dan 49.K\u00fct\u00fcphane Haftas\u0131 Kutlama Mesaj\u0131"},"content":{"rendered":"<p style=\"text-align: justify;\"><strong>Ba\u015fbakan Recep Tayyip Erdo\u011fan, &#8220;Bilim ve teknolojinin b\u00fcy\u00fck bir h\u0131zla ilerledi\u011fi g\u00fcn\u00fcm\u00fczde \u00fclkelerin geli\u015fmi\u015flik d\u00fczeyini belirleyen en \u00f6nemli g\u00f6stergelerden biri hi\u00e7 ku\u015fkusuz bilgiye en h\u0131zl\u0131 \u015fekilde eri\u015febilme; bilgiyi do\u011fru, gerekti\u011fi gibi kullanabilme kabiliyetidir.&#8221; dedi. <\/strong>Ba\u015fbakan Erdo\u011fan, K\u00fct\u00fcphane Haftas\u0131 dolay\u0131s\u0131yla yay\u0131mlad\u0131\u011f\u0131 mesaj\u0131nda, T\u00fcrkiye&#8217;nin gelece\u011fine dair yap\u0131lan en \u00f6nemli yat\u0131r\u0131mlardan birinin, okuyan, ara\u015ft\u0131ran, sorgulayan, bilgiye ve \u00f6zg\u00fcr d\u00fc\u015f\u00fcnceye sahip bir nesil yeti\u015ftirmek oldu\u011funu vurgulad\u0131.<!--more--><br \/>\n<strong><\/strong>Erdo\u011fan, &#8220;Bu a\u00e7\u0131dan insanl\u0131\u011f\u0131n k\u00fclt\u00fcrel birikimini bar\u0131nd\u0131ran, bas\u0131l\u0131 ve yazma eser, harita, resim, foto\u011fraf ba\u015fta olmak \u00fczere pek \u00e7ok bilgi ve belgenin mahfuz tutuldu\u011fu k\u00fct\u00fcphaneleri, gelece\u011fimiz ad\u0131na \u00fclkemizin en \u00f6nemli hazinelerinden biri olarak g\u00f6r\u00fcyoruz. Ba\u015fta \u00f6\u011frenciler, ara\u015ft\u0131rmac\u0131lar ve bilim insanlar\u0131 olmak \u00fczere toplumun b\u00fct\u00fcn kesimlerinin bilgi ve belgeye ula\u015fabilmesi ad\u0131na k\u00fct\u00fcphanelerimizin \u00f6nemli bir i\u015flevi bulunmaktad\u0131r.&#8221; ifadelerini kulland\u0131.<\/p>\n<p style=\"text-align: justify;\">Bu y\u00fczden k\u00fct\u00fcphanelerin say\u0131ca art\u0131r\u0131lmas\u0131na, dijital teknolojiden azami \u00f6l\u00e7\u00fcde istifade edilebilmesine, fiziki mek\u00e2nlar\u0131n\u0131n geli\u015ftirilmesine ve yeterli say\u0131da nitelikli uzman personele kavu\u015fmas\u0131na \u00f6zel \u00f6nem verdiklerine i\u015faret ederek, \u015fu temennilerde bulundu: &#8220;Bu d\u00fc\u015f\u00fcncelerle K\u00fct\u00fcphane Haftas\u0131&#8217;n\u0131 kutluyor, bu anlaml\u0131 haftan\u0131n kitap okuma al\u0131\u015fkanl\u0131\u011f\u0131n\u0131, bilgiye ve \u00f6\u011frenmeye olan ilgiyi art\u0131rmas\u0131n\u0131 diliyorum. Bu vesileyle yurdumuzun d\u00f6rt bir yan\u0131nda faaliyet g\u00f6steren k\u00fct\u00fcphanecilerimize \u00e7al\u0131\u015fmalar\u0131nda ba\u015far\u0131lar diliyor, b\u00fct\u00fcn vatanda\u015flar\u0131m\u0131 sevgiyle selaml\u0131yorum.&#8221;<\/p>\n<p style=\"text-align: justify;\">Kaynak: http:\/\/t24.com.tr\/<\/p>\n","protected":false},"excerpt":{"rendered":"<p>Ba\u015fbakan Recep Tayyip Erdo\u011fan, &#8220;Bilim ve teknolojinin b\u00fcy\u00fck bir h\u0131zla ilerledi\u011fi g\u00fcn\u00fcm\u00fczde \u00fclkelerin geli\u015fmi\u015flik d\u00fczeyini belirleyen en \u00f6nemli g\u00f6stergelerden biri hi\u00e7 ku\u015fkusuz bilgiye en h\u0131zl\u0131 \u015fekilde eri\u015febilme; bilgiyi do\u011fru, gerekti\u011fi gibi kullanabilme kabiliyetidir.&#8221; dedi. Ba\u015fbakan Erdo\u011fan, K\u00fct\u00fcphane Haftas\u0131 dolay\u0131s\u0131yla yay\u0131mlad\u0131\u011f\u0131 mesaj\u0131nda, T\u00fcrkiye&#8217;nin gelece\u011fine dair yap\u0131lan en \u00f6nemli yat\u0131r\u0131mlardan birinin, okuyan, ara\u015ft\u0131ran, sorgulayan, bilgiye ve \u00f6zg\u00fcr [&hellip;]<\/p>\n","protected":false},"author":1,"featured_media":0,"comment_status":"open","ping_status":"open","sticky":false,"template":"","format":"standard","meta":{"footnotes":""},"categories":[1470],"tags":[1461],"class_list":["post-10431","post","type-post","status-publish","format-standard","hentry","category-49-kutuphane-haftasi","tag-kutuphane-haftasi"],"_links":{"self":[{"href":"https:\/\/www.bbyhaber.com\/bby\/wp-json\/wp\/v2\/posts\/10431"}],"collection":[{"href":"https:\/\/www.bbyhaber.com\/bby\/wp-json\/wp\/v2\/posts"}],"about":[{"href":"https:\/\/www.bbyhaber.com\/bby\/wp-json\/wp\/v2\/types\/post"}],"author":[{"embeddable":true,"href":"https:\/\/www.bbyhaber.com\/bby\/wp-json\/wp\/v2\/users\/1"}],"replies":[{"embeddable":true,"href":"https:\/\/www.bbyhaber.com\/bby\/wp-json\/wp\/v2\/comments?post=10431"}],"version-history":[{"count":0,"href":"https:\/\/www.bbyhaber.com\/bby\/wp-json\/wp\/v2\/posts\/10431\/revisions"}],"wp:attachment":[{"href":"https:\/\/www.bbyhaber.com\/bby\/wp-json\/wp\/v2\/media?parent=10431"}],"wp:term":[{"taxonomy":"category","embeddable":true,"href":"https:\/\/www.bbyhaber.com\/bby\/wp-json\/wp\/v2\/categories?post=10431"},{"taxonomy":"post_tag","embeddable":true,"href":"https:\/\/www.bbyhaber.com\/bby\/wp-json\/wp\/v2\/tags?post=10431"}],"curies":[{"name":"wp","href":"https:\/\/api.w.org\/{rel}","templated":true}]}}