{"id":10428,"date":"2013-03-27T19:27:31","date_gmt":"2013-03-27T17:27:31","guid":{"rendered":"http:\/\/www.bbyhaber.com\/bby\/?p=10428"},"modified":"2016-03-23T15:29:55","modified_gmt":"2016-03-23T13:29:55","slug":"kitap-okuyoruz-2013-etkinligine-okul-engeli","status":"publish","type":"post","link":"https:\/\/www.bbyhaber.com\/bby\/2013\/03\/27\/kitap-okuyoruz-2013-etkinligine-okul-engeli","title":{"rendered":"Kitap Okuyoruz 2013 etkinli\u011fine okul engeli"},"content":{"rendered":"<p style=\"text-align: justify;\">49.K\u00fct\u00fcphane Haftas\u0131 dolay\u0131s\u0131yla t\u00fcm T\u00fcrkiye\u2019de ger\u00e7ekle\u015ftirilen Kitap Okuyoruz 2013 etkinli\u011fine kat\u0131lmak isteyen bir \u00f6\u011frenci, velisinin haz\u0131rlam\u0131\u015f oldu\u011fu izin belgesini E\u015frefpa\u015fa Anadolu Lisesi Okul M\u00fcd\u00fcrl\u00fc\u011f\u00fcne g\u00f6t\u00fcrd\u00fc\u011f\u00fcn\u00fc; fakat okul y\u00f6netiminin bunu engelledi\u011fini belirtmi\u015ftir. \u00d6\u011frenciye, a\u00e7\u0131klama olarak; \u201cokul g\u00f6t\u00fcrmedi\u011fi ya da izin olmad\u0131\u011f\u0131\u201d gerek\u00e7esiyle etkinli\u011fe kat\u0131lamayaca\u011f\u0131 belirtilmi\u015ftir. \u00d6\u011frenci, etkinli\u011fe okuldan destek verece\u011fini bildirmi\u015ftir.<!--more--><\/p>\n<p><a href=\"http:\/\/www.bbyhaber.com\/bby\/wp-content\/uploads\/2013\/03\/izinbelgesi.jpg\"><img loading=\"lazy\" decoding=\"async\" class=\"alignnone\" src=\"http:\/\/www.bbyhaber.com\/bby\/wp-content\/uploads\/2013\/03\/izinbelgesi.jpg\" alt=\"\" width=\"150\" height=\"150\" \/><\/a><\/p>\n<p>Kaynak: Facebook<\/p>\n","protected":false},"excerpt":{"rendered":"<p>49.K\u00fct\u00fcphane Haftas\u0131 dolay\u0131s\u0131yla t\u00fcm T\u00fcrkiye\u2019de ger\u00e7ekle\u015ftirilen Kitap Okuyoruz 2013 etkinli\u011fine kat\u0131lmak isteyen bir \u00f6\u011frenci, velisinin haz\u0131rlam\u0131\u015f oldu\u011fu izin belgesini E\u015frefpa\u015fa Anadolu Lisesi Okul M\u00fcd\u00fcrl\u00fc\u011f\u00fcne g\u00f6t\u00fcrd\u00fc\u011f\u00fcn\u00fc; fakat okul y\u00f6netiminin bunu engelledi\u011fini belirtmi\u015ftir. \u00d6\u011frenciye, a\u00e7\u0131klama olarak; \u201cokul g\u00f6t\u00fcrmedi\u011fi ya da izin olmad\u0131\u011f\u0131\u201d gerek\u00e7esiyle etkinli\u011fe kat\u0131lamayaca\u011f\u0131 belirtilmi\u015ftir. \u00d6\u011frenci, etkinli\u011fe okuldan destek verece\u011fini bildirmi\u015ftir.<\/p>\n","protected":false},"author":1,"featured_media":0,"comment_status":"open","ping_status":"open","sticky":false,"template":"","format":"standard","meta":{"footnotes":""},"categories":[1470],"tags":[1461],"class_list":["post-10428","post","type-post","status-publish","format-standard","hentry","category-49-kutuphane-haftasi","tag-kutuphane-haftasi"],"_links":{"self":[{"href":"https:\/\/www.bbyhaber.com\/bby\/wp-json\/wp\/v2\/posts\/10428"}],"collection":[{"href":"https:\/\/www.bbyhaber.com\/bby\/wp-json\/wp\/v2\/posts"}],"about":[{"href":"https:\/\/www.bbyhaber.com\/bby\/wp-json\/wp\/v2\/types\/post"}],"author":[{"embeddable":true,"href":"https:\/\/www.bbyhaber.com\/bby\/wp-json\/wp\/v2\/users\/1"}],"replies":[{"embeddable":true,"href":"https:\/\/www.bbyhaber.com\/bby\/wp-json\/wp\/v2\/comments?post=10428"}],"version-history":[{"count":0,"href":"https:\/\/www.bbyhaber.com\/bby\/wp-json\/wp\/v2\/posts\/10428\/revisions"}],"wp:attachment":[{"href":"https:\/\/www.bbyhaber.com\/bby\/wp-json\/wp\/v2\/media?parent=10428"}],"wp:term":[{"taxonomy":"category","embeddable":true,"href":"https:\/\/www.bbyhaber.com\/bby\/wp-json\/wp\/v2\/categories?post=10428"},{"taxonomy":"post_tag","embeddable":true,"href":"https:\/\/www.bbyhaber.com\/bby\/wp-json\/wp\/v2\/tags?post=10428"}],"curies":[{"name":"wp","href":"https:\/\/api.w.org\/{rel}","templated":true}]}}