{"id":10426,"date":"2013-03-27T15:53:25","date_gmt":"2013-03-27T13:53:25","guid":{"rendered":"http:\/\/www.bbyhaber.com\/bby\/?p=10426"},"modified":"2016-03-23T15:30:02","modified_gmt":"2016-03-23T13:30:02","slug":"tunceli-universitesinde-49-kutuphane-haftasi-kutlandi","status":"publish","type":"post","link":"https:\/\/www.bbyhaber.com\/bby\/2013\/03\/27\/tunceli-universitesinde-49-kutuphane-haftasi-kutlandi","title":{"rendered":"Tunceli \u00dcniversitesi&#8217;nde 49.K\u00fct\u00fcphane Haftas\u0131 Kutland\u0131"},"content":{"rendered":"<p style=\"text-align: justify;\">49.K\u00fct\u00fcphane Haftas\u0131 kapsam\u0131nda \u201cK\u00fct\u00fcphane Haftas\u0131 Etkinli\u011fi\u201d d\u00fczenleyen \u00fcniversitemiz K\u00fct\u00fcphane ve D\u00f6k\u00fcmantasyon Daire Ba\u015fkanl\u0131\u011f\u0131, yeniden d\u00fczenlenen \u201cMerkezi K\u00fct\u00fcphane\u201dnin a\u00e7\u0131l\u0131\u015f\u0131n\u0131 yapt\u0131. 25 Mart Pazartesi g\u00fcn\u00fc Tunceli \u0130l K\u00fclt\u00fcr Merkezinde d\u00fczenlenen \u201cK\u00fct\u00fcphane Haftas\u0131 Etkinli\u011fi\u201dne; Vali Yard\u0131mc\u0131s\u0131 E\u015fref Yonsuz, \u00fcniversitemiz Rekt\u00f6r Vekili Prof. Dr. Ali Batu, Sosyal G\u00fcvenlik Kurumu M\u00fcd\u00fcr Vekili Mehmet Zeki Ayd\u0131n, YURTKUR M\u00fcd\u00fcr\u00fc Adil \u00d6zpay, K\u00fclt\u00fcr Turizm M\u00fcd\u00fcr\u00fc \u0130smet Hakan Ula\u015fo\u011flu, \u0130l Defterdar\u0131 \u00d6mer Faruk \u00d6nel,Milli E\u011fitim M\u00fcd\u00fcr\u00fc Ziya Polatta\u015f, Ticaret ve Sanayi Odas\u0131 Ba\u015fkan\u0131 Yusuf Cengiz, \u00fcniversitemiz idari ve akademik personeli ile \u00f6\u011frencilerimiz kat\u0131ld\u0131. <!--more--><\/p>\n<p style=\"text-align: justify;\">A\u00e7\u0131l\u0131\u015f konu\u015fmas\u0131n\u0131 yapan ve \u00fcniversitemiz k\u00fct\u00fcphanesinin geli\u015fimi hakk\u0131nda bilgi veren K\u00fct\u00fcphane ve D\u00f6k\u00fcmantasyon Daire Ba\u015fkan\u0131 Erdal G\u00fcr, d\u00fczenlenen etkinliklerle okuma bilincinin geli\u015fmesine y\u00f6nelik fark\u0131ndal\u0131klar olu\u015fturmay\u0131 ama\u00e7lad\u0131klar\u0131n\u0131 belirtti. K\u00fct\u00fcphanemizde 10 bin 680 kitap, tez, s\u00fcreli yay\u0131n bulundu\u011funu dile getiren G\u00fcr, konu\u015fmas\u0131na \u015f\u00f6yle devam etti: \u201c\u00dcniversitemizde 12 veri taban\u0131, 3 bin 800 elektronik kitap kullan\u0131m\u0131ndan faydalan\u0131lmaktad\u0131r.\u00dcniversitemizin ilk yay\u0131n\u0131 olan Kerbela Mersiyeleri, 2009 y\u0131l\u0131nda 3 bin adet bast\u0131r\u0131ld\u0131 ve ulusal-uluslaras\u0131 da\u011f\u0131t\u0131m\u0131 yap\u0131ld\u0131. \u0130kinci yay\u0131n\u0131m\u0131z olan ve 3 bin adet bast\u0131r\u0131lan Dersim Sempozyumu\u2019nun da da\u011f\u0131t\u0131m\u0131 halen s\u00fcrmektedir. K\u00fct\u00fcphanemiz T\u00dcB\u0130TAK-ULAKB\u0130M,TOKAT,K\u0130TS,T\u00dcBESS,ANK0S ve Uluslararas\u0131 BSI organizasyonlar\u0131na \u00fcye olup, 2009-2012 y\u0131llar\u0131 aras\u0131 2 uluslararas\u0131 ,8 ulusal ve 4 b\u00f6lgesel olmak \u00fczere toplam 14 \u00e7al\u0131\u015ftay,konferans ve benzeri etkinlikte Daire Ba\u015fkanl\u0131\u011f\u0131 d\u00fczeyinde temsil edildi.B\u00f6ylece bilgi teknolojisi alan\u0131ndaki geli\u015fmeler yak\u0131ndan takip edildi ve de\u011fi\u015fime entegre olundu.K\u00fct\u00fcphanemizde bulunmayan dok\u00fcman ve kaynaklar, \u00fcyesi bulundu\u011fumuz bu organizasyonlar arac\u0131l\u0131\u011f\u0131 ile gerek T\u00fcrkiye\u2019de gerekse yurt d\u0131\u015f\u0131ndaki ilgili k\u00fct\u00fcphanelerden transfer edilerek kullan\u0131c\u0131lar\u0131n ihtiyac\u0131 giderilmektedir.\u201d\u00a0 T\u00fcrkiye\u2019de 10 bin 600 ki\u015fiye bir kitap d\u00fc\u015ft\u00fc\u011f\u00fcn\u00fc ve bu oran\u0131n geli\u015fmi\u015f \u00fclkelere k\u0131yasla \u00e7ok az oldu\u011funu vurgulayan G\u00fcr, bu sonu\u00e7lar \u00e7er\u00e7evesinde d\u00fcnya ortalamas\u0131n\u0131 yakalamak i\u00e7in \u00e7ok \u00e7al\u0131\u015fmam\u0131z gerekti\u011fini belirtti. \u015eiir ve m\u00fczik dinletisi ile devam eden programda okuma yar\u0131\u015fmas\u0131nda dereceye giren \u00f6\u011frencilere kitap hediye edildi. \u0130l K\u00fclt\u00fcr Merkezindeki etkinlikten sonra Tunceli \u00dcniversitesi Kamp\u00fcs\u00fcne ge\u00e7ildi ve \u201cMerkezi K\u00fct\u00fcphanenin\u201d a\u00e7\u0131l\u0131\u015f\u0131 yap\u0131ld\u0131. A\u00e7\u0131l\u0131\u015f\u0131n ard\u0131ndan k\u00fct\u00fcphaneyi gezen Vali Yard\u0131mc\u0131s\u0131 E\u015fref Yonsuz ve konuklar, yetkililerden k\u00fct\u00fcphane hakk\u0131nda bilgi ald\u0131. Program d\u00fczenlenen kokteylden sonra sona erdi.<\/p>\n<p><a href=\"http:\/\/www.tunceli.edu.tr\/haberler\/images\/ktphane\/DSC_1763.JPG\"><img loading=\"lazy\" decoding=\"async\" class=\"alignnone\" src=\"http:\/\/www.tunceli.edu.tr\/haberler\/images\/ktphane\/DSC_1763.JPG\" alt=\"\" width=\"150\" height=\"150\" \/><\/a> <a href=\"http:\/\/www.tunceli.edu.tr\/haberler\/images\/ktphane\/DSC_1859.JPG\"><img loading=\"lazy\" decoding=\"async\" class=\"alignnone\" src=\"http:\/\/www.tunceli.edu.tr\/haberler\/images\/ktphane\/DSC_1859.JPG\" alt=\"\" width=\"150\" height=\"150\" \/><\/a> <a href=\"http:\/\/www.tunceli.edu.tr\/haberler\/images\/ktphane\/DSC_1866.JPG\"><img loading=\"lazy\" decoding=\"async\" class=\"alignnone\" src=\"http:\/\/www.tunceli.edu.tr\/haberler\/images\/ktphane\/DSC_1866.JPG\" alt=\"\" width=\"150\" height=\"150\" \/><\/a><br \/>\n<a href=\"http:\/\/www.tunceli.edu.tr\/haberler\/images\/ktphane\/DSC_1823.JPG\"><img loading=\"lazy\" decoding=\"async\" class=\"alignnone\" src=\"http:\/\/www.tunceli.edu.tr\/haberler\/images\/ktphane\/DSC_1823.JPG\" alt=\"\" width=\"150\" height=\"150\" \/><\/a> <a href=\"http:\/\/www.tunceli.edu.tr\/haberler\/images\/ktphane\/DSC_1803.JPG\"><img loading=\"lazy\" decoding=\"async\" class=\"alignnone\" src=\"http:\/\/www.tunceli.edu.tr\/haberler\/images\/ktphane\/DSC_1803.JPG\" alt=\"\" width=\"150\" height=\"150\" \/><\/a> <a href=\"http:\/\/www.tunceli.edu.tr\/haberler\/images\/ktphane\/DSC_1798.JPG\"><img loading=\"lazy\" decoding=\"async\" class=\"alignnone\" src=\"http:\/\/www.tunceli.edu.tr\/haberler\/images\/ktphane\/DSC_1798.JPG\" alt=\"\" width=\"150\" height=\"150\" \/><\/a><\/p>\n<p>Kaynak: www.tunceli.edu.tr<\/p>\n","protected":false},"excerpt":{"rendered":"<p>49.K\u00fct\u00fcphane Haftas\u0131 kapsam\u0131nda \u201cK\u00fct\u00fcphane Haftas\u0131 Etkinli\u011fi\u201d d\u00fczenleyen \u00fcniversitemiz K\u00fct\u00fcphane ve D\u00f6k\u00fcmantasyon Daire Ba\u015fkanl\u0131\u011f\u0131, yeniden d\u00fczenlenen \u201cMerkezi K\u00fct\u00fcphane\u201dnin a\u00e7\u0131l\u0131\u015f\u0131n\u0131 yapt\u0131. 25 Mart Pazartesi g\u00fcn\u00fc Tunceli \u0130l K\u00fclt\u00fcr Merkezinde d\u00fczenlenen \u201cK\u00fct\u00fcphane Haftas\u0131 Etkinli\u011fi\u201dne; Vali Yard\u0131mc\u0131s\u0131 E\u015fref Yonsuz, \u00fcniversitemiz Rekt\u00f6r Vekili Prof. Dr. Ali Batu, Sosyal G\u00fcvenlik Kurumu M\u00fcd\u00fcr Vekili Mehmet Zeki Ayd\u0131n, YURTKUR M\u00fcd\u00fcr\u00fc Adil \u00d6zpay, K\u00fclt\u00fcr [&hellip;]<\/p>\n","protected":false},"author":1,"featured_media":0,"comment_status":"open","ping_status":"open","sticky":false,"template":"","format":"standard","meta":{"footnotes":""},"categories":[1470],"tags":[1461,1437],"class_list":["post-10426","post","type-post","status-publish","format-standard","hentry","category-49-kutuphane-haftasi","tag-kutuphane-haftasi","tag-univ-arastirma-kutuphaneleri"],"_links":{"self":[{"href":"https:\/\/www.bbyhaber.com\/bby\/wp-json\/wp\/v2\/posts\/10426"}],"collection":[{"href":"https:\/\/www.bbyhaber.com\/bby\/wp-json\/wp\/v2\/posts"}],"about":[{"href":"https:\/\/www.bbyhaber.com\/bby\/wp-json\/wp\/v2\/types\/post"}],"author":[{"embeddable":true,"href":"https:\/\/www.bbyhaber.com\/bby\/wp-json\/wp\/v2\/users\/1"}],"replies":[{"embeddable":true,"href":"https:\/\/www.bbyhaber.com\/bby\/wp-json\/wp\/v2\/comments?post=10426"}],"version-history":[{"count":0,"href":"https:\/\/www.bbyhaber.com\/bby\/wp-json\/wp\/v2\/posts\/10426\/revisions"}],"wp:attachment":[{"href":"https:\/\/www.bbyhaber.com\/bby\/wp-json\/wp\/v2\/media?parent=10426"}],"wp:term":[{"taxonomy":"category","embeddable":true,"href":"https:\/\/www.bbyhaber.com\/bby\/wp-json\/wp\/v2\/categories?post=10426"},{"taxonomy":"post_tag","embeddable":true,"href":"https:\/\/www.bbyhaber.com\/bby\/wp-json\/wp\/v2\/tags?post=10426"}],"curies":[{"name":"wp","href":"https:\/\/api.w.org\/{rel}","templated":true}]}}