{"id":10421,"date":"2013-03-27T12:45:10","date_gmt":"2013-03-27T10:45:10","guid":{"rendered":"http:\/\/www.bbyhaber.com\/bby\/?p=10421"},"modified":"2013-03-27T12:45:24","modified_gmt":"2013-03-27T10:45:24","slug":"tarihi-kutuphanelere-makyaj","status":"publish","type":"post","link":"https:\/\/www.bbyhaber.com\/bby\/2013\/03\/27\/tarihi-kutuphanelere-makyaj","title":{"rendered":"Tarihi k\u00fct\u00fcphanelere makyaj"},"content":{"rendered":"<p style=\"text-align: justify;\">\u0130l \u00d6zel \u0130daresi taraf\u0131ndan yap\u0131lan yaz\u0131l\u0131 a\u00e7\u0131klamaya g\u00f6re, Beyaz\u0131t Devlet K\u00fct\u00fcphanesi\u2019nin yenilenmesi \u00e7al\u0131\u015fmalar\u0131 y\u00fczde 95 oran\u0131nda tamamlan\u0131rken, 2009 y\u0131l\u0131nda ba\u015flayan \u00e7al\u0131\u015fmalar bah\u00e7e ve meydan d\u00fczenlemesiyle sona erecek. 4 milyon 234 bin lira b\u00fct\u00e7eyle yap\u0131lan mekan, sergi ve konferanslar\u0131n yap\u0131ld\u0131\u011f\u0131 k\u00fclt\u00fcr merkezi olarak hizmet verecek. Mimar Sinan\u2019\u0131n hayat\u0131n\u0131n sonlar\u0131nda tasarlad\u0131\u011f\u0131 \u015eemsi Pa\u015fa Halk K\u00fct\u00fcphanesi\u2019nin 611 bin 654 lira b\u00fct\u00e7eyle, Haziran 2012\u2019de ba\u015flayan yenileme \u00e7al\u0131\u015fmalar\u0131n\u0131n yak\u0131n bir zamanda bitirilmesi planlan\u0131yor.<!--more--><\/p>\n<p style=\"text-align: justify;\">I. Mahmut K\u00fct\u00fcphanesi\u2019nin ge\u00e7en y\u0131l 1 milyon 273 bin lira b\u00fct\u00e7eyle ba\u015flayan restorasyon \u00e7al\u0131\u015fmalar\u0131 bu y\u0131l sonu\u00e7land\u0131r\u0131lacak. Laleli\u2019deki Koca Rag\u0131p Pa\u015fa K\u00fct\u00fcphanesi\u2019nin yenileme \u00e7al\u0131\u015fmalar\u0131n\u0131n birinci a\u015famas\u0131 1 milyon 634 bin lira b\u00fct\u00e7eyle ge\u00e7en y\u0131l tamamlan\u0131rken, ikinci a\u015famas\u0131 yap\u0131lan ihale ile karara ba\u011fland\u0131.<\/p>\n<p style=\"text-align: justify;\">Kaynak:http:\/\/kitap.radikal.com.tr<\/p>\n","protected":false},"excerpt":{"rendered":"<p>\u0130l \u00d6zel \u0130daresi taraf\u0131ndan yap\u0131lan yaz\u0131l\u0131 a\u00e7\u0131klamaya g\u00f6re, Beyaz\u0131t Devlet K\u00fct\u00fcphanesi\u2019nin yenilenmesi \u00e7al\u0131\u015fmalar\u0131 y\u00fczde 95 oran\u0131nda tamamlan\u0131rken, 2009 y\u0131l\u0131nda ba\u015flayan \u00e7al\u0131\u015fmalar bah\u00e7e ve meydan d\u00fczenlemesiyle sona erecek. 4 milyon 234 bin lira b\u00fct\u00e7eyle yap\u0131lan mekan, sergi ve konferanslar\u0131n yap\u0131ld\u0131\u011f\u0131 k\u00fclt\u00fcr merkezi olarak hizmet verecek. Mimar Sinan\u2019\u0131n hayat\u0131n\u0131n sonlar\u0131nda tasarlad\u0131\u011f\u0131 \u015eemsi Pa\u015fa Halk K\u00fct\u00fcphanesi\u2019nin 611 bin [&hellip;]<\/p>\n","protected":false},"author":1,"featured_media":0,"comment_status":"open","ping_status":"open","sticky":false,"template":"","format":"standard","meta":{"footnotes":""},"categories":[1],"tags":[],"class_list":["post-10421","post","type-post","status-publish","format-standard","hentry","category-genel"],"_links":{"self":[{"href":"https:\/\/www.bbyhaber.com\/bby\/wp-json\/wp\/v2\/posts\/10421"}],"collection":[{"href":"https:\/\/www.bbyhaber.com\/bby\/wp-json\/wp\/v2\/posts"}],"about":[{"href":"https:\/\/www.bbyhaber.com\/bby\/wp-json\/wp\/v2\/types\/post"}],"author":[{"embeddable":true,"href":"https:\/\/www.bbyhaber.com\/bby\/wp-json\/wp\/v2\/users\/1"}],"replies":[{"embeddable":true,"href":"https:\/\/www.bbyhaber.com\/bby\/wp-json\/wp\/v2\/comments?post=10421"}],"version-history":[{"count":0,"href":"https:\/\/www.bbyhaber.com\/bby\/wp-json\/wp\/v2\/posts\/10421\/revisions"}],"wp:attachment":[{"href":"https:\/\/www.bbyhaber.com\/bby\/wp-json\/wp\/v2\/media?parent=10421"}],"wp:term":[{"taxonomy":"category","embeddable":true,"href":"https:\/\/www.bbyhaber.com\/bby\/wp-json\/wp\/v2\/categories?post=10421"},{"taxonomy":"post_tag","embeddable":true,"href":"https:\/\/www.bbyhaber.com\/bby\/wp-json\/wp\/v2\/tags?post=10421"}],"curies":[{"name":"wp","href":"https:\/\/api.w.org\/{rel}","templated":true}]}}