{"id":10407,"date":"2013-03-26T15:15:52","date_gmt":"2013-03-26T13:15:52","guid":{"rendered":"http:\/\/www.bbyhaber.com\/bby\/?p=10407"},"modified":"2013-12-17T10:04:24","modified_gmt":"2013-12-17T08:04:24","slug":"ydunun-kutuphane-otomasyon-sistemi-projesine-turizm-bakanligindan-odul","status":"publish","type":"post","link":"https:\/\/www.bbyhaber.com\/bby\/2013\/03\/26\/ydunun-kutuphane-otomasyon-sistemi-projesine-turizm-bakanligindan-odul","title":{"rendered":"YD\u00dc&#8217;n\u00fcn K\u00fct\u00fcphane Otomasyon Sistemi Projesi&#8217;ne Turizm Bakanl\u0131\u011f\u0131&#8217;ndan \u00f6d\u00fcl"},"content":{"rendered":"<p style=\"text-align: justify;\"><img loading=\"lazy\" decoding=\"async\" class=\"alignleft\" src=\"http:\/\/www.bbyhaber.com\/bby\/wp-content\/uploads\/2013\/02\/koha.jpg\" alt=\"\" width=\"150\" height=\"76\" \/>KKTC&#8217;nin yan\u0131 s\u0131ra T\u00fcrkiye&#8217;de bin 112 k\u00fct\u00fcphanede otomasyon sistemi ba\u015flatan Yak\u0131n Do\u011fu \u00dcniversitesi (YD\u00dc) Turizm Bakanl\u0131\u011f\u0131 taraf\u0131ndan \u00f6d\u00fcle lay\u0131k g\u00f6r\u00fcld\u00fc. Kitapseverlerin ara\u015ft\u0131rmalar\u0131na katk\u0131lar\u0131 g\u00f6z ard\u0131 edilmeyen YD\u00dc Kurucu Rekt\u00f6r\u00fc Suat G\u00fcnsel, b\u00f6ylesi bir \u00f6d\u00fcl almaktan dolay\u0131 gurur duyduklar\u0131n\u0131 s\u00f6yledi. &#8220;K\u00fct\u00fcphane Haftas\u0131&#8221; \u00e7er\u00e7evesinde Ankara&#8217;da ger\u00e7ekle\u015ftirilen etkinli\u011fe KKTC Ba\u015fbakan\u0131 \u0130rsen K\u00fc\u00e7\u00fck, Turizm Bakan\u0131 \u00dcnal \u00dcstel ve YD\u00dc Kurucu Rekt\u00f6r\u00fc Suat G\u00fcnsel&#8217;in yan\u0131 s\u0131ra \u00e7o\u011fu say\u0131da kitap sever kat\u0131ld\u0131.<!--more--><\/p>\n<p style=\"text-align: justify;\">D\u00fczenlenen etkinlikte S\u0131rad\u0131\u015f\u0131 Okurlar Projesi ile \u00c7e\u015fitli \u00fcniversitelerin Bilgi ve Belge Y\u00f6netimi alan\u0131nda ba\u015far\u0131l\u0131 olan \u00f6\u011frencilere \u00f6d\u00fcl verildi. \u00d6d\u00fcle lay\u0131k g\u00f6r\u00fclenlerin aras\u0131nda YD\u00dc Kurucu Rekt\u00f6r\u00fc Suat G\u00fcnsel de yer ald\u0131. G\u00fcnsel&#8217;e T\u00fcrkiye&#8217;de bin 112 k\u00fct\u00fcphanede otomasyon sistemi ba\u015flatmas\u0131ndan dolay\u0131 te\u015fekk\u00fcr edildi. D\u00fczenlenen t\u00f6renin ard\u0131ndan Ba\u015fbakan \u0130rsen K\u00fc\u00e7\u00fck ile G\u00fcnsel bas\u0131n toplant\u0131s\u0131 d\u00fczenledi. Toplant\u0131da konu\u015fan K\u00fc\u00e7\u00fck, YD\u00dc&#8217;n\u00fcn T\u00fcrkiye&#8217;deki bin 112 k\u00fct\u00fcphane ile otomasyon \u00e7al\u0131\u015fmas\u0131 ba\u015flatmas\u0131n\u0131n mutluluk verici bir geli\u015fme oldu\u011funu ifade ederek, &#8220;Anavatan\u0131m\u0131zla b\u00fct\u00fcnle\u015fme \u00e7al\u0131\u015fmalar\u0131n\u0131 s\u00fcrd\u00fcr\u00fcyoruz. Bu da bunun bir \u00f6rne\u011fi.&#8221; dedi. B\u00f6ylesi bir \u00f6d\u00fcl\u00fcn kendilerine mutluluk verdi\u011fini ifade eden G\u00fcnsel de bu \u00e7al\u0131\u015fmalar\u0131n T\u00fcrkiye ile KKTC aras\u0131ndaki b\u00fct\u00fcnl\u00fc\u011f\u00fcn g\u00f6stergesi oldu\u011funu kaydetti.<\/p>\n<p style=\"text-align: justify;\">Kaynak: http:\/\/www.timeturk.com<\/p>\n","protected":false},"excerpt":{"rendered":"<p>KKTC&#8217;nin yan\u0131 s\u0131ra T\u00fcrkiye&#8217;de bin 112 k\u00fct\u00fcphanede otomasyon sistemi ba\u015flatan Yak\u0131n Do\u011fu \u00dcniversitesi (YD\u00dc) Turizm Bakanl\u0131\u011f\u0131 taraf\u0131ndan \u00f6d\u00fcle lay\u0131k g\u00f6r\u00fcld\u00fc. Kitapseverlerin ara\u015ft\u0131rmalar\u0131na katk\u0131lar\u0131 g\u00f6z ard\u0131 edilmeyen YD\u00dc Kurucu Rekt\u00f6r\u00fc Suat G\u00fcnsel, b\u00f6ylesi bir \u00f6d\u00fcl almaktan dolay\u0131 gurur duyduklar\u0131n\u0131 s\u00f6yledi. &#8220;K\u00fct\u00fcphane Haftas\u0131&#8221; \u00e7er\u00e7evesinde Ankara&#8217;da ger\u00e7ekle\u015ftirilen etkinli\u011fe KKTC Ba\u015fbakan\u0131 \u0130rsen K\u00fc\u00e7\u00fck, Turizm Bakan\u0131 \u00dcnal \u00dcstel ve YD\u00dc [&hellip;]<\/p>\n","protected":false},"author":1,"featured_media":0,"comment_status":"open","ping_status":"open","sticky":false,"template":"","format":"standard","meta":{"footnotes":""},"categories":[1,1585],"tags":[848],"class_list":["post-10407","post","type-post","status-publish","format-standard","hentry","category-genel","category-koha","tag-halk-kutuphaneleri"],"_links":{"self":[{"href":"https:\/\/www.bbyhaber.com\/bby\/wp-json\/wp\/v2\/posts\/10407"}],"collection":[{"href":"https:\/\/www.bbyhaber.com\/bby\/wp-json\/wp\/v2\/posts"}],"about":[{"href":"https:\/\/www.bbyhaber.com\/bby\/wp-json\/wp\/v2\/types\/post"}],"author":[{"embeddable":true,"href":"https:\/\/www.bbyhaber.com\/bby\/wp-json\/wp\/v2\/users\/1"}],"replies":[{"embeddable":true,"href":"https:\/\/www.bbyhaber.com\/bby\/wp-json\/wp\/v2\/comments?post=10407"}],"version-history":[{"count":0,"href":"https:\/\/www.bbyhaber.com\/bby\/wp-json\/wp\/v2\/posts\/10407\/revisions"}],"wp:attachment":[{"href":"https:\/\/www.bbyhaber.com\/bby\/wp-json\/wp\/v2\/media?parent=10407"}],"wp:term":[{"taxonomy":"category","embeddable":true,"href":"https:\/\/www.bbyhaber.com\/bby\/wp-json\/wp\/v2\/categories?post=10407"},{"taxonomy":"post_tag","embeddable":true,"href":"https:\/\/www.bbyhaber.com\/bby\/wp-json\/wp\/v2\/tags?post=10407"}],"curies":[{"name":"wp","href":"https:\/\/api.w.org\/{rel}","templated":true}]}}