{"id":10394,"date":"2013-03-26T10:31:44","date_gmt":"2013-03-26T08:31:44","guid":{"rendered":"http:\/\/www.bbyhaber.com\/bby\/?p=10394"},"modified":"2016-03-23T15:33:53","modified_gmt":"2016-03-23T13:33:53","slug":"kutuphanede-bir-gece","status":"publish","type":"post","link":"https:\/\/www.bbyhaber.com\/bby\/2013\/03\/26\/kutuphanede-bir-gece","title":{"rendered":"K\u00fct\u00fcphanede Bir Gece"},"content":{"rendered":"<p style=\"text-align: justify;\">\u0130STEK \u00d6zel Atanur O\u011fuz Okullar\u0131, ge\u00e7ti\u011fimiz y\u0131l s\u00f6zl\u00fc ve yaz\u0131l\u0131 bas\u0131nda b\u00fcy\u00fck ilgi g\u00f6ren \u201cK\u00fct\u00fcphanede Bir Gece\u201d etkinli\u011fini gelenekselle\u015ftirerek bu y\u0131l ikincisini d\u00fczenliyor. 24 saat e\u011fitim temas\u0131n\u0131 vurgulayarak k\u00fct\u00fcphanelere fark\u0131ndal\u0131k yaratmay\u0131 ama\u00e7layan etkinlikte Akg\u00fcn Akova konuk ediliyor. Konuk e\u015fli\u011finde yarat\u0131c\u0131 yazarl\u0131k \u00e7al\u0131\u015fmalar\u0131 yapacak olan 24 \u00f6\u011frenci, etkinlik sonunda kitaplar\u0131n\u0131 da imzalatma \u015fans\u0131 bulacak. <!--more-->Gece boyunca birbirinden farkl\u0131 at\u00f6lye \u00e7al\u0131\u015fmalar\u0131na kat\u0131lacak olan \u00f6\u011frenciler 29 Mart Cuma g\u00fcn\u00fc uyku tulumlar\u0131yla k\u00fct\u00fcphanede bir gece ge\u00e7irecekler. 30 Mart sabah\u0131 canl\u0131 m\u00fczik dinletisi e\u015fli\u011finde\u00a0 yap\u0131lacak kahvalt\u0131n\u0131n ard\u0131ndan \u00f6\u011frenciler, velileri e\u015fli\u011finde evlerine u\u011furlanacak.<\/p>\n<p><a href=\"http:\/\/www.bbyhaber.com\/bby\/wp-content\/uploads\/2013\/03\/kutupgeceafis.jpg\"><img loading=\"lazy\" decoding=\"async\" class=\"alignleft size-thumbnail wp-image-10397\" title=\"kutupgeceafis\" src=\"http:\/\/www.bbyhaber.com\/bby\/wp-content\/uploads\/2013\/03\/kutupgeceafis.jpg\" alt=\"\" width=\"150\" height=\"150\" \/><\/a>\u00a0\u00a0 <a href=\"http:\/\/www.bbyhaber.com\/bby\/wp-content\/uploads\/2013\/03\/kutupgece.jpg\"><img loading=\"lazy\" decoding=\"async\" class=\"alignleft size-thumbnail wp-image-10395\" title=\"kutupgece\" src=\"http:\/\/www.bbyhaber.com\/bby\/wp-content\/uploads\/2013\/03\/kutupgece.jpg\" alt=\"\" width=\"150\" height=\"150\" \/><\/a><\/p>\n","protected":false},"excerpt":{"rendered":"<p>\u0130STEK \u00d6zel Atanur O\u011fuz Okullar\u0131, ge\u00e7ti\u011fimiz y\u0131l s\u00f6zl\u00fc ve yaz\u0131l\u0131 bas\u0131nda b\u00fcy\u00fck ilgi g\u00f6ren \u201cK\u00fct\u00fcphanede Bir Gece\u201d etkinli\u011fini gelenekselle\u015ftirerek bu y\u0131l ikincisini d\u00fczenliyor. 24 saat e\u011fitim temas\u0131n\u0131 vurgulayarak k\u00fct\u00fcphanelere fark\u0131ndal\u0131k yaratmay\u0131 ama\u00e7layan etkinlikte Akg\u00fcn Akova konuk ediliyor. Konuk e\u015fli\u011finde yarat\u0131c\u0131 yazarl\u0131k \u00e7al\u0131\u015fmalar\u0131 yapacak olan 24 \u00f6\u011frenci, etkinlik sonunda kitaplar\u0131n\u0131 da imzalatma \u015fans\u0131 bulacak.<\/p>\n","protected":false},"author":1,"featured_media":0,"comment_status":"open","ping_status":"open","sticky":false,"template":"","format":"standard","meta":{"footnotes":""},"categories":[1470],"tags":[1461,477],"class_list":["post-10394","post","type-post","status-publish","format-standard","hentry","category-49-kutuphane-haftasi","tag-kutuphane-haftasi","tag-kutuphanede-bir-gece"],"_links":{"self":[{"href":"https:\/\/www.bbyhaber.com\/bby\/wp-json\/wp\/v2\/posts\/10394"}],"collection":[{"href":"https:\/\/www.bbyhaber.com\/bby\/wp-json\/wp\/v2\/posts"}],"about":[{"href":"https:\/\/www.bbyhaber.com\/bby\/wp-json\/wp\/v2\/types\/post"}],"author":[{"embeddable":true,"href":"https:\/\/www.bbyhaber.com\/bby\/wp-json\/wp\/v2\/users\/1"}],"replies":[{"embeddable":true,"href":"https:\/\/www.bbyhaber.com\/bby\/wp-json\/wp\/v2\/comments?post=10394"}],"version-history":[{"count":0,"href":"https:\/\/www.bbyhaber.com\/bby\/wp-json\/wp\/v2\/posts\/10394\/revisions"}],"wp:attachment":[{"href":"https:\/\/www.bbyhaber.com\/bby\/wp-json\/wp\/v2\/media?parent=10394"}],"wp:term":[{"taxonomy":"category","embeddable":true,"href":"https:\/\/www.bbyhaber.com\/bby\/wp-json\/wp\/v2\/categories?post=10394"},{"taxonomy":"post_tag","embeddable":true,"href":"https:\/\/www.bbyhaber.com\/bby\/wp-json\/wp\/v2\/tags?post=10394"}],"curies":[{"name":"wp","href":"https:\/\/api.w.org\/{rel}","templated":true}]}}