{"id":1039,"date":"2011-03-06T15:39:27","date_gmt":"2011-03-06T12:39:27","guid":{"rendered":"http:\/\/www.bbyhaber.com\/bby\/?p=1039"},"modified":"2013-01-14T13:24:56","modified_gmt":"2013-01-14T11:24:56","slug":"binlerce-el-yazmasi-21-yildir-toz-icinde","status":"publish","type":"post","link":"https:\/\/www.bbyhaber.com\/bby\/2011\/03\/06\/binlerce-el-yazmasi-21-yildir-toz-icinde","title":{"rendered":"Binlerce el yazmas\u0131 21 y\u0131ld\u0131r toz i\u00e7inde"},"content":{"rendered":"<p style=\"text-align: justify;\" align=\"justify\">Beyaz\u0131t Devlet K\u00fct\u00fcphanesi&#8217;ndeki temizlik skandal\u0131, bir s\u00fcre \u00f6nce \u0130stanbul Emniyet M\u00fcd\u00fcrl\u00fc\u011f\u00fc&#8217;ne gelen bir \u015fik\u00e2yet \u00fczerine ortaya \u00e7\u0131kt\u0131. \u015eik\u00e2yette, k\u00fct\u00fcphanenin temizlik i\u015flerinin ihalede yolsuzluk yap\u0131larak 1989&#8217;dan bu yana, k\u00fct\u00fcphanenin m\u00fcd\u00fcr yard\u0131mc\u0131s\u0131 S.\u015e.&#8217;nin birinci derecede akrabas\u0131na ait temizlik \u015firketine verildi\u011fi belirtiliyordu. \u0130stanbul Valili\u011fi, konuya ili\u015fkin inceleme ba\u015flatt\u0131. Bu arada tarihi k\u00fct\u00fcphanede aralar\u0131nda el yazmas\u0131 nadide eserlerin de bulundu\u011fu binlerce kitab\u0131n konuldu\u011fu depolar\u0131n, y\u0131llard\u0131r temizlik alan\u0131 d\u0131\u015f\u0131nda tutuldu\u011fu, depolardaki kitaplar\u0131n da bu nedenle zarar g\u00f6rd\u00fc\u011f\u00fc belirlendi.<!--more--><\/p>\n<p style=\"text-align: justify;\" align=\"justify\">K\u00fct\u00fcphaneye bir s\u00fcre \u00f6nce m\u00fcd\u00fcr olarak atanan Ayten \u015ean, durumu bir yaz\u0131 ile \u0130l K\u00fclt\u00fcr ve Turizm M\u00fcd\u00fcrl\u00fc\u011f\u00fc&#8217;ne bildirdi. SABAH&#8217;\u0131n ele ge\u00e7irdi\u011fi 23 Aral\u0131k 2010 tarihli yaz\u0131da, temizlik i\u015finin 1989&#8217;dan bu yana \u0130maj End\u00fcstriyel Temizlik \u015firketince y\u00fcr\u00fct\u00fcld\u00fc\u011f\u00fc belirtilerek \u015f\u00f6yle deniliyor. &#8220;K\u00fct\u00fcphanemiz bir derleme k\u00fct\u00fcphanesidir ve koleksiyonuna \u00e7ok farkl\u0131 bir \u00f6zen g\u00f6sterilmesi gerekir. Oysa k\u00fct\u00fcphanemizin koleksiyonu uzun bir s\u00fcre temizlik ve bak\u0131m d\u0131\u015f\u0131 tutulmu\u015f, bu durum telafi edilmeyecek sonu\u00e7lar meydana getirmi\u015ftir.&#8221; K\u00fct\u00fcphane M\u00fcd\u00fcr\u00fc Ayten \u015ean, kendisine ula\u015fan SABAH muhabirine b\u00f6yle bir yaz\u0131 yazd\u0131\u011f\u0131n\u0131, ancak konuyla ilgili a\u00e7\u0131klama yapmak istemedi\u011fini s\u00f6yledi. \u0130stanbul \u0130l K\u00fclt\u00fcr ve Turizm M\u00fcd\u00fcr\u00fc Ahmet Emre Bilgili ise, temizlik ihalesinin 21 y\u0131l boyunca ayn\u0131 \u015firkete verilmesi ile ilgili incelemenin s\u00fcrd\u00fc\u011f\u00fcn\u00fc belirtti ancak tarihi kitaplar\u0131n bak\u0131m d\u0131\u015f\u0131 tutulmas\u0131 sonucu g\u00f6rd\u00fc\u011f\u00fc zarar konusunda a\u00e7\u0131klama yapmad\u0131. Bu arada k\u00fct\u00fcphanenin temizlik i\u015finin bu y\u0131l ba\u015f\u0131ndan itibaren ba\u015fka bir temizlik \u015firketine verildi\u011fi \u00f6\u011frenildi.<\/p>\n<p style=\"text-align: justify;\" align=\"justify\">Beyaz\u0131t Devlet K\u00fct\u00fcphanesi<br \/>\n1884&#8217;te 2. Abd\u00fclhamit taraf\u0131ndan &#8216;K\u00fct\u00fcphane-i Umum-i Osmani&#8217; ad\u0131yla a\u00e7\u0131ld\u0131. K\u00fct\u00fcphanede, 600 bin kitap, 26 bin \u00e7e\u015fit dergi, T\u00fcrkiye&#8217;de \u00e7\u0131kar\u0131lan b\u00fct\u00fcn gazeteler, 11 bin 234 el yazmas\u0131 eser, 28 bin 704 arap harfli basma eser, 15 bin \u0130ngilizce, 10 bin Frans\u0131zca, 2 bin 600 Almanca, 4 bin 500 di\u011fer dillerde kitap bulunuyor.\u00a0<strong><\/strong><\/p>\n<p style=\"text-align: justify;\" align=\"justify\">Kaynak: <a href=\"http:\/\/www.sabah.com.tr\/\" target=\"_blank\">http:\/\/www.sabah.com.tr<\/a><\/p>\n","protected":false},"excerpt":{"rendered":"<p>Beyaz\u0131t Devlet K\u00fct\u00fcphanesi&#8217;ndeki temizlik skandal\u0131, bir s\u00fcre \u00f6nce \u0130stanbul Emniyet M\u00fcd\u00fcrl\u00fc\u011f\u00fc&#8217;ne gelen bir \u015fik\u00e2yet \u00fczerine ortaya \u00e7\u0131kt\u0131. \u015eik\u00e2yette, k\u00fct\u00fcphanenin temizlik i\u015flerinin ihalede yolsuzluk yap\u0131larak 1989&#8217;dan bu yana, k\u00fct\u00fcphanenin m\u00fcd\u00fcr yard\u0131mc\u0131s\u0131 S.\u015e.&#8217;nin birinci derecede akrabas\u0131na ait temizlik \u015firketine verildi\u011fi belirtiliyordu. \u0130stanbul Valili\u011fi, konuya ili\u015fkin inceleme ba\u015flatt\u0131. Bu arada tarihi k\u00fct\u00fcphanede aralar\u0131nda el yazmas\u0131 nadide eserlerin de [&hellip;]<\/p>\n","protected":false},"author":1,"featured_media":0,"comment_status":"open","ping_status":"open","sticky":false,"template":"","format":"standard","meta":{"footnotes":""},"categories":[1500,1509],"tags":[1096,438,1441],"class_list":["post-1039","post","type-post","status-publish","format-standard","hentry","category-nadir-eserler","category-yazma-eserler","tag-arsivcilik","tag-el-yazmalari","tag-yazma-eser-kutuphaneleri"],"_links":{"self":[{"href":"https:\/\/www.bbyhaber.com\/bby\/wp-json\/wp\/v2\/posts\/1039"}],"collection":[{"href":"https:\/\/www.bbyhaber.com\/bby\/wp-json\/wp\/v2\/posts"}],"about":[{"href":"https:\/\/www.bbyhaber.com\/bby\/wp-json\/wp\/v2\/types\/post"}],"author":[{"embeddable":true,"href":"https:\/\/www.bbyhaber.com\/bby\/wp-json\/wp\/v2\/users\/1"}],"replies":[{"embeddable":true,"href":"https:\/\/www.bbyhaber.com\/bby\/wp-json\/wp\/v2\/comments?post=1039"}],"version-history":[{"count":0,"href":"https:\/\/www.bbyhaber.com\/bby\/wp-json\/wp\/v2\/posts\/1039\/revisions"}],"wp:attachment":[{"href":"https:\/\/www.bbyhaber.com\/bby\/wp-json\/wp\/v2\/media?parent=1039"}],"wp:term":[{"taxonomy":"category","embeddable":true,"href":"https:\/\/www.bbyhaber.com\/bby\/wp-json\/wp\/v2\/categories?post=1039"},{"taxonomy":"post_tag","embeddable":true,"href":"https:\/\/www.bbyhaber.com\/bby\/wp-json\/wp\/v2\/tags?post=1039"}],"curies":[{"name":"wp","href":"https:\/\/api.w.org\/{rel}","templated":true}]}}