{"id":10387,"date":"2013-03-25T23:20:10","date_gmt":"2013-03-25T21:20:10","guid":{"rendered":"http:\/\/www.bbyhaber.com\/bby\/?p=10387"},"modified":"2014-03-22T17:29:08","modified_gmt":"2014-03-22T15:29:08","slug":"bilgi-toplumunda-kutuphanecinin-adi-kutuphanelerin-tadi-yok-aydin-ileri","status":"publish","type":"post","link":"https:\/\/www.bbyhaber.com\/bby\/2013\/03\/25\/bilgi-toplumunda-kutuphanecinin-adi-kutuphanelerin-tadi-yok-aydin-ileri","title":{"rendered":"Bilgi Toplumunda K\u00fct\u00fcphanecinin Ad\u0131, K\u00fct\u00fcphanelerin Tad\u0131 Yok-Ayd\u0131n \u0130leri"},"content":{"rendered":"<p style=\"text-align: justify;\">K\u00fct\u00fcphanelerde k\u00fct\u00fcphanecilerin \u00e7al\u0131\u015ft\u0131\u011f\u0131, okullar\u0131n k\u00fct\u00fcphanelerle donat\u0131ld\u0131\u011f\u0131,\u00a0k\u00fct\u00fcphanelerin okurlarla dolup ta\u015ft\u0131\u011f\u0131, K\u00fct\u00fcphanecinin ya\u015famda yerinin artt\u0131\u011f\u0131, kitaplar\u0131n sans\u00fcrlenmedi\u011fi, yasaklanmad\u0131\u011f\u0131 bir hafta dilemek\u00a0isterdim sizlere ama ger\u00e7ekler ac\u0131. \u00dclkemiz k\u00fct\u00fcphane yoksulu, mevcut k\u00fct\u00fcphanelerimiz personel ve materyal bak\u0131m\u0131ndan yetersiz.\u00a0<!--more--><strong>K\u00fct\u00fcphane ve K\u00fct\u00fcphaneci Yoksulu &#8220;B\u0130LG\u0130 TOPLUMU&#8221;\u00a0<\/strong>K\u00fct\u00fcphanelerde k\u00fct\u00fcphaneci yok. K\u00fct\u00fcphaneleri a\u00e7mak i\u015fletmek ve hizmet vermekle y\u00fck\u00fcml\u00fc birinci kurum olan K\u00fclt\u00fcr ve Turizm Bakanl\u0131\u011f\u0131na ba\u011fl\u0131\u00a0<strong>1112 k\u00fct\u00fcphanede\u00a0<\/strong><strong>344\u00a0<\/strong><strong>k\u00fct\u00fcphaneci..<wbr>.&#8221;4 K\u00fct\u00fcphaneye 1 K\u00fct\u00fcphaneci&#8221; ya da &#8221; 1 K\u00fct\u00fcphaneciye 4 K\u00fct\u00fcphane&#8221; nereden okursak hazin.<\/wbr><\/strong><\/p>\n<div style=\"text-align: justify;\"><strong>Milli E\u011fitimde K\u00fct\u00fcphanecinin Ad\u0131 Yok&#8230;<\/strong><\/div>\n<div style=\"text-align: justify;\">4+4+4 E\u011fitim Sisteminde K\u00fct\u00fcphanecinin ad\u0131 k\u00fct\u00fcphanenin tad\u0131 yok. Okullar k\u00fct\u00fcphanesiz. Milli E\u011fitim Bakanl\u0131\u011f\u0131&#8217;na ba\u011fl\u0131 e\u011fitim kurumlar\u0131nda (Vak\u0131f ve \u00f6zel okullar hari\u00e7) K\u00fct\u00fcphaneci say\u0131s\u0131 0 (s\u0131f\u0131r) Yeni e\u011fitim sistemine s\u0131n\u0131f a\u00e7mak i\u00e7in ad\u0131 &#8220;k\u00fct\u00fcphane&#8221; olan odalar\u0131n dersli\u011fe d\u00f6n\u00fc\u015fmesine ne demeli! Sevgili yazar\u0131m\u0131z Muzaffer \u0130zg\u00fc&#8217;n\u00fcn \u00e7ok g\u00fczel bir s\u00f6z\u00fc burada devreye girmeli\u00a0<strong>&#8220;\u00c7ocuk okuru olmayan bir toplumun yeti\u015fkin okuru olmaz&#8221;<\/strong><\/div>\n<div style=\"text-align: justify;\">E\u011fitim-\u00f6\u011fretimin ilk y\u0131llar\u0131nda kitapla, k\u00fct\u00fcphaneyle ve k\u00fct\u00fcphanecilerle tan\u0131\u015fmayan, bilgi kaynaklar\u0131na \u00f6zg\u00fcrce eri\u015femeyen bir nesil. Okuma al\u0131\u015fkanl\u0131\u011f\u0131n\u0131 edinece\u011fi ve bu al\u0131\u015fkanl\u0131\u011f\u0131 k\u00fclt\u00fcre \u00e7evirecek en \u00f6nemli birimi k\u00fct\u00fcphaneyi \u00e7ocuklar\u0131n ya\u015fam\u0131na sokmamak niye! Bilgi toplumu olmakla \u00f6v\u00fcn\u00fcyoruz. \u00dc\u00e7\u00fcnc\u00fc d\u00fcnya \u00fclkeleri seviyesinde okuma oranlar\u0131 ve uluslararas\u0131 standartlarla kar\u015f\u0131la\u015ft\u0131r\u0131ld\u0131\u011f\u0131nda k\u00fct\u00fcphane yoksulu bir \u00fclkeyiz. Y\u0131l 2013 UNESCO okuma oranlar\u0131nda d\u00fcnya&#8217;da 86. s\u0131rada olmakla \u00f6v\u00fcnmeyece\u011fiz.<\/div>\n<div style=\"text-align: justify;\"><strong>K\u00fct\u00fcphaneci k\u00fct\u00fcphanelerin en b\u00fcy\u00fck zenginli\u011fidir.\u00a0<\/strong><\/div>\n<div style=\"text-align: justify;\">Bir ka\u00e7 STK&#8217;n\u0131n, i\u015fverenin \u00f6zel ve g\u00fczel giri\u015fimleriyle hayata ge\u00e7en\u00a0<strong>K\u00fct\u00fcphanecisiz \u00a0Z K\u00fct\u00fcphanele<\/strong>r (Zenginle\u015ftirilmi\u015f K\u00fct\u00fcphaneler) K\u00fct\u00fcphanecilerin olmad\u0131\u011f\u0131 Z K\u00fct\u00fcphanelerde 100 Temel Eser kitaplar\u0131, Gazete promosyonu yay\u0131nlar, \u00a0geli\u015fmi\u015f teknolojik donan\u0131m\u0131 mevcut. K\u00fct\u00fcphanecinin Ad\u0131 Yok.<\/div>\n<div style=\"text-align: justify;\"><strong>\u00d6zl\u00fck Haklar\u0131, G\u00fcvenceli \u00c7al\u0131\u015fma Vd.<\/strong><\/div>\n<div style=\"text-align: justify;\">Vak\u0131f \u00dcniversitelerinde, Vak\u0131f \u00f6zel e\u011fitim kurumlar\u0131nda genelinde asgari \u00fccrete yak\u0131n \u00fccretlerle g\u00fcvencesiz \u00e7al\u0131\u015fan k\u00fct\u00fcphaneciler.<\/div>\n<div style=\"text-align: justify;\">\u00d6zel E\u011fitim Kurumlar\u0131nda akademik de\u011fer g\u00f6rmeyen, okul k\u00fct\u00fcphanecileri.<\/div>\n<div style=\"text-align: justify;\">K\u00fct\u00fcphanecilikte ta\u015feronla\u015fma sorunu.<\/div>\n<div style=\"text-align: justify;\"><strong>Talepler(im)izle Yenile\u015felim<\/strong><\/div>\n<div style=\"text-align: justify;\">-Demokratik toplum yap\u0131s\u0131na uygun t\u00fcm yurtta\u015flara hizmet sunacak zenginlikte, nitelikte\u00a0<strong>Halk K\u00fct\u00fcphanesi hizmeti.<\/strong><\/div>\n<div style=\"text-align: justify;\"><strong>-Nitelikli Bilimsel \u00dcniversite K\u00fct\u00fcphaneleri<\/strong><\/div>\n<div style=\"text-align: justify;\">-\u00c7ocuklar\u0131n uluslararas\u0131 s\u00f6zle\u015fmelerle garanti alt\u0131na al\u0131na k\u00fct\u00fcphane ve bilgiye e\u015fit ve serbest eri\u015fim hakk\u0131 olan\u00a0<strong>\u00c7ocuk K\u00fct\u00fcphaneleri, Okul K\u00fct\u00fcphaneleri, Gezici K\u00fct\u00fcphaneler.<\/strong><\/div>\n<div style=\"text-align: justify;\"><strong>-Engelliler i\u00e7in Engelsiz K\u00fct\u00fcphaneler\/Engelsiz Bilgiye Eri\u015fim Merkezleri.<\/strong><\/div>\n<div style=\"text-align: justify;\"><strong>-K\u00fct\u00fcphanelerde K\u00fct\u00fcphanecilik\/Ar\u015fivcilik ve Bilgi ve Belge Y\u00f6netimi B\u00f6l\u00fcm\u00fc Mezunlar\u0131n\u0131n \u0130stihdam\u0131<\/strong><\/div>\n<div style=\"text-align: justify;\"><strong>-G\u00fcvenceli \u00e7al\u0131\u015fma ya\u015fam\u0131.<\/strong><\/div>\n<div style=\"text-align: justify;\"><strong>-E\u015fit i\u015fe e\u015fit \u00fccret ve insanca ya\u015fan\u0131labilir bir \u00fccret politikas\u0131.\u00a0<\/strong><\/div>\n<div style=\"text-align: justify;\"><strong>-Kitaplar\u0131n yasaklanmad\u0131\u011f\u0131, sans\u00fcrlenmedi\u011fi, d\u00fc\u015f\u00fcncenin ve bilgiye eri\u015fimin her yurtta\u015fa e\u015fit ve \u00f6zg\u00fcr oldu\u011fu demokratik bir \u00fclke.<\/strong><\/div>\n<div style=\"text-align: justify;\"><strong><br \/>\n<\/strong><\/div>\n<div style=\"text-align: justify;\">Sorunlar bizi korkutmas\u0131n, &#8220;Enseyi Karartmayaca\u011f\u0131z&#8221;.<\/div>\n<div style=\"text-align: justify;\">\u0130yi \u015feyler elbette var ama barda\u011f\u0131n dolu taraf\u0131n\u0131 g\u00f6rd\u00fc\u011f\u00fcm\u00fcz kadar bo\u015f taraf\u0131n\u0131 da g\u00f6rece\u011fiz.<\/div>\n<div style=\"text-align: justify;\">K\u00fct\u00fcphaneciler isterse, birlik ve dayan\u0131\u015fma i\u00e7inde olursa her \u015feyin \u00fcstesinden gelir.<\/div>\n<div style=\"text-align: justify;\"><strong>En b\u00fcy\u00fck fark\u0131ndal\u0131\u011f\u0131m\u0131z ve yenile\u015fme \u00f6rg\u00fctl\u00fcl\u00fc\u011f\u00fcm\u00fcz olacakt\u0131r. \u00a0Meslek \u00d6rg\u00fctlerimize, mesle\u011fimize sahip \u00e7\u0131kal\u0131m.<\/strong><\/div>\n<div style=\"text-align: justify;\"><strong>49. K\u00fct\u00fcphane Haftas\u0131 Kutlu Olsun&#8230;<\/strong><\/div>\n<div style=\"text-align: justify;\">\n<div>\n<div><em>Ayd\u0131n \u0130leri<\/em><\/p>\n<div>\n<div><em>K\u00fct\u00fcphaneci<\/em><\/div>\n<\/div>\n<\/div>\n<div><em>\u0130.\u00dc 2002 Lisans<\/em><\/div>\n<div><em>M.\u00dc 2011 Y\u00fcksek Lisans<\/em><\/div>\n<\/div>\n<\/div>\n","protected":false},"excerpt":{"rendered":"<p>K\u00fct\u00fcphanelerde k\u00fct\u00fcphanecilerin \u00e7al\u0131\u015ft\u0131\u011f\u0131, okullar\u0131n k\u00fct\u00fcphanelerle donat\u0131ld\u0131\u011f\u0131,\u00a0k\u00fct\u00fcphanelerin okurlarla dolup ta\u015ft\u0131\u011f\u0131, K\u00fct\u00fcphanecinin ya\u015famda yerinin artt\u0131\u011f\u0131, kitaplar\u0131n sans\u00fcrlenmedi\u011fi, yasaklanmad\u0131\u011f\u0131 bir hafta dilemek\u00a0isterdim sizlere ama ger\u00e7ekler ac\u0131. \u00dclkemiz k\u00fct\u00fcphane yoksulu, mevcut k\u00fct\u00fcphanelerimiz personel ve materyal bak\u0131m\u0131ndan yetersiz.\u00a0<\/p>\n","protected":false},"author":1,"featured_media":0,"comment_status":"open","ping_status":"open","sticky":false,"template":"","format":"standard","meta":{"footnotes":""},"categories":[1470,1476],"tags":[1461],"class_list":["post-10387","post","type-post","status-publish","format-standard","hentry","category-49-kutuphane-haftasi","category-aydin-ileri","tag-kutuphane-haftasi"],"_links":{"self":[{"href":"https:\/\/www.bbyhaber.com\/bby\/wp-json\/wp\/v2\/posts\/10387"}],"collection":[{"href":"https:\/\/www.bbyhaber.com\/bby\/wp-json\/wp\/v2\/posts"}],"about":[{"href":"https:\/\/www.bbyhaber.com\/bby\/wp-json\/wp\/v2\/types\/post"}],"author":[{"embeddable":true,"href":"https:\/\/www.bbyhaber.com\/bby\/wp-json\/wp\/v2\/users\/1"}],"replies":[{"embeddable":true,"href":"https:\/\/www.bbyhaber.com\/bby\/wp-json\/wp\/v2\/comments?post=10387"}],"version-history":[{"count":0,"href":"https:\/\/www.bbyhaber.com\/bby\/wp-json\/wp\/v2\/posts\/10387\/revisions"}],"wp:attachment":[{"href":"https:\/\/www.bbyhaber.com\/bby\/wp-json\/wp\/v2\/media?parent=10387"}],"wp:term":[{"taxonomy":"category","embeddable":true,"href":"https:\/\/www.bbyhaber.com\/bby\/wp-json\/wp\/v2\/categories?post=10387"},{"taxonomy":"post_tag","embeddable":true,"href":"https:\/\/www.bbyhaber.com\/bby\/wp-json\/wp\/v2\/tags?post=10387"}],"curies":[{"name":"wp","href":"https:\/\/api.w.org\/{rel}","templated":true}]}}