{"id":10384,"date":"2013-03-25T20:01:15","date_gmt":"2013-03-25T18:01:15","guid":{"rendered":"http:\/\/www.bbyhaber.com\/bby\/?p=10384"},"modified":"2016-03-23T15:33:59","modified_gmt":"2016-03-23T13:33:59","slug":"turk-kutuphaneciler-dernegi-baskani-ali-fuat-kartalin-kutuphane-haftasi-acilis-konusmasi","status":"publish","type":"post","link":"https:\/\/www.bbyhaber.com\/bby\/2013\/03\/25\/turk-kutuphaneciler-dernegi-baskani-ali-fuat-kartalin-kutuphane-haftasi-acilis-konusmasi","title":{"rendered":"T\u00fcrk K\u00fct\u00fcphaneciler Derne\u011fi Ba\u015fkan\u0131 Ali Fuat Kartal&#8217;\u0131n K\u00fct\u00fcphane Haftas\u0131 A\u00e7\u0131l\u0131\u015f Konu\u015fmas\u0131"},"content":{"rendered":"<p style=\"text-align: justify;\">Say\u0131n Ba\u015fbakan\u0131m, Say\u0131n Bakan\u0131m, Say\u0131n Valim, De\u011ferli Konuklar, Sevgili Meslekta\u015flar\u0131m, Bas\u0131n\u0131m\u0131z\u0131n Se\u00e7kin Temsilcileri \u201cYenile\u015fim ve K\u00fct\u00fcphaneciler\u201d adl\u0131 ana tema \u00fczerine kurgulad\u0131\u011f\u0131m\u0131z 49. K\u00fct\u00fcphane Haftas\u0131\u2019na ho\u015f geldiniz. T\u00fcrk K\u00fct\u00fcphanecileri ad\u0131na, hepinizi, sayg\u0131yla selaml\u0131yorum. Haftan\u0131n, \u00fclkemize ve meslekta\u015flar\u0131ma yararl\u0131 olmas\u0131n\u0131 diliyorum.<!--more--><\/p>\n<p style=\"text-align: justify;\">De\u011ferli Konuklar, bildi\u011finiz gibi \u2018yenile\u015fim\u2019 en sade anlam\u0131yla, t\u00fcketilen bilginin insanlar\u0131 ve kurumlar\u0131 yeni uygulamalara g\u00f6t\u00fcrmesi anlam\u0131n\u0131 ta\u015f\u0131r. Bu ba\u011flamda k\u00fct\u00fcphanecilik teknolojik geli\u015fmeler ve bilgi ortamlar\u0131n\u0131n \u00e7e\u015fitlili\u011fi anlam\u0131nda s\u00fcrekli yenile\u015fme i\u00e7erisindedir. K\u00fct\u00fcphaneciler de kendilerini yenile\u015fim kavram\u0131n\u0131n tam ortas\u0131nda ve yenile\u015fimin vazge\u00e7ilmez elemanlar\u0131 olarak g\u00f6rmekteler.<\/p>\n<p style=\"text-align: justify;\">Bir bilgi t\u00fcketim ve \u00fcretim birimi olarak K\u00fct\u00fcphanelerin i\u015flevleri, bilgi kaynaklar\u0131n\u0131n izlenmesi, kay\u0131t alt\u0131na al\u0131nmas\u0131 ve \u00f6zg\u00fcn bilgi \u00fcretimi i\u00e7in gerekli t\u00fcketim ortam\u0131n\u0131n alt yap\u0131s\u0131n\u0131 yaratma i\u015flevine sahiptirler. Bu y\u00f6n\u00fcyle yenile\u015fim kavram\u0131n\u0131n kendini buldu\u011fu sosyal kurumlardan olan K\u00fct\u00fcphane kurumu, bilgilenme ve d\u00fc\u015f\u00fcnmeyi k\u00f6r\u00fckleyerek akl\u0131n \u00f6zg\u00fcrle\u015fmesine olanak haz\u0131rlayan en yayg\u0131n ve demokratik ortamlard\u0131r. Ancak kendisi demokratik olan bir kurum, zaman zaman pekte demokratik olmayan y\u00f6ntemlere maruz kalmaktad\u0131r.K\u00fct\u00fcphane Haftas\u0131 s\u00fcrecinde K\u00fct\u00fcphanelere mesleki formasyonu olmayan atamalar\u0131n yap\u0131lmas\u0131n\u0131 bu ba\u011flamda de\u011ferlendirmekteyiz. Bizler g\u00f6rmedik ama umar\u0131m bir g\u00fcn kutsal kitab\u0131m\u0131zda da belirtildi\u011fi gibi, \u00fclkemizde de i\u015fi ehline veren bir anlay\u0131\u015f hakim olur.<\/p>\n<p style=\"text-align: justify;\">Biz hala bu i\u015flerle u\u011fra\u015f\u0131rken geli\u015fmi\u015f \u00fclkeler, hem kendi \u00fclkelerinde \u00fcretilen bilgileri denetim alt\u0131na alarak di\u011fer \u00fclkelere pazarlamakta, hem de \u00fclke d\u0131\u015f\u0131ndaki bilgilere eri\u015fim i\u00e7in gerekli d\u00fczenlemeleri yapmaktad\u0131rlar. \u00dclkemizde ise, ulusal bilgi birikimi hen\u00fcz tam olarak denetim alt\u0131na al\u0131namamaktad\u0131r. Yurt d\u0131\u015f\u0131ndaki bilgilere daha rahat ula\u015f\u0131ld\u0131\u011f\u0131ndan, bir\u00e7ok kurulu\u015fumuz mali kaynaklar\u0131n \u00e7o\u011funu d\u0131\u015farda \u00fcretilen bilgilere eri\u015fmek i\u00e7in harcamaktad\u0131rlar.\u00dcniversitelerimiz uzun y\u0131llardan bu yana yabanc\u0131 veri tabanlar\u0131na milyon dolarlar \u00f6demektedirler. Ancak \u00f6denen onca ulusal kayna\u011fa ra\u011fmen \u00fcniversitelerimizin bilgi \u00fcretimine katk\u0131lar\u0131 belli seviyelerin \u00fcst\u00fcne \u00e7\u0131kamamaktad\u0131r.<\/p>\n<p style=\"text-align: justify;\">T\u00fcrkiye\u2019de i\u00e7erik y\u00f6netiminden sorumlu olan K\u00fct\u00fcphaneler, Ar\u015fivler ve M\u00fczeler ba\u015fta olmak \u00fczere bilgi ve belge merkezleri, bilgi kaynaklar\u0131 ve bilgi hizmetleri sunumunun \u00e7a\u011f\u0131n gerektirdi\u011fi \u00f6l\u00e7\u00fctlere uygun bir \u015fekilde yapabilme sorununun yan\u0131 s\u0131ra, uzman personel konusunda da son derece yetersiz durumdalar. Bug\u00fcn hala kendi \u00fclkemizde bulamad\u0131\u011f\u0131m\u0131z yay\u0131nlar\u0131 Kongre K\u00fct\u00fcphanesinde bulabiliyor olmam\u0131z\u0131 i\u015fte bu ba\u011flamda sorgulamam\u0131z gerekiyor.<\/p>\n<p style=\"text-align: justify;\">Bir di\u011fer \u00f6nemli konu da 4+4+4 E\u011fitim sistemi ile bir\u00e7ok okulda derslik ihtiyac\u0131 nedeniyle okul k\u00fct\u00fcphanelerinin kapanm\u0131\u015f olmas\u0131d\u0131r. Bundan dolay\u0131 kapanan k\u00fct\u00fcphane say\u0131s\u0131 ne kadard\u0131r? Kitab\u0131 ve okumay\u0131 \u00e7ok sevdi\u011fini s\u00f6yleyen Say\u0131n Milli E\u011fitim Bakan\u0131m\u0131z bu konuda ne d\u00fc\u015f\u00fcnmektedir? Ayr\u0131ca daha k\u00fct\u00fcphaneyi kurum olarak i\u00e7selle\u015ftirmemi\u015f, okullar\u0131n\u0131n b\u00fcy\u00fck \u00e7o\u011funlu\u011funda k\u00fct\u00fcphanesi olmayan bir Bakanl\u0131\u011f\u0131n mevcut az say\u0131daki okul k\u00fct\u00fcphanelerini sebebi ne olursa olsun kapatma giri\u015fimleri z-k\u00fct\u00fcphane olu\u015fturma giri\u015fimleri \u00fclke ger\u00e7eklili\u011fi ve gereklili\u011fi ile ne oranda ba\u011fda\u015fmamaktad\u0131r?<\/p>\n<p style=\"text-align: justify;\">De\u011ferli konuklar s\u00fcrekli T\u00fcrkiye\u2019de yeteri kadar kitap okunmad\u0131\u011f\u0131ndan s\u00fcrekli s\u00f6z edilir.\u00a0 Ama kitab\u0131n \u00e7ektiklerinden pek s\u00f6z edilmez.\u00a0 Sonunda Emin Karaca \u2019Vay Kitab\u0131n Ba\u015f\u0131na Gelenler\u2019 ad\u0131yla kitap yazd\u0131.\u00a0 Bildi\u011finiz gibi 5 Temmuz 2012\u2019de y\u00fcr\u00fcrl\u00fc\u011fe giren 3. yarg\u0131 paketine eklenen ge\u00e7ici madde ile bas\u0131l\u0131 yay\u0131nlarla ilgili verilmi\u015f toplatma ve yasaklama kararlar\u0131n\u0131n, kanunun yay\u0131m\u0131 tarihinden itibaren 6 ay i\u00e7inde, yetkili ve\u00a0 g\u00f6revli mahkemeden bu yasakl\u0131l\u0131\u011f\u0131n devam\u0131 niteli\u011finde bir karar al\u0131nmam\u0131\u015f olmas\u0131 durumunda kendili\u011finden h\u00fck\u00fcms\u00fcz hale gelmesini \u00f6ng\u00f6r\u00fcyordu. 6 ayl\u0131k s\u00fcre, 5 Ocak 2013 tarihinde doldu. Savc\u0131lar 13 kitaba itiraz etti. O 13 kitap da \u00f6zg\u00fcrl\u00fck hakiminin karar\u0131yla \u00f6zg\u00fcrl\u00fc\u011f\u00fcne kavu\u015ftu.<\/p>\n<p style=\"text-align: justify;\">Art\u0131k \u00fclkemizde bir daha kitap yasaklanmas\u0131n temennisinde bulunurken, son d\u00f6nemde s\u0131k\u00e7a bas\u0131na da yans\u0131yan, okullarda okutulan ya da \u00f6nerilen kitaplara y\u00f6nelik sans\u00fcr uygulamalar\u0131 ile kar\u015f\u0131 kar\u015f\u0131ya kald\u0131k. Bu uygulamalar ifade \u00f6zg\u00fcrl\u00fc\u011f\u00fcne bir sald\u0131r\u0131d\u0131r. \u201cTalim Terbiye Kurulu\u2019nun onay\u0131yla haz\u0131rlanan 100 Temel Eser Listesi&#8217;ndeki kitaplar\u0131n yine devletin ba\u015fka bir kurumunca soru\u015fturma konusu edilmesi ise \u00e7eli\u015fkili bir durumdur.\u00a0 Yine bu ba\u011flamda, Milli E\u011fitim Bakanl\u0131\u011f\u0131 taraf\u0131ndan okullarda okutulmas\u0131 tavsiye edilen \u201cFareler ve \u0130nsanlar\u201d ile \u201c\u015eeker Portakal\u0131\u201d isimli \u00e7ocuk kitaplar\u0131 sak\u0131ncal\u0131 bulunmu\u015f, Yunus Emre, Kaygusuz Abdal ve Edip Cansever gibi T\u00fcrk edebiyat\u0131n\u0131n \u00f6nde gelen \u015fairlerinin \u015fiirleri sans\u00fcrlenmi\u015f son olarak da hikayeden bir gerek\u00e7e ile Cahit K\u00fclebi\u2019nin \u201cHikaye\u201d \u015fiiri lise kitaplar\u0131nda sans\u00fcre u\u011fram\u0131\u015ft\u0131r. 9 uncu s\u0131n\u0131flarda okutulan ders kitab\u0131nda K\u00fclebi\u2019nin \u201cBenim do\u011fdu\u011fum k\u00f6ylerde \/ kuzey r\u00fczgarlar\u0131 eserdi \/ ve bu y\u00fczden dudaklar\u0131m \u00e7atlakt\u0131r \/ \u00f6p biraz!&#8221; dizeleri silinerek, yerine (\u2026) \u00fc\u00e7 nokta konulmu\u015ftur.\u00a0 \u201cE\u011fitim \u015fart\u201d s\u00f6z\u00fcne bir Cem Y\u0131lmaz esprisi olarak hala g\u00fcl\u00fcyorsak da e\u011fitim sistemimizin \u201cyazboz tahtas\u0131\u201d imaj\u0131n\u0131n ortadan kald\u0131r\u0131lmas\u0131 ve bir an \u00f6nce istikrarl\u0131 ve toplumsal ger\u00e7eklili\u011fimize uygun bir e\u011fitim sistemine ge\u00e7ilmesi gerekmektedir. San\u0131r\u0131m \u00fclkemizin k\u00fct\u00fcphane ve e\u011fitim sorunu, ne zaman ki Milli E\u011fitim ile K\u00fclt\u00fcr ve Turizm Bakanlar\u0131 kendilerine dert edinirler ve birlikte \u00e7\u00f6z\u00fcm bulma yoluna giderler ancak o zaman \u00e7\u00f6z\u00fcl\u00fcr.<\/p>\n<p style=\"text-align: justify;\">Milli K\u00fct\u00fcphane\u2019nin ve K\u00fct\u00fcphaneler ve Yay\u0131mlar Genel M\u00fcd\u00fcrl\u00fc\u011f\u00fc\u2019n\u00fcn son d\u00f6nemlerdeki baz\u0131 olumlu \u00e7al\u0131\u015fmalar\u0131n\u0131 g\u00f6rmezden gelemeyiz. Milli K\u00fct\u00fcphane Ba\u015fkanl\u0131\u011f\u0131 \u201cG\u00f6rme Engelli Vatanda\u015flara Sesli Kitap Hizmeti\u201d projesi ile \u2018Kamudan Vatanda\u015fa e-Hizmet\u2019 dal\u0131nda birincilik \u00f6d\u00fcl\u00fc alm\u0131\u015ft\u0131r.<\/p>\n<p style=\"text-align: justify;\">K\u00fclt\u00fcr ve Turizm Bakanl\u0131\u011f\u0131\u2019n\u0131n \u00f6rg\u00fctsel yap\u0131s\u0131nda K\u00fct\u00fcphaneler ve Yay\u0131mlar Genel M\u00fcd\u00fcrl\u00fc\u011f\u00fc yads\u0131namaz bir a\u011f\u0131rl\u0131k ta\u015f\u0131maktad\u0131r. \u00c7\u00fcnk\u00fc Bakanl\u0131\u011f\u0131n en yayg\u0131n hizmet birimini olu\u015fturmaktad\u0131r. Halen 1112 k\u00fct\u00fcphane ile k\u00fclt\u00fcr olgusunu tek ba\u015f\u0131na simgeleyen kurulu\u015flard\u0131r.\u00a0 Buralar bir anlamda Bakanl\u0131\u011f\u0131 halka d\u00f6n\u00fck y\u00fcz\u00fcn\u00fc g\u00f6stermektedirler. S\u0131rf bu y\u00fczden gerekli \u00f6zenin g\u00f6sterilmesi gerekir. Zira etkin bir k\u00fct\u00fcphane hizmeti, daha ba\u015far\u0131l\u0131 \u00f6\u011frenci, daha bilin\u00e7li yurtta\u015f, k\u0131saca, \u00f6zg\u00fcr ve \u00fcretken bir toplum yaratma \u00e7abas\u0131n\u0131n \u00f6n ko\u015fuludur.<\/p>\n<p style=\"text-align: justify;\">Genel M\u00fcd\u00fcrl\u00fc\u011f\u00fcm\u00fcz\u00fcn ba\u015flatm\u0131\u015f oldu\u011fu \u2018M\u00fcze K\u00fct\u00fcphane\u2019 uygulamas\u0131, k\u00fct\u00fcphanecilik a\u00e7\u0131s\u0131ndan do\u011fru bir e\u011filim olarak kabul edilebilir.\u00a0 Ancak bu projenin devam edip etmeyece\u011fini bilmiyoruz, devam edecekse projenin bir stat\u00fcye kavu\u015fturulmas\u0131 gerekmektedir.<\/p>\n<p style=\"text-align: justify;\">T\u00fcrkiye\u2019de son y\u0131llarda, \u00fclkemizden yurt d\u0131\u015f\u0131na ka\u00e7\u0131r\u0131lan tarihi eserlerin geri al\u0131nmas\u0131 i\u00e7in b\u00fcy\u00fck \u00e7aba sarf ediliyor. \u00d6zellikle eski Bakan\u0131m\u0131z Say\u0131n Ertu\u011frul G\u00fcnay ile ba\u015flayan s\u00fcre\u00e7te ortaya \u00e7\u0131kan duyarl\u0131l\u0131\u011f\u0131 Say\u0131n Bakan\u0131m\u0131z\u0131n g\u00f6stermekte oldu\u011funu ve son olarak Karun Hazineleri&#8217;nin en \u00f6nemli par\u00e7alar\u0131ndan Kanatl\u0131 Denizat\u0131 Bro\u015funun tekrar \u00fclkemize getirilmesini \u00e7ok \u00f6nemli g\u00f6r\u00fcyor, kendilerine te\u015fekk\u00fcr ediyoruz.<br \/>\nBu ba\u011flamda Say\u0131n Bakan\u0131m\u0131z\u0131n d\u0131\u015f politikayla ilgisi nedeniyle, \u00fclkemizin k\u00fclt\u00fcrel birikimini d\u0131\u015f d\u00fcnyaya yans\u0131tmas\u0131 beklentisi i\u00e7inde oldu\u011fumuzu vurguluyor ve bunun bir \u015fans olaca\u011f\u0131n\u0131 d\u00fc\u015f\u00fcn\u00fcyoruz.<\/p>\n<p style=\"text-align: justify;\">Sevgili meslekta\u015flar\u0131m bir di\u011fer \u00f6nemli konu da K\u00fct\u00fcphanecilerin Teknik Hizmetler S\u0131n\u0131f\u0131\u2019na al\u0131nmalar\u0131 ile birlikte \u00f6zelikle Vak\u0131f \u00dcniversiteleri\u2019nde \u00e7al\u0131\u015fan meslekta\u015flar\u0131m\u0131z ile Kamu Kurumlar\u0131nda \u00e7al\u0131\u015fanlar\u0131n \u00fccretleri aras\u0131nda makas\u0131n iyice a\u00e7\u0131lm\u0131\u015f olmas\u0131d\u0131r. Bu durum kaliteli personelin Vak\u0131f \u00dcniversiteleri\u2019nden kamuya ge\u00e7i\u015fini h\u0131zland\u0131rd\u0131\u011f\u0131 gibi mevcut personelinde moral ve motivasyonunu bozmu\u015ftur. Hatta baz\u0131 Vak\u0131f \u00dcniversiteleri asgari \u00fccretle k\u00fct\u00fcphaneci \u00e7al\u0131\u015ft\u0131rmaktad\u0131r.<\/p>\n<p style=\"text-align: justify;\">Y\u00d6K, \u00dcniversite K\u00fct\u00fcphanelerinin 24 saat a\u00e7\u0131k olmas\u0131 i\u00e7in \u00fcniversitelerden g\u00f6r\u00fc\u015f sormaktad\u0131r. Ancak ayn\u0131 Y\u00d6K, g\u00fcya \u00fcniversiteleri denetliyor ama uluslararas\u0131 standartlara g\u00f6re, \u201cbir \u00dcniversite K\u00fct\u00fcphanesinde ne kadar personel olmal\u0131 ya da koleksiyonun niteli\u011fi ne olmal\u0131\u201d onu sorgulam\u0131yor. \u00d6zellikle yeni a\u00e7\u0131lan \u00fcniversitelerin k\u00fct\u00fcphanelerinin b\u0131rak\u0131n 24 saati, 8 saat hizmet verecek ne uzman personeli nede yeterli koleksiyonu var. Bu uygulama sadece \u2018k\u00fct\u00fcphanelerimiz 24 saat a\u00e7\u0131k\u2019 demenin \u00f6tesinde bir anlam ta\u015f\u0131mayacakt\u0131r.<\/p>\n<p style=\"text-align: justify;\">De\u011ferli konuklar,<\/p>\n<p style=\"text-align: justify;\">K\u00fct\u00fcphaneleri ya\u015fam\u0131n merkezine \u00e7ekmeliyiz. E\u011fitim sistemimizden kaynaklanan nedenlerle gen\u00e7lerimiz maalesef k\u00fct\u00fcphaneyi ders \u00e7al\u0131\u015fma yeri olarak kullanmaktalar. \u00c7\u00f6z\u00fcm olarak \u00f6\u011frencilerin ders \u00e7al\u0131\u015fabilecekleri interneti olan, ayd\u0131nl\u0131k ve s\u0131cak mekanlar yaratabiliriz. Bu konuda yerel y\u00f6netimlere de g\u00f6rev d\u00fc\u015fmektedir.<\/p>\n<p style=\"text-align: justify;\">Son olarak, halk\u0131m\u0131z\u0131n kitap ve k\u00fct\u00fcphaneye ilgisini \u00e7ekmek ve toplumda okuma al\u0131\u015fkanl\u0131\u011f\u0131 konusunda fark\u0131ndal\u0131k yaratmak i\u00e7in, 48. K\u00fct\u00fcphane Haftas\u0131 kapsam\u0131nda yapt\u0131\u011f\u0131m\u0131z etkinlikten s\u00f6z etmek istiyorum. Ge\u00e7en y\u0131lki K\u00fct\u00fcphane Haftas\u0131nda Valiliklerimiz ile \u0130l ve \u0130l\u00e7e Halk K\u00fct\u00fcphanelerimizin ve bir\u00e7ok sivil toplum \u00f6rg\u00fct\u00fcn\u00fcn deste\u011fiyle 50 ildeki 60 meydanda, 30 dakika kitap okuma etkinli\u011fi ger\u00e7ekle\u015ftirilmi\u015ftir. Kitap okuma etkinli\u011fine; vatanda\u015flar\u0131n ve bas\u0131n mensuplar\u0131n\u0131n ilgisi yo\u011fun olmu\u015ftur. Bu kapsamda \u201c81 \u0130lde Kitap Okuyoruz,\u201d slogan\u0131yla ba\u015flat\u0131lan okuma etkinli\u011finin ikincisi 49. K\u00fct\u00fcphane Haftas\u0131\u2019n\u0131n 3. g\u00fcn\u00fc olan 27 Mart 2013 \u00c7ar\u015famba g\u00fcn\u00fc 12.30-13.00 saatleri aras\u0131nda ger\u00e7ekle\u015ftirilecektir. \u015euana kadar bize gelen bilgilere g\u00f6re T\u00fcrkiye Genelinde 72 \u0130l\u2019de ve 104 ayr\u0131 merkezin yan\u0131 s\u0131ra, Kuzey K\u0131br\u0131s T\u00fcrk Cumhuriyeti\u2019nin Girne kentinde ayn\u0131 anda hep birlikte kitap okuyaca\u011f\u0131z. Etkinli\u011fimize t\u00fcm halk\u0131m\u0131z\u0131 davet ediyorum.<\/p>\n<p style=\"text-align: justify;\">De\u011ferli konuklar K\u00fct\u00fcphane Haftas\u0131 ku\u015fkusuz k\u00fct\u00fcphaneciler i\u00e7in farkl\u0131 bir anlam ta\u015f\u0131maktad\u0131r. Onlar yapt\u0131klar\u0131 i\u015fin ger\u00e7ek bir \u00f6zveri gerektirdi\u011finin bilincinde ve gere\u011fince anla\u015f\u0131lamaman\u0131n buruklu\u011fu ile verdikleri hizmetin, daha mutlu bir gelecek i\u00e7in toplumun ayd\u0131nlanmas\u0131na katk\u0131da bulunmak oldu\u011funu bilerek, 49. K\u00fct\u00fcphane Haftas\u0131\u2019n\u0131n demokratik, \u00f6zg\u00fcrl\u00fck\u00e7\u00fc ve sans\u00fcrs\u00fcz bir T\u00fcrkiye\u2019nin olu\u015fumuna katk\u0131 sa\u011flamas\u0131 dile\u011fiyle, haftan\u0131n haz\u0131rlanmas\u0131nda eme\u011fi ge\u00e7en t\u00fcm meslekta\u015flar\u0131ma ve sponsor firmalara te\u015fekk\u00fcr ediyor, sayg\u0131lar\u0131m\u0131 sunuyorum.<\/p>\n<p style=\"text-align: justify;\">Ali Fuat Kartal<br \/>\nT\u00fcrk k\u00fct\u00fcphaneciler derne\u011fi<br \/>\nGenel Ba\u015fkan\u0131<\/p>\n","protected":false},"excerpt":{"rendered":"<p>Say\u0131n Ba\u015fbakan\u0131m, Say\u0131n Bakan\u0131m, Say\u0131n Valim, De\u011ferli Konuklar, Sevgili Meslekta\u015flar\u0131m, Bas\u0131n\u0131m\u0131z\u0131n Se\u00e7kin Temsilcileri \u201cYenile\u015fim ve K\u00fct\u00fcphaneciler\u201d adl\u0131 ana tema \u00fczerine kurgulad\u0131\u011f\u0131m\u0131z 49. K\u00fct\u00fcphane Haftas\u0131\u2019na ho\u015f geldiniz. T\u00fcrk K\u00fct\u00fcphanecileri ad\u0131na, hepinizi, sayg\u0131yla selaml\u0131yorum. Haftan\u0131n, \u00fclkemize ve meslekta\u015flar\u0131ma yararl\u0131 olmas\u0131n\u0131 diliyorum.<\/p>\n","protected":false},"author":1,"featured_media":0,"comment_status":"open","ping_status":"open","sticky":false,"template":"","format":"standard","meta":{"footnotes":""},"categories":[1470,1474],"tags":[1461],"class_list":["post-10384","post","type-post","status-publish","format-standard","hentry","category-49-kutuphane-haftasi","category-ali-fuat-kartal","tag-kutuphane-haftasi"],"_links":{"self":[{"href":"https:\/\/www.bbyhaber.com\/bby\/wp-json\/wp\/v2\/posts\/10384"}],"collection":[{"href":"https:\/\/www.bbyhaber.com\/bby\/wp-json\/wp\/v2\/posts"}],"about":[{"href":"https:\/\/www.bbyhaber.com\/bby\/wp-json\/wp\/v2\/types\/post"}],"author":[{"embeddable":true,"href":"https:\/\/www.bbyhaber.com\/bby\/wp-json\/wp\/v2\/users\/1"}],"replies":[{"embeddable":true,"href":"https:\/\/www.bbyhaber.com\/bby\/wp-json\/wp\/v2\/comments?post=10384"}],"version-history":[{"count":0,"href":"https:\/\/www.bbyhaber.com\/bby\/wp-json\/wp\/v2\/posts\/10384\/revisions"}],"wp:attachment":[{"href":"https:\/\/www.bbyhaber.com\/bby\/wp-json\/wp\/v2\/media?parent=10384"}],"wp:term":[{"taxonomy":"category","embeddable":true,"href":"https:\/\/www.bbyhaber.com\/bby\/wp-json\/wp\/v2\/categories?post=10384"},{"taxonomy":"post_tag","embeddable":true,"href":"https:\/\/www.bbyhaber.com\/bby\/wp-json\/wp\/v2\/tags?post=10384"}],"curies":[{"name":"wp","href":"https:\/\/api.w.org\/{rel}","templated":true}]}}