{"id":10380,"date":"2013-03-24T17:14:07","date_gmt":"2013-03-24T15:14:07","guid":{"rendered":"http:\/\/www.bbyhaber.com\/bby\/?p=10380"},"modified":"2015-03-31T08:27:33","modified_gmt":"2015-03-31T06:27:33","slug":"bakan-celikin-49-kutuphane-haftasi-mesaji","status":"publish","type":"post","link":"https:\/\/www.bbyhaber.com\/bby\/2013\/03\/24\/bakan-celikin-49-kutuphane-haftasi-mesaji","title":{"rendered":"Bakan \u00c7elik&#8217;in 49. K\u00fct\u00fcphane Haftas\u0131 Mesaj\u0131"},"content":{"rendered":"<p style=\"text-align: justify;\"><img loading=\"lazy\" decoding=\"async\" class=\"alignleft\" src=\"http:\/\/www.bbyhaber.com\/bby\/wp-content\/uploads\/2015\/03\/omercelik.jpg\" alt=\"\" width=\"150\" height=\"150\" \/>K\u00fclt\u00fcr ve Turizm Bakan\u0131 \u00d6mer \u00c7elik, &#8220;Toplumun b\u00fct\u00fcn kesimlerine hizmet g\u00f6t\u00fcren halk k\u00fct\u00fcphanelerinin de\u011fi\u015fen d\u00fcnyan\u0131n modern yap\u0131land\u0131r\u0131lmalar\u0131na paralel olarak, teknolojik ve toplumsal d\u00f6n\u00fc\u015f\u00fcmlere uyum sa\u011flamalar\u0131 temel hedeflerimiz aras\u0131ndad\u0131r&#8221; dedi. \u00c7elik, 49. K\u00fct\u00fcphane Haftas\u0131 dolay\u0131s\u0131yla bir mesaj yay\u0131mlad\u0131. Bilgi ve k\u00fclt\u00fcrel miras\u0131n devaml\u0131l\u0131\u011f\u0131, toplumlar aras\u0131nda payla\u015f\u0131m\u0131 i\u00e7in k\u00fct\u00fcphanelerin varl\u0131\u011f\u0131n\u0131 son derece \u00f6nemli oldu\u011funu belirten \u00c7elik, d\u00fc\u015f\u00fcnsel dola\u015f\u0131m\u0131n merkezinde yer alan k\u00fct\u00fcphanelerin, sosyal uyum ve bar\u0131\u015fa da katk\u0131 sa\u011flad\u0131\u011f\u0131n\u0131 ifade etti. <!--more--><\/p>\n<p style=\"text-align: justify;\">\u00c7elik, mesaj\u0131nda \u015funlar\u0131 kaydetti: &#8220;\u00c7a\u011f\u0131m\u0131z\u0131n ileri teknolojisi nitelikli, yenile\u015fimci ve alan\u0131nda uzmanla\u015fm\u0131\u015f insan fakt\u00f6r\u00fcn\u00fc k\u00fct\u00fcphaneler i\u00e7in son derece \u00f6nemli k\u0131lmaktad\u0131r. Antik \u00e7a\u011fdan g\u00fcn\u00fcm\u00fcze de\u011fin ya\u015fanan de\u011fi\u015fim ve d\u00f6n\u00fc\u015f\u00fcmler toplumsal kurum olan k\u00fct\u00fcphaneleri de etkiledi\u011fi gibi, \u00fclkemizde \u00f6zellikle halk k\u00fct\u00fcphanelerine atfedilen geleneksel k\u00fct\u00fcphane kavram\u0131n\u0131n yeniden ele al\u0131nmas\u0131, geli\u015ftirilmesi ve mevcut i\u015flevlerinin \u00e7e\u015fitlendirilmesi gereksinimi do\u011furmu\u015ftur. Halk k\u00fct\u00fcphaneleri toplumun her t\u00fcrl\u00fc bilgi gereksinimini kar\u015f\u0131layan, bulundu\u011fu y\u00f6renin k\u00fclt\u00fcrel-sosyal ve ekonomik kalk\u0131nmas\u0131na katk\u0131 sunan, \u00e7o\u011fulcu k\u00fclt\u00fcr\u00fc destekleyen toplumsal kurulu\u015flard\u0131r. Hi\u00e7bir ay\u0131r\u0131m g\u00f6zetmeksizin toplumun b\u00fct\u00fcn kesimlerine hizmet g\u00f6t\u00fcren halk k\u00fct\u00fcphanelerinin de\u011fi\u015fen d\u00fcnyan\u0131n modern yap\u0131land\u0131r\u0131lmalar\u0131na paralel olarak, teknolojik ve toplumsal d\u00f6n\u00fc\u015f\u00fcmlere uyum sa\u011flamalar\u0131 temel hedeflerimiz aras\u0131ndad\u0131r. Bakanl\u0131\u011f\u0131m\u0131z k\u00fct\u00fcphanelerini toplumun her kesimine hitap eden kurumlar haline d\u00f6n\u00fc\u015ft\u00fcrme ve niteliklerini y\u00fckseltme konusunda ortaya konan \u00e7abay\u0131 s\u00fcrekli k\u0131lmay\u0131 arzu etmektedir.&#8221;<\/p>\n<p style=\"text-align: justify;\">Kaynak: http:\/\/www.haberler.com<\/p>\n","protected":false},"excerpt":{"rendered":"<p>K\u00fclt\u00fcr ve Turizm Bakan\u0131 \u00d6mer \u00c7elik, &#8220;Toplumun b\u00fct\u00fcn kesimlerine hizmet g\u00f6t\u00fcren halk k\u00fct\u00fcphanelerinin de\u011fi\u015fen d\u00fcnyan\u0131n modern yap\u0131land\u0131r\u0131lmalar\u0131na paralel olarak, teknolojik ve toplumsal d\u00f6n\u00fc\u015f\u00fcmlere uyum sa\u011flamalar\u0131 temel hedeflerimiz aras\u0131ndad\u0131r&#8221; dedi. \u00c7elik, 49. K\u00fct\u00fcphane Haftas\u0131 dolay\u0131s\u0131yla bir mesaj yay\u0131mlad\u0131. Bilgi ve k\u00fclt\u00fcrel miras\u0131n devaml\u0131l\u0131\u011f\u0131, toplumlar aras\u0131nda payla\u015f\u0131m\u0131 i\u00e7in k\u00fct\u00fcphanelerin varl\u0131\u011f\u0131n\u0131 son derece \u00f6nemli oldu\u011funu belirten \u00c7elik, d\u00fc\u015f\u00fcnsel [&hellip;]<\/p>\n","protected":false},"author":1,"featured_media":0,"comment_status":"open","ping_status":"open","sticky":false,"template":"","format":"standard","meta":{"footnotes":""},"categories":[1470],"tags":[1461],"class_list":["post-10380","post","type-post","status-publish","format-standard","hentry","category-49-kutuphane-haftasi","tag-kutuphane-haftasi"],"_links":{"self":[{"href":"https:\/\/www.bbyhaber.com\/bby\/wp-json\/wp\/v2\/posts\/10380"}],"collection":[{"href":"https:\/\/www.bbyhaber.com\/bby\/wp-json\/wp\/v2\/posts"}],"about":[{"href":"https:\/\/www.bbyhaber.com\/bby\/wp-json\/wp\/v2\/types\/post"}],"author":[{"embeddable":true,"href":"https:\/\/www.bbyhaber.com\/bby\/wp-json\/wp\/v2\/users\/1"}],"replies":[{"embeddable":true,"href":"https:\/\/www.bbyhaber.com\/bby\/wp-json\/wp\/v2\/comments?post=10380"}],"version-history":[{"count":0,"href":"https:\/\/www.bbyhaber.com\/bby\/wp-json\/wp\/v2\/posts\/10380\/revisions"}],"wp:attachment":[{"href":"https:\/\/www.bbyhaber.com\/bby\/wp-json\/wp\/v2\/media?parent=10380"}],"wp:term":[{"taxonomy":"category","embeddable":true,"href":"https:\/\/www.bbyhaber.com\/bby\/wp-json\/wp\/v2\/categories?post=10380"},{"taxonomy":"post_tag","embeddable":true,"href":"https:\/\/www.bbyhaber.com\/bby\/wp-json\/wp\/v2\/tags?post=10380"}],"curies":[{"name":"wp","href":"https:\/\/api.w.org\/{rel}","templated":true}]}}