{"id":10372,"date":"2013-03-23T19:52:43","date_gmt":"2013-03-23T17:52:43","guid":{"rendered":"http:\/\/www.bbyhaber.com\/bby\/?p=10372"},"modified":"2013-03-23T20:11:53","modified_gmt":"2013-03-23T18:11:53","slug":"yeraltinda-insa-edilen-kutuphane-kendine-hayran-birakiyor-hollanda","status":"publish","type":"post","link":"https:\/\/www.bbyhaber.com\/bby\/2013\/03\/23\/yeraltinda-insa-edilen-kutuphane-kendine-hayran-birakiyor-hollanda","title":{"rendered":"Yeralt\u0131nda in\u015fa edilen k\u00fct\u00fcphane kendine hayran b\u0131rak\u0131yor-Hollanda"},"content":{"rendered":"<p style=\"text-align: justify;\">Hollanda\u2019da bulunan Delft Teknoloji \u00dcniversitesi, yang\u0131nda kaybettikleri k\u00fct\u00fcphanenin yerine 1997 y\u0131l\u0131nda, uluslararas\u0131 arenada b\u00fcy\u00fck be\u011feni toplayan, g\u00f6steri\u015fli bir yeralt\u0131 k\u00fct\u00fcphanesi in\u015fa etmi\u015f. K\u00fct\u00fcphanenin ortas\u0131nda koni \u015feklinde \u0131\u015f\u0131k giren bir alan tasarlanm\u0131\u015f ve bu sayede k\u00fct\u00fcphane yeralt\u0131nda olmas\u0131na ra\u011fmen hayli ayd\u0131nl\u0131k bir g\u00f6r\u00fcn\u00fcme kavu\u015fmu\u015f.<!--more--><\/p>\n<div style=\"text-align: justify;\">\n<div>\n<div>\n<p>Delft Teknoloji \u00dcniversitesi&#8217;nin yeralt\u0131 k\u00fct\u00fcphanesi 5 bin 500 metrekarelik b\u00fcy\u00fck bir \u00e7im alan\u0131n alt\u0131nda bulunuyor. K\u00fct\u00fcphanenin giri\u015finde yang\u0131ndan kalan kitaplarla olu\u015fturulmu\u015f bir masa ziyaret\u00e7ileri kar\u015f\u0131l\u0131yor. Giri\u015fte b\u00fcy\u00fck bir duvar\u0131n \u00fczerinde yazan &#8216;<strong>Bilgi kulland\u0131k\u00e7a b\u00fcy\u00fcyen tek malzemedir<\/strong>&#8216; yaz\u0131s\u0131 dikkat \u00e7ekiyor.<\/p>\n<p>D\u00f6rt katl\u0131 k\u00fct\u00fcphanede, yakla\u015f\u0131k 16 bin dergi, 600 bin den fazla kitap, 300 tane bilgisayar ve bin ki\u015filik \u00e7al\u0131\u015fma yeri bulunuyor. K\u00fct\u00fcphanenin taban\u0131 yakla\u015f\u0131k 15 bin metrekare, \u00e7at\u0131s\u0131n\u0131n uzunlu\u011fu 100 metre ve geni\u015fli\u011fi ise 80 metre. K\u00fct\u00fcphanenin ortas\u0131nda bulunan koninin y\u00fcksekli\u011fi ise tam 41 metre. K\u00fct\u00fcphanenin yap\u0131m\u0131 i\u00e7in en \u00e7ok beton, \u00e7elik, tahta, al\u00fcminyum, cam ve \u00e7im maddeleri kullan\u0131lm\u0131\u015f.<\/p>\n<p>K\u00fct\u00fcphanenin y\u00f6neticisi Maria Heijne&#8217;na g\u00f6re, k\u00fct\u00fcphanenin mimar\u0131 havaalan\u0131na benzeyen, f\u00fct\u00fcristik bir bina in\u015faa etmi\u015f. Heijne, k\u00fct\u00fcphanenin Delft Teknoloji \u00dcniversitesi&#8217;nin ne oldu\u011funu ve ne istedi\u011fini yani karakterini ortaya koydu\u011funu belirtiyor. Heijne&#8217;na g\u00f6re, uluslararas\u0131 \u00fcne sahip olan k\u00fct\u00fcphanenin dizayn olarak d\u00fcnyada e\u015fi benzeri yok. \u00d6\u011frencilere, \u00e7al\u0131\u015fanlara ve ziyaret\u00e7ilere ho\u015f bir \u00e7al\u0131\u015fma ortam\u0131 sunan k\u00fct\u00fcphane, Heijnen&#8217;a g\u00f6re insanlara s\u0131cak bir ko\u00e7uk\u00a0hissini veriyor.<\/p>\n<p>Her par\u00e7as\u0131 \u00f6zenle tasarlanm\u0131\u015f olan k\u00fct\u00fcphanenin, \u015fekil, fonksiyon ve tekni\u011fin b\u00fct\u00fcnle\u015fmesinin ne gibi bir sonu\u00e7 yaratabilece\u011finin ba\u015far\u0131l\u0131 bir \u00f6rne\u011fini temsil ediyor. Mecanoo mimar firmas\u0131 taraf\u0131ndan tasarlanm\u0131\u015f olan k\u00fct\u00fcphane, Hollanda&#8217;da dayan\u0131kl\u0131l\u0131\u011fa ve yenili\u011fe y\u00f6nelik tasarlanm\u0131\u015f ilk in\u015faat projelerinden biridir. Bug\u00fcne kadar bir\u00e7ok \u00f6d\u00fcl kazanm\u0131\u015f olan k\u00fct\u00fcphane, en son bir sanat dergisi taraf\u0131ndan takdim edilen &#8216;Hollanda&#8217;n\u0131n en g\u00fczel k\u00fct\u00fcphanesi&#8217; \u00f6d\u00fcl\u00fcne lay\u0131k g\u00f6r\u00fcld\u00fc.<\/p>\n<p>Kaynak: http:\/\/www.zamanbenelux.com<\/p>\n<p><a href=\"http:\/\/www.gribilge.com\/wp-content\/uploads\/2012\/05\/Teknoloji-K%C3%BCt%C3%BCphane-Hollandadaki-Delft-%C3%9Cniversitesidd.jpg\"><img loading=\"lazy\" decoding=\"async\" class=\"alignnone\" src=\"http:\/\/www.gribilge.com\/wp-content\/uploads\/2012\/05\/Teknoloji-K%C3%BCt%C3%BCphane-Hollandadaki-Delft-%C3%9Cniversitesidd.jpg\" alt=\"\" width=\"150\" height=\"150\" \/><\/a> <a href=\"http:\/\/www.gribilge.com\/wp-content\/uploads\/2012\/05\/Teknoloji-K%C3%BCt%C3%BCphane-Hollandadaki-Delft-%C3%9Cniversitesi.jpg\"><img loading=\"lazy\" decoding=\"async\" class=\"alignnone\" src=\"http:\/\/www.gribilge.com\/wp-content\/uploads\/2012\/05\/Teknoloji-K%C3%BCt%C3%BCphane-Hollandadaki-Delft-%C3%9Cniversitesi.jpg\" alt=\"\" width=\"150\" height=\"150\" \/><\/a><\/p>\n<\/div>\n<\/div>\n<\/div>\n","protected":false},"excerpt":{"rendered":"<p>Hollanda\u2019da bulunan Delft Teknoloji \u00dcniversitesi, yang\u0131nda kaybettikleri k\u00fct\u00fcphanenin yerine 1997 y\u0131l\u0131nda, uluslararas\u0131 arenada b\u00fcy\u00fck be\u011feni toplayan, g\u00f6steri\u015fli bir yeralt\u0131 k\u00fct\u00fcphanesi in\u015fa etmi\u015f. K\u00fct\u00fcphanenin ortas\u0131nda koni \u015feklinde \u0131\u015f\u0131k giren bir alan tasarlanm\u0131\u015f ve bu sayede k\u00fct\u00fcphane yeralt\u0131nda olmas\u0131na ra\u011fmen hayli ayd\u0131nl\u0131k bir g\u00f6r\u00fcn\u00fcme kavu\u015fmu\u015f.<\/p>\n","protected":false},"author":1,"featured_media":0,"comment_status":"open","ping_status":"open","sticky":false,"template":"","format":"standard","meta":{"footnotes":""},"categories":[1],"tags":[1410],"class_list":["post-10372","post","type-post","status-publish","format-standard","hentry","category-genel","tag-uluslararasi-kutuphane-haberleri"],"_links":{"self":[{"href":"https:\/\/www.bbyhaber.com\/bby\/wp-json\/wp\/v2\/posts\/10372"}],"collection":[{"href":"https:\/\/www.bbyhaber.com\/bby\/wp-json\/wp\/v2\/posts"}],"about":[{"href":"https:\/\/www.bbyhaber.com\/bby\/wp-json\/wp\/v2\/types\/post"}],"author":[{"embeddable":true,"href":"https:\/\/www.bbyhaber.com\/bby\/wp-json\/wp\/v2\/users\/1"}],"replies":[{"embeddable":true,"href":"https:\/\/www.bbyhaber.com\/bby\/wp-json\/wp\/v2\/comments?post=10372"}],"version-history":[{"count":0,"href":"https:\/\/www.bbyhaber.com\/bby\/wp-json\/wp\/v2\/posts\/10372\/revisions"}],"wp:attachment":[{"href":"https:\/\/www.bbyhaber.com\/bby\/wp-json\/wp\/v2\/media?parent=10372"}],"wp:term":[{"taxonomy":"category","embeddable":true,"href":"https:\/\/www.bbyhaber.com\/bby\/wp-json\/wp\/v2\/categories?post=10372"},{"taxonomy":"post_tag","embeddable":true,"href":"https:\/\/www.bbyhaber.com\/bby\/wp-json\/wp\/v2\/tags?post=10372"}],"curies":[{"name":"wp","href":"https:\/\/api.w.org\/{rel}","templated":true}]}}