{"id":1037,"date":"2011-03-08T15:38:20","date_gmt":"2011-03-08T15:38:20","guid":{"rendered":"http:\/\/www.bbyhaber.com\/bby\/?p=1037"},"modified":"2012-04-16T13:56:52","modified_gmt":"2012-04-16T13:56:52","slug":"bursa-arastirma-kutuphanesi-goruklede-aciliyor","status":"publish","type":"post","link":"https:\/\/www.bbyhaber.com\/bby\/2011\/03\/08\/bursa-arastirma-kutuphanesi-goruklede-aciliyor","title":{"rendered":"Bursa Ara\u015ft\u0131rma K\u00fct\u00fcphanesi G\u00f6r\u00fckle&#8217;de A\u00e7\u0131l\u0131yor"},"content":{"rendered":"<p style=\"text-align: justify;\" align=\"justify\">Bursa, \u00f6zel bir k\u00fct\u00fcphaneye daha kavu\u015fuyor. Bursa&#8217;n\u0131n bilgi ve k\u00fclt\u00fcr birikimini gelecek nesillere ula\u015ft\u0131rmay\u0131 hedefleyen M\u00fcmin Ceyhan, Bursa K\u00fclt\u00fcr Kaynaklar\u0131 Ara\u015ft\u0131rma K\u00fct\u00fcphanesi&#8217;ni cumartesi g\u00fcn\u00fc G\u00f6r\u00fckle \u00dcnikent&#8217;teki \u00f6\u011frenci yurdunun zemin kat\u0131nda a\u00e7\u0131yor.<!--more--><\/p>\n<p style=\"text-align: justify;\" align=\"justify\">\u015eehirle alakal\u0131 ara\u015ft\u0131rmalar\u0131 destekleyen ve \u00e7al\u0131\u015fmalara kat\u0131lan M\u00fcmin Ceyhan, kendi elinde Bursa ile alakal\u0131 200 civar\u0131nda kitapla ba\u015flad\u0131\u011f\u0131 \u015fahsi k\u00fct\u00fcphanesini, dostlar\u0131n\u0131n da katk\u0131lar\u0131 ile geli\u015ftirerek, ara\u015ft\u0131rmaya merakl\u0131 olanlar\u0131n istifadesine sunmaya karar verdi. Bursa K\u00fct\u00fcphanesi&#8217;nde 3 bin kitap, 2 bin eski Bursa foto\u011fraf\u0131, bin civar\u0131nda mektup, belge bulunuyor. Eski salnamelerin (y\u0131ll\u0131klar) fotokopilerinin de yer ald\u0131\u011f\u0131 k\u00fct\u00fcphane, Ankara Milli K\u00fct\u00fcphane&#8217;ye g\u00f6t\u00fcr\u00fclen Bursa \u015fer&#8217;iye sicillerinin bir n\u00fcshas\u0131n\u0131 da b\u00fcnyesine katmay\u0131 hedefliyor.<\/p>\n<p style=\"text-align: justify;\" align=\"justify\">Bursa&#8217;n\u0131n 14. y\u00fczy\u0131ldan bu tarafa tarihi, iktisadi ve sosyal bak\u0131mdan K\u00fc\u00e7\u00fck Asya&#8217;daki en \u00f6nemli merkezlerden biri oldu\u011funu belirten k\u00fct\u00fcphane sorumlusu Asl\u0131han Ceyhan, &#8220;Bu sebeple ge\u00e7mi\u015f as\u0131rlarda say\u0131s\u0131z yazar ve ara\u015ft\u0131rmac\u0131 Bursa&#8217;y\u0131 konu alan \u00e7al\u0131\u015fmalar yapt\u0131. Bu \u00e7al\u0131\u015fmalar\u0131n hepsi, ait oldu\u011fu \u015fehrin tarihi haf\u0131zas\u0131 demektir. Dolay\u0131s\u0131 ile bu kaynaklar\u0131n akademik bir yakla\u015f\u0131mla bir yerde toplanmas\u0131, da\u011f\u0131lm\u0131\u015f haf\u0131zam\u0131z\u0131n toplanmas\u0131 demektir. Ceyhan ailesi olarak, tarihe \u015fahitlik eden, g\u00fcn\u00fcm\u00fcze ta\u015f\u0131nabilmi\u015f kitap, yazma eser, y\u0131ll\u0131k, rehber, foto\u011fraf, ar\u015fiv belgesi gibi b\u00fct\u00fcn kaynaklar\u0131 k\u00fct\u00fcphanecilik kurallar\u0131 \u00e7er\u00e7evesinde derledik. Tozlu ar\u015fivlerde, belki sahaf depolar\u0131nda unutulmu\u015f eserlerin envanterini ortaya \u00e7\u0131kard\u0131k. Alamad\u0131klar\u0131m\u0131z\u0131n da bilgisayar ortam\u0131nda kimde oldu\u011funu kay\u0131t alt\u0131na ald\u0131k. Bu \u015fekilde Bursa&#8217;m\u0131zda kent k\u00fclt\u00fcr\u00fc, tarihi ile ilgili ara\u015ft\u0131rma yapacaklara, akademisyenlere, \u00f6\u011frencilere, \u015fehir halk\u0131na ve en \u00f6nemlisi gelecek nesillere kar\u015f\u0131 sorumlulu\u011fumuzu yerine getirebilece\u011fimizi d\u00fc\u015f\u00fcnd\u00fck&#8221; dedi.<\/p>\n<p style=\"text-align: justify;\" align=\"justify\">Tarihte yaz\u0131lm\u0131\u015f bir\u00e7ok kaynak eserin g\u00fcn\u00fcm\u00fcze ta\u015f\u0131nma imkan\u0131 bulamad\u0131\u011f\u0131na dikkati \u00e7eken M\u00fcmin Ceyhan ise, &#8220;Merkezimizde, Bursa&#8217;n\u0131n k\u00fclt\u00fcr kaynaklar\u0131n\u0131n fiziki olarak korunmas\u0131n\u0131n ve aktar\u0131lmas\u0131n\u0131n yan\u0131 s\u0131ra, ara\u015ft\u0131rmac\u0131 akademik ekibe hizmet etmek maksad\u0131 ile kent tarihi, k\u00fclt\u00fcr\u00fc, co\u011frafyas\u0131, cemiyeti gibi konularla alakal\u0131 yeni kitaplar\u0131n kazand\u0131r\u0131lmas\u0131 gerekti\u011fini de fark ettik. Bu heyecanla, g\u00fcn\u00fcm\u00fcz T\u00fcrk\u00e7esine \u00e7evrilmemi\u015f ve Bursa ile alakal\u0131 yaz\u0131lm\u0131\u015f, ilk turistik rehber olma \u00f6zelli\u011fini ta\u015f\u0131yan Album-Guied de Brousse et de Ses Environs (Seyyah\u0131n Resimli Gezi Rehberi) adl\u0131 kitab\u0131 Bursa k\u00fclt\u00fcr hayat\u0131na a\u00e7\u0131l\u0131\u015fta arma\u011fan etmeye karar verdik. \u0130lk kitab\u0131m\u0131z olan Mustafa Suat&#8217;\u0131n Musavver Rehber-i Seyyahin (Resimli Gezi Rehberi) Bursa ve Civar\u0131 ad\u0131n\u0131 ta\u015f\u0131yan rehber \u00f6zelli\u011findeki kitap, Nezaket \u00d6zdemir taraf\u0131ndan yay\u0131na haz\u0131rland\u0131. \u0130lk kitab\u0131m\u0131z Bursa \u015fehrine kar\u015f\u0131 duydu\u011fumuz sosyal sorumlulu\u011fun bir ni\u015fanesi ve \u00f6nc\u00fc olacakt\u0131r&#8221; diye konu\u015ftu.<\/p>\n<p style=\"text-align: justify;\" align=\"justify\">K\u00fct\u00fcphane ve Ara\u015ft\u0131rma Merkezi&#8217;nin sorumlulu\u011funu M\u00fcmin Ceyhan&#8217;\u0131n gelini Asl\u0131han Ceylan y\u00fcr\u00fct\u00fcyor. Daha \u00f6nce Bursa Defteri ve Bursa Ansiklopedisi haz\u0131rlanmas\u0131nda g\u00f6rev alan M\u00fcmin Ceyhan \u00f6nderli\u011finde ve k\u00fct\u00fcphaneci-ara\u015ft\u0131rmac\u0131 yazar Nezaket \u00d6zdemir dan\u0131\u015fmanl\u0131\u011f\u0131nda \u00e7al\u0131\u015facak merkez, ge\u00e7mi\u015fi ve bug\u00fcn\u00fc her y\u00f6n\u00fcyle yans\u0131tacak tarih, sanat, bilim ve edebiyat eserleri yay\u0131nlamaya devam edecek. K\u00fct\u00fcphane&#8217;nin a\u00e7\u0131l\u0131\u015f\u0131na gelecek eski Bursal\u0131 misafirlerden ise, ellerinde bulunan nadir bir Bursa kitab\u0131 getirmeleri bekleniyor. B\u00f6ylece k\u00fct\u00fcphane daha da zenginle\u015fecek.<\/p>\n<p style=\"text-align: justify;\" align=\"justify\">12 Mart Cumartesi g\u00fcn\u00fc G\u00f6r\u00fckle \u00dcnikent \u00d6\u011frenci Evleri&#8217;nde a\u00e7\u0131lacak k\u00fct\u00fcphanede, ayn\u0131 g\u00fcn saat 14.00&#8217;de 5 akademisyenin kat\u0131laca\u011f\u0131 bir panel d\u00fczenlenerek, Bursa kaynaklar\u0131 ve ara\u015ft\u0131rmalar\u0131n\u0131n \u00f6nemi ele al\u0131nacak.<\/p>\n<p style=\"text-align: justify;\" align=\"justify\">Harvard \u00dcniversitesi&#8217;nden Prof. Dr G\u00f6n\u00fcl Tekin&#8217;in y\u00f6netimindeki panelde, Princeton \u00dcniversitesi&#8217;nden Prof. Dr. Heath Lowry, &#8216;Niyazi M\u0131sri&#8217;nin Ege adalar\u0131ndan Limnos&#8217;da varl\u0131\u011f\u0131n\u0131n fiziki kal\u0131nt\u0131lar\u0131&#8217; konulu bir konu\u015fma yapacak. Uluda\u011f \u00dcniversitesi&#8217;nden Prof. Dr. Yusuf O\u011fuzo\u011flu ise Bursa&#8217;n\u0131n tarihi ve k\u00fclt\u00fcrel miras\u0131n\u0131 anlatacak. U\u00dc&#8217;den Prof. Dr. G\u00f6n\u00fcl Kaynak da Bursa&#8217;n\u0131n do\u011fal zenginliklerini g\u00f6zler \u00f6n\u00fcne serecek. Millet K\u00fct\u00fcphanesi M\u00fcd\u00fcr\u00fc Melek Gen\u00e7boyac\u0131 ise, ara\u015ft\u0131rma merkezleri \u00fczerine konu\u015facak. Bursa foto\u011fraflar\u0131 sergisinin a\u00e7\u0131laca\u011f\u0131 program\u0131n davetiyesinde, a\u00e7\u0131l\u0131\u015fa \u00e7i\u00e7ek g\u00f6ndermek yerine, ba\u011f\u0131\u015f olarak kitap, efemera, eski foto\u011fraf ve mektuplar\u0131n getirilmesi isteniyor.<strong><\/strong><\/p>\n<p style=\"text-align: justify;\">Kaynak: <a href=\"http:\/\/www.haberciniz.biz\/\" target=\"_blank\">http:\/\/www.haberciniz.biz<\/a><\/p>\n","protected":false},"excerpt":{"rendered":"<p>Bursa, \u00f6zel bir k\u00fct\u00fcphaneye daha kavu\u015fuyor. Bursa&#8217;n\u0131n bilgi ve k\u00fclt\u00fcr birikimini gelecek nesillere ula\u015ft\u0131rmay\u0131 hedefleyen M\u00fcmin Ceyhan, Bursa K\u00fclt\u00fcr Kaynaklar\u0131 Ara\u015ft\u0131rma K\u00fct\u00fcphanesi&#8217;ni cumartesi g\u00fcn\u00fc G\u00f6r\u00fckle \u00dcnikent&#8217;teki \u00f6\u011frenci yurdunun zemin kat\u0131nda a\u00e7\u0131yor.<\/p>\n","protected":false},"author":1,"featured_media":0,"comment_status":"open","ping_status":"open","sticky":false,"template":"","format":"standard","meta":{"footnotes":""},"categories":[1],"tags":[],"class_list":["post-1037","post","type-post","status-publish","format-standard","hentry","category-genel"],"_links":{"self":[{"href":"https:\/\/www.bbyhaber.com\/bby\/wp-json\/wp\/v2\/posts\/1037"}],"collection":[{"href":"https:\/\/www.bbyhaber.com\/bby\/wp-json\/wp\/v2\/posts"}],"about":[{"href":"https:\/\/www.bbyhaber.com\/bby\/wp-json\/wp\/v2\/types\/post"}],"author":[{"embeddable":true,"href":"https:\/\/www.bbyhaber.com\/bby\/wp-json\/wp\/v2\/users\/1"}],"replies":[{"embeddable":true,"href":"https:\/\/www.bbyhaber.com\/bby\/wp-json\/wp\/v2\/comments?post=1037"}],"version-history":[{"count":0,"href":"https:\/\/www.bbyhaber.com\/bby\/wp-json\/wp\/v2\/posts\/1037\/revisions"}],"wp:attachment":[{"href":"https:\/\/www.bbyhaber.com\/bby\/wp-json\/wp\/v2\/media?parent=1037"}],"wp:term":[{"taxonomy":"category","embeddable":true,"href":"https:\/\/www.bbyhaber.com\/bby\/wp-json\/wp\/v2\/categories?post=1037"},{"taxonomy":"post_tag","embeddable":true,"href":"https:\/\/www.bbyhaber.com\/bby\/wp-json\/wp\/v2\/tags?post=1037"}],"curies":[{"name":"wp","href":"https:\/\/api.w.org\/{rel}","templated":true}]}}