{"id":10366,"date":"2013-03-22T21:25:24","date_gmt":"2013-03-22T19:25:24","guid":{"rendered":"http:\/\/www.bbyhaber.com\/bby\/?p=10366"},"modified":"2016-06-10T10:58:38","modified_gmt":"2016-06-10T07:58:38","slug":"ege%e2%80%99de-kutuphane-isyani","status":"publish","type":"post","link":"https:\/\/www.bbyhaber.com\/bby\/2013\/03\/22\/ege%e2%80%99de-kutuphane-isyani","title":{"rendered":"Ege\u2019de k\u00fct\u00fcphane isyan\u0131"},"content":{"rendered":"<p style=\"text-align: justify;\">Ege \u00dcniversitesi akademisyen ve \u00f6\u011frencileri, \u00fcniversitenin merkez k\u00fct\u00fcphanesindeki fiziki ko\u015fullar ve hizmet anlay\u0131\u015f\u0131ndan rahats\u0131z olduklar\u0131n\u0131 belirterek, ko\u015fullar\u0131n d\u00fczeltilmesini istedi. Merkez k\u00fct\u00fcphane \u00f6n\u00fcnde bir araya gelen, \u00f6\u011frenciler ve akademisyenler ad\u0131na ortak a\u00e7\u0131klamay\u0131 okuyan Felsefe B\u00f6l\u00fcm\u00fc Son S\u0131n\u0131f \u00d6\u011frencisi U\u011fur G\u00fclakan, <!--more-->k\u00fct\u00fcphanedeki mevcut kitap ve benzeri materyallerin yetersiz oldu\u011funu, olanlardan ise yararlanman\u0131n \u00e7e\u015fitli gerek\u00e7elerle zorla\u015ft\u0131r\u0131ld\u0131\u011f\u0131n\u0131 belirtti. K\u00fct\u00fcphaneye gittiklerinde s\u0131k s\u0131k, \u201cG\u00f6revli tatilde ara\u015ft\u0131rma yapamazs\u0131n\u201d, \u201cArt\u0131k kapan\u0131yoruz, kitap almak, ara\u015ft\u0131rma yapmak ve \u00e7al\u0131\u015fmak yasak\u201d s\u00f6zleriyle kar\u015f\u0131la\u015ft\u0131klar\u0131n\u0131 belirten G\u00fclakan, en ba\u015fta k\u00fct\u00fcphane g\u00f6revlilerinin davran\u0131\u015flar\u0131ndan rahats\u0131zl\u0131k duyduklar\u0131n\u0131 belirtti.<\/p>\n<p style=\"text-align: justify;\">\u00dcniversite y\u00f6netiminin, sorunlar iletildi\u011fi halde duyars\u0131z kald\u0131\u011f\u0131n\u0131 belirten G\u00fclakan, okuma salonlar\u0131n\u0131n y\u0131l\u0131n her g\u00fcn\u00fc a\u00e7\u0131k olmas\u0131n\u0131 istedi.<\/p>\n<p style=\"text-align: justify;\">K\u0131\u015f ortas\u0131nda \u0131s\u0131tma sistemini bak\u0131ma alma gibi plans\u0131zl\u0131klar\u0131n da ya\u015fand\u0131\u011f\u0131n\u0131 dile getiren G\u00fclakan, k\u00fct\u00fcphanenin televizyonlarla donat\u0131lmas\u0131 yerine, sorunsuz bir \u0130nternet eri\u015fimi istediklerini ifade etti. Tuvaletlerin de y\u0131llard\u0131r ak\u0131tt\u0131\u011f\u0131n\u0131, kitaplar\u0131n \u00fczerine ya\u011fmur sular\u0131n\u0131n damlad\u0131\u011f\u0131n\u0131 belirten G\u00fclakan, \u201cSon derece yetersiz ve geride kalan, kitap, dergi, veri taban\u0131 ve benzeri ara\u015ft\u0131rma materyali eksikliklerinin acilen giderilmesini, okuyuculara daha etkin bir \u00f6d\u00fcn\u00e7 verme sisteminin oturtulmas\u0131n\u0131 istiyoruz\u201d dedi.<\/p>\n<p style=\"text-align: justify;\">Kaynak: http:\/\/evrensel.net\/<\/p>\n","protected":false},"excerpt":{"rendered":"<p>Ege \u00dcniversitesi akademisyen ve \u00f6\u011frencileri, \u00fcniversitenin merkez k\u00fct\u00fcphanesindeki fiziki ko\u015fullar ve hizmet anlay\u0131\u015f\u0131ndan rahats\u0131z olduklar\u0131n\u0131 belirterek, ko\u015fullar\u0131n d\u00fczeltilmesini istedi. Merkez k\u00fct\u00fcphane \u00f6n\u00fcnde bir araya gelen, \u00f6\u011frenciler ve akademisyenler ad\u0131na ortak a\u00e7\u0131klamay\u0131 okuyan Felsefe B\u00f6l\u00fcm\u00fc Son S\u0131n\u0131f \u00d6\u011frencisi U\u011fur G\u00fclakan,<\/p>\n","protected":false},"author":1,"featured_media":0,"comment_status":"open","ping_status":"open","sticky":false,"template":"","format":"standard","meta":{"footnotes":""},"categories":[],"tags":[1437],"class_list":["post-10366","post","type-post","status-publish","format-standard","hentry","tag-univ-arastirma-kutuphaneleri"],"_links":{"self":[{"href":"https:\/\/www.bbyhaber.com\/bby\/wp-json\/wp\/v2\/posts\/10366"}],"collection":[{"href":"https:\/\/www.bbyhaber.com\/bby\/wp-json\/wp\/v2\/posts"}],"about":[{"href":"https:\/\/www.bbyhaber.com\/bby\/wp-json\/wp\/v2\/types\/post"}],"author":[{"embeddable":true,"href":"https:\/\/www.bbyhaber.com\/bby\/wp-json\/wp\/v2\/users\/1"}],"replies":[{"embeddable":true,"href":"https:\/\/www.bbyhaber.com\/bby\/wp-json\/wp\/v2\/comments?post=10366"}],"version-history":[{"count":0,"href":"https:\/\/www.bbyhaber.com\/bby\/wp-json\/wp\/v2\/posts\/10366\/revisions"}],"wp:attachment":[{"href":"https:\/\/www.bbyhaber.com\/bby\/wp-json\/wp\/v2\/media?parent=10366"}],"wp:term":[{"taxonomy":"category","embeddable":true,"href":"https:\/\/www.bbyhaber.com\/bby\/wp-json\/wp\/v2\/categories?post=10366"},{"taxonomy":"post_tag","embeddable":true,"href":"https:\/\/www.bbyhaber.com\/bby\/wp-json\/wp\/v2\/tags?post=10366"}],"curies":[{"name":"wp","href":"https:\/\/api.w.org\/{rel}","templated":true}]}}