{"id":10363,"date":"2013-03-22T17:08:30","date_gmt":"2013-03-22T15:08:30","guid":{"rendered":"http:\/\/www.bbyhaber.com\/bby\/?p=10363"},"modified":"2013-03-22T17:08:49","modified_gmt":"2013-03-22T15:08:49","slug":"kitap-kurtlari-fuari-bekliyor-7-ankara-kitap-fuari","status":"publish","type":"post","link":"https:\/\/www.bbyhaber.com\/bby\/2013\/03\/22\/kitap-kurtlari-fuari-bekliyor-7-ankara-kitap-fuari","title":{"rendered":"Kitap kurtlar\u0131 fuar\u0131 bekliyor-7.Ankara Kitap Fuar\u0131"},"content":{"rendered":"<p style=\"text-align: justify;\">Atat\u00fcrk K\u00fclt\u00fcr Merkezi, bug\u00fcn a\u00e7\u0131lacak 7. Ankara Kitap Fuar\u0131&#8217;nda kitap kurtlar\u0131n\u0131 a\u011f\u0131rlayacak. 49. K\u00fct\u00fcphane Haftas\u0131 kapsam\u0131nda 31 Mart&#8217;a kadar a\u00e7\u0131k kalacak fuar, onlarca yay\u0131nevi ve yazarla okuyucuyu bulu\u015fturacak. \u0130mza g\u00fcn\u00fc, s\u00f6yle\u015fi ve sergilerin d\u00fczenlenece\u011fi fuarda, edebiyat, tarih, k\u00fclt\u00fcr, siyaset, \u00e7ocuk ve gen\u00e7lik kitaplar\u0131yla dini yay\u0131nlar gibi her t\u00fcrden kitap, stantlar\u0131 s\u00fcsleyecek. Eyl\u00fcl Fuarc\u0131l\u0131k&#8217;\u0131n d\u00fczenledi\u011fi fuar, ge\u00e7en y\u0131l y\u00fcz bin civar\u0131nda okuyucu taraf\u0131ndan ziyaret edilmi\u015fti.<!--more-->Yay\u0131nevlerinin, okuyucuyla do\u011frudan ileti\u015fime ge\u00e7erek kendilerini tan\u0131tmak, yay\u0131nlar\u0131n\u0131 okuyucuya do\u011frudan ula\u015ft\u0131rmak amac\u0131yla fuara kat\u0131ld\u0131\u011f\u0131n\u0131 belirten Eyl\u00fcl Fuarc\u0131l\u0131k Y\u00f6netim Kurulu Ba\u015fkan\u0131 Remzi \u00c7ay\u0131r, bu y\u0131l fuarda 150 yay\u0131nevinin bulunaca\u011f\u0131n\u0131 s\u00f6yledi. Fuar\u0131n her kesime hitap etmesi i\u00e7in \u00e7aba sarf ettiklerini vurgulayan \u00c7ay\u0131r, imza g\u00fcnleri ve s\u00f6yle\u015filerin de ger\u00e7ekle\u015ftirilece\u011fini vurgulad\u0131. \u00c7ay\u0131r, fuara giri\u015flerin bu y\u0131l da \u00fccretsiz olaca\u011f\u0131n\u0131 anlatt\u0131.<\/p>\n<p style=\"text-align: justify;\"><strong>Alan beklentisi<br \/>\n<\/strong>Ge\u00e7en y\u0131llarda oldu\u011fu gibi bu y\u0131l da en b\u00fcy\u00fck beklentinin Ankara&#8217;n\u0131n en k\u0131sa zamanda yeni ve modern bir fuar alan\u0131na kavu\u015fmas\u0131 oldu\u011funu dile getiren T\u00fcrk K\u00fct\u00fcphaneciler Derne\u011fi Genel Ba\u015fkan\u0131 Ali Fuat Kartal,&#8221;Kitap fuar\u0131 \u015fehre renk kat\u0131yor. \u00dcnl\u00fc yazarlar geliyor, pek \u00e7ok etkinlik d\u00fczenleniyor ama fuar alan\u0131n\u0131n uygun olmamas\u0131 nedeniyle ilgi d\u00fc\u015f\u00fck oluyor. Yurt d\u0131\u015f\u0131ndaki fuarlar\u0131 gezdi\u011fimizde hayran kal\u0131yoruz. Ankara&#8217;n\u0131n da bir an \u00f6nce modern bir alana kavu\u015fmas\u0131 gerekiyor&#8221; dedi.<\/p>\n<p style=\"text-align: justify;\"><strong> Neler var?<br \/>\n<\/strong>Fuarda Hulki Cevizo\u011flu, Banu Avar, \u0130hsan Elia\u00e7\u0131k, Hakk\u0131 \u00d6znur, Cezmi Ers\u00f6z, Sinan Ya\u011fmur gibi yazarlar\u0131n yan\u0131 s\u0131ra T\u00fcrkiye \u0130lim ve Edebiyat Eseri Sahipleri Meslek Birli\u011fi de (\u0130LESAM) yer alacak. \u0130LESAM stand\u0131nda imza g\u00fcnleri ve kitap sat\u0131\u015f\u0131 haricinde \u015fiir dinletisi gibi farkl\u0131 organizasyonlar da d\u00fczenlenecek.<\/p>\n<p style=\"text-align: justify;\">Kaynak: http:\/\/www.sabah.com.tr\/<\/p>\n","protected":false},"excerpt":{"rendered":"<p>Atat\u00fcrk K\u00fclt\u00fcr Merkezi, bug\u00fcn a\u00e7\u0131lacak 7. Ankara Kitap Fuar\u0131&#8217;nda kitap kurtlar\u0131n\u0131 a\u011f\u0131rlayacak. 49. K\u00fct\u00fcphane Haftas\u0131 kapsam\u0131nda 31 Mart&#8217;a kadar a\u00e7\u0131k kalacak fuar, onlarca yay\u0131nevi ve yazarla okuyucuyu bulu\u015fturacak. \u0130mza g\u00fcn\u00fc, s\u00f6yle\u015fi ve sergilerin d\u00fczenlenece\u011fi fuarda, edebiyat, tarih, k\u00fclt\u00fcr, siyaset, \u00e7ocuk ve gen\u00e7lik kitaplar\u0131yla dini yay\u0131nlar gibi her t\u00fcrden kitap, stantlar\u0131 s\u00fcsleyecek. Eyl\u00fcl Fuarc\u0131l\u0131k&#8217;\u0131n d\u00fczenledi\u011fi fuar, [&hellip;]<\/p>\n","protected":false},"author":1,"featured_media":0,"comment_status":"open","ping_status":"open","sticky":false,"template":"","format":"standard","meta":{"footnotes":""},"categories":[1,1493],"tags":[],"class_list":["post-10363","post","type-post","status-publish","format-standard","hentry","category-genel","category-kitap-fuarlari-2"],"_links":{"self":[{"href":"https:\/\/www.bbyhaber.com\/bby\/wp-json\/wp\/v2\/posts\/10363"}],"collection":[{"href":"https:\/\/www.bbyhaber.com\/bby\/wp-json\/wp\/v2\/posts"}],"about":[{"href":"https:\/\/www.bbyhaber.com\/bby\/wp-json\/wp\/v2\/types\/post"}],"author":[{"embeddable":true,"href":"https:\/\/www.bbyhaber.com\/bby\/wp-json\/wp\/v2\/users\/1"}],"replies":[{"embeddable":true,"href":"https:\/\/www.bbyhaber.com\/bby\/wp-json\/wp\/v2\/comments?post=10363"}],"version-history":[{"count":0,"href":"https:\/\/www.bbyhaber.com\/bby\/wp-json\/wp\/v2\/posts\/10363\/revisions"}],"wp:attachment":[{"href":"https:\/\/www.bbyhaber.com\/bby\/wp-json\/wp\/v2\/media?parent=10363"}],"wp:term":[{"taxonomy":"category","embeddable":true,"href":"https:\/\/www.bbyhaber.com\/bby\/wp-json\/wp\/v2\/categories?post=10363"},{"taxonomy":"post_tag","embeddable":true,"href":"https:\/\/www.bbyhaber.com\/bby\/wp-json\/wp\/v2\/tags?post=10363"}],"curies":[{"name":"wp","href":"https:\/\/api.w.org\/{rel}","templated":true}]}}