{"id":10357,"date":"2013-03-22T11:32:45","date_gmt":"2013-03-22T09:32:45","guid":{"rendered":"http:\/\/www.bbyhaber.com\/bby\/?p=10357"},"modified":"2013-03-22T13:26:49","modified_gmt":"2013-03-22T11:26:49","slug":"en-iyi-halkla-iliskiler-uygulayan-kutuphane-belirlendi","status":"publish","type":"post","link":"https:\/\/www.bbyhaber.com\/bby\/2013\/03\/22\/en-iyi-halkla-iliskiler-uygulayan-kutuphane-belirlendi","title":{"rendered":"En \u0130yi Halkla \u0130li\u015fkiler Uygulayan K\u00fct\u00fcphane Belirlendi"},"content":{"rendered":"<p style=\"text-align: justify;\">Bornova \u0130l\u00e7e Halk K\u00fct\u00fcphanesi, T\u00fcrk K\u00fct\u00fcphaneciler Derne\u011fi Halkla \u0130li\u015fkiler Grubu\u2019nun 2012 y\u0131l\u0131 i\u00e7in yapm\u0131\u015f oldu\u011fu de\u011ferlendirme sonucunda,\u00a0 <strong>\u201cEn \u0130yi Halkla \u0130li\u015fkiler Uygulayan K\u00fct\u00fcphane\u201d<\/strong>\u00a0olarak se\u00e7ilmi\u015ftir. K\u00fclt\u00fcr Bakan\u0131 Say\u0131n \u00d6mer \u00c7elik\u2019in da kat\u0131laca\u011f\u0131, \u00f6d\u00fcl t\u00f6reni, 25 Mart 2013 Pazartesi saat 10:00\u2019da K\u00fct\u00fcphane Haftas\u0131 a\u00e7\u0131l\u0131\u015f t\u00f6reninde Milli K\u00fct\u00fcphane\u2019de ger\u00e7ekle\u015ftirilecek ve y\u00f6netim kurulu \u00fcyemiz say\u0131n Asuman G\u00f6k taraf\u0131ndan al\u0131nacakt\u0131r.<\/p>\n","protected":false},"excerpt":{"rendered":"<p>Bornova \u0130l\u00e7e Halk K\u00fct\u00fcphanesi, T\u00fcrk K\u00fct\u00fcphaneciler Derne\u011fi Halkla \u0130li\u015fkiler Grubu\u2019nun 2012 y\u0131l\u0131 i\u00e7in yapm\u0131\u015f oldu\u011fu de\u011ferlendirme sonucunda,\u00a0 \u201cEn \u0130yi Halkla \u0130li\u015fkiler Uygulayan K\u00fct\u00fcphane\u201d\u00a0olarak se\u00e7ilmi\u015ftir. K\u00fclt\u00fcr Bakan\u0131 Say\u0131n \u00d6mer \u00c7elik\u2019in da kat\u0131laca\u011f\u0131, \u00f6d\u00fcl t\u00f6reni, 25 Mart 2013 Pazartesi saat 10:00\u2019da K\u00fct\u00fcphane Haftas\u0131 a\u00e7\u0131l\u0131\u015f t\u00f6reninde Milli K\u00fct\u00fcphane\u2019de ger\u00e7ekle\u015ftirilecek ve y\u00f6netim kurulu \u00fcyemiz say\u0131n Asuman G\u00f6k taraf\u0131ndan al\u0131nacakt\u0131r.<\/p>\n","protected":false},"author":1,"featured_media":0,"comment_status":"open","ping_status":"open","sticky":false,"template":"","format":"standard","meta":{"footnotes":""},"categories":[1],"tags":[848],"class_list":["post-10357","post","type-post","status-publish","format-standard","hentry","category-genel","tag-halk-kutuphaneleri"],"_links":{"self":[{"href":"https:\/\/www.bbyhaber.com\/bby\/wp-json\/wp\/v2\/posts\/10357"}],"collection":[{"href":"https:\/\/www.bbyhaber.com\/bby\/wp-json\/wp\/v2\/posts"}],"about":[{"href":"https:\/\/www.bbyhaber.com\/bby\/wp-json\/wp\/v2\/types\/post"}],"author":[{"embeddable":true,"href":"https:\/\/www.bbyhaber.com\/bby\/wp-json\/wp\/v2\/users\/1"}],"replies":[{"embeddable":true,"href":"https:\/\/www.bbyhaber.com\/bby\/wp-json\/wp\/v2\/comments?post=10357"}],"version-history":[{"count":0,"href":"https:\/\/www.bbyhaber.com\/bby\/wp-json\/wp\/v2\/posts\/10357\/revisions"}],"wp:attachment":[{"href":"https:\/\/www.bbyhaber.com\/bby\/wp-json\/wp\/v2\/media?parent=10357"}],"wp:term":[{"taxonomy":"category","embeddable":true,"href":"https:\/\/www.bbyhaber.com\/bby\/wp-json\/wp\/v2\/categories?post=10357"},{"taxonomy":"post_tag","embeddable":true,"href":"https:\/\/www.bbyhaber.com\/bby\/wp-json\/wp\/v2\/tags?post=10357"}],"curies":[{"name":"wp","href":"https:\/\/api.w.org\/{rel}","templated":true}]}}