{"id":10350,"date":"2013-03-22T09:21:59","date_gmt":"2013-03-22T07:21:59","guid":{"rendered":"http:\/\/www.bbyhaber.com\/bby\/?p=10350"},"modified":"2013-03-29T21:52:31","modified_gmt":"2013-03-29T19:52:31","slug":"belge-ozgurlugu-gunu-27-mart-2013","status":"publish","type":"post","link":"https:\/\/www.bbyhaber.com\/bby\/2013\/03\/22\/belge-ozgurlugu-gunu-27-mart-2013","title":{"rendered":"Belge \u00d6zg\u00fcrl\u00fc\u011f\u00fc G\u00fcn\u00fc-27 Mart 2013"},"content":{"rendered":"<p style=\"text-align: justify;\">Belge \u00d6zg\u00fcrl\u00fc\u011f\u00fc G\u00fcn\u00fc, a\u00e7\u0131k standartlar ve a\u00e7\u0131k belge bi\u00e7imleri\u00a0 konular\u0131nda kullan\u0131c\u0131lar\u0131 bilin\u00e7lendirerek, belgeleri \u00f6zg\u00fcr k\u0131lmak\u00a0 amac\u0131yla 2008 y\u0131l\u0131ndan beri her Mart ay\u0131n\u0131n son \u00c7ar\u015famba g\u00fcn\u00fc kutlanan evrensel bir g\u00fcn. Bu \u00f6zel g\u00fcn, Avrupa \u00d6zg\u00fcr Yaz\u0131l\u0131m Vakf\u0131\u2019n\u0131n (FSFE) \u00f6nc\u00fcl\u00fc\u011f\u00fcnde, d\u00fcnyan\u0131n bir\u00e7ok yerinde, g\u00f6n\u00fcll\u00fclerin destekleriyle y\u00fcr\u00fct\u00fclen bir kampanya niteli\u011finde.\u00a0Bu sene biz de T\u00fcrkiye\u2019deki g\u00f6n\u00fcll\u00fcler olarak, Belge \u00d6zg\u00fcrl\u00fc\u011f\u00fc G\u00fcn\u00fc ve a\u00e7\u0131k standartlar konusunda y\u00fcr\u00fct\u00fclen bu kampanyaya destek olmak i\u00e7in \u00e7al\u0131\u015fmaya ba\u015flad\u0131k.<!--more--> K\u0131sa zamanda T\u00fcrk\u00e7e bro\u015f\u00fcr, sunum, banner, afi\u015fler haz\u0131rlad\u0131k, yak\u0131n zamanda tasar\u0131m\u0131 da yap\u0131lacak olan bir web sitesi olu\u015fturduk, etkinli\u011fin uluslararas\u0131 web sitesinin baz\u0131 sayfalar\u0131n\u0131 T\u00fcrk\u00e7e&#8217;ye \u00e7evirdik (dahas\u0131 da \u00e7evirilecek). DFD ve FSFE ekibi ile de ileti\u015fimi s\u00fcrd\u00fcrerek yap\u0131lacaklara devam ediyoruz.<\/p>\n<p style=\"text-align: justify;\">Siz de bu kampanyaya destek olmak isterseniz,\u00a0<a href=\"http:\/\/belgeozgurlugu.org.tr\/wp-content\/uploads\/dfdSunum.pdf\" target=\"_blank\">buradaki sunumu<\/a>\u00a0incelemenizi tavsiye ederiz.<\/p>\n<p style=\"text-align: justify;\">Bu sunumu di\u011fer insanlara payla\u015farak \u00e7al\u0131\u015fmalara \u00e7ok da g\u00fczel bir \u015fekilde destek olabilirsiniz. Sizden en b\u00fcy\u00fck ricam\u0131z belki de bu \u00e7al\u0131\u015fmalar\u0131n,\u00a0 kampanyan\u0131n duyurulmas\u0131 konusunda yard\u0131mc\u0131 olman\u0131z olacakt\u0131r. Belge \u00d6zg\u00fcrl\u00fc\u011f\u00fc G\u00fcn\u00fc, g\u00f6n\u00fcll\u00fc olmak isteyen herkesin katk\u0131lar\u0131yla T\u00fcrkiye&#8217;de kutlanacakt\u0131r.<\/p>\n<p style=\"text-align: justify;\">Ayr\u0131ca \u0130zlem G\u00f6z\u00fckele\u015f\u2019in Bilim ve Gelecek dergisinin 109. say\u0131s\u0131nda yer alan<a href=\"http:\/\/belgeozgurlugu.org.tr\/belge-ozgurlugu-gunu-izlem-gozukeles-bilim-ve-gelecek\/\" target=\"_blank\">\u00a0yaz\u0131s\u0131n\u0131\u00a0<\/a>da okuyarak Belge \u00d6zg\u00fcrl\u00fc\u011f\u00fc G\u00fcn\u00fc ve bu konular hakk\u0131nda ayr\u0131nt\u0131l\u0131 bilgi edinebilirsiniz.\u00a0<strong><\/strong><\/p>\n<p style=\"text-align: justify;\"><strong>Belge \u00d6zg\u00fcrl\u00fc\u011f\u00fc G\u00fcn\u00fc (T\u00fcrkiye)<\/strong><\/p>\n<div style=\"text-align: justify;\"><strong><strong>Web Sitesi:<\/strong><\/strong><a href=\"http:\/\/belgeozgurlugu.org.tr\/\" target=\"_blank\">belgeozgurlugu.org.tr\/<\/a><strong><br \/>\nTwitter<\/strong><strong>:\u00a0<\/strong><a href=\"https:\/\/twitter.com\/belgeozgurlugu\" target=\"_blank\">twitter.com\/belgeozgurlugu<\/a><strong><strong><br \/>\nForum:\u00a0<\/strong><\/strong><a href=\"http:\/\/forum.libreoffice.org.tr\/viewforum.php?f=36\" target=\"_blank\">tinyurl.com\/dfd2013calismalari<\/a><strong><br \/>\nidenti.ca:\u00a0<\/strong><a href=\"http:\/\/identi.ca\/group\/belgeozgurlugu\" target=\"_blank\">identi.ca\/group\/belgeozgurlugu<\/a><\/div>\n<div style=\"text-align: justify;\"><strong>Document Freedom Day (Uluslararas\u0131)\u00a0<\/strong><\/div>\n<div style=\"text-align: justify;\"><strong><br \/>\nWeb Sitesi:\u00a0<\/strong><a href=\"http:\/\/www.documentfreedom.org\/\" target=\"_blank\">www.documentfreedom.org\/<\/a><strong><br \/>\nTwitter:\u00a0<\/strong><a href=\"http:\/\/twitter.com\/documentfreedom\" target=\"_blank\">twitter.com\/documentfreedom<\/a><strong><br \/>\nidenti.ca:\u00a0<\/strong><a href=\"http:\/\/identi.ca\/documentfreedom\" target=\"_blank\">identi.ca\/documentfreedom<\/a><\/div>\n","protected":false},"excerpt":{"rendered":"<p>Belge \u00d6zg\u00fcrl\u00fc\u011f\u00fc G\u00fcn\u00fc, a\u00e7\u0131k standartlar ve a\u00e7\u0131k belge bi\u00e7imleri\u00a0 konular\u0131nda kullan\u0131c\u0131lar\u0131 bilin\u00e7lendirerek, belgeleri \u00f6zg\u00fcr k\u0131lmak\u00a0 amac\u0131yla 2008 y\u0131l\u0131ndan beri her Mart ay\u0131n\u0131n son \u00c7ar\u015famba g\u00fcn\u00fc kutlanan evrensel bir g\u00fcn. Bu \u00f6zel g\u00fcn, Avrupa \u00d6zg\u00fcr Yaz\u0131l\u0131m Vakf\u0131\u2019n\u0131n (FSFE) \u00f6nc\u00fcl\u00fc\u011f\u00fcnde, d\u00fcnyan\u0131n bir\u00e7ok yerinde, g\u00f6n\u00fcll\u00fclerin destekleriyle y\u00fcr\u00fct\u00fclen bir kampanya niteli\u011finde.\u00a0Bu sene biz de T\u00fcrkiye\u2019deki g\u00f6n\u00fcll\u00fcler olarak, Belge \u00d6zg\u00fcrl\u00fc\u011f\u00fc [&hellip;]<\/p>\n","protected":false},"author":1,"featured_media":0,"comment_status":"open","ping_status":"open","sticky":false,"template":"","format":"standard","meta":{"footnotes":""},"categories":[1473,299,1563,1482,1483,1501],"tags":[474,1412],"class_list":["post-10350","post","type-post","status-publish","format-standard","hentry","category-acik-erisim","category-bilgi-yonetimi-2","category-dokuman-yonetim-sistemi","category-ebys","category-elektronik-belge-yonetim-sistemi","category-open-access","tag-belge-ozgurlugu","tag-belge-yonetimi"],"_links":{"self":[{"href":"https:\/\/www.bbyhaber.com\/bby\/wp-json\/wp\/v2\/posts\/10350"}],"collection":[{"href":"https:\/\/www.bbyhaber.com\/bby\/wp-json\/wp\/v2\/posts"}],"about":[{"href":"https:\/\/www.bbyhaber.com\/bby\/wp-json\/wp\/v2\/types\/post"}],"author":[{"embeddable":true,"href":"https:\/\/www.bbyhaber.com\/bby\/wp-json\/wp\/v2\/users\/1"}],"replies":[{"embeddable":true,"href":"https:\/\/www.bbyhaber.com\/bby\/wp-json\/wp\/v2\/comments?post=10350"}],"version-history":[{"count":0,"href":"https:\/\/www.bbyhaber.com\/bby\/wp-json\/wp\/v2\/posts\/10350\/revisions"}],"wp:attachment":[{"href":"https:\/\/www.bbyhaber.com\/bby\/wp-json\/wp\/v2\/media?parent=10350"}],"wp:term":[{"taxonomy":"category","embeddable":true,"href":"https:\/\/www.bbyhaber.com\/bby\/wp-json\/wp\/v2\/categories?post=10350"},{"taxonomy":"post_tag","embeddable":true,"href":"https:\/\/www.bbyhaber.com\/bby\/wp-json\/wp\/v2\/tags?post=10350"}],"curies":[{"name":"wp","href":"https:\/\/api.w.org\/{rel}","templated":true}]}}