{"id":1035,"date":"2011-03-09T15:37:41","date_gmt":"2011-03-09T15:37:41","guid":{"rendered":"http:\/\/www.bbyhaber.com\/bby\/?p=1035"},"modified":"2013-03-11T09:56:28","modified_gmt":"2013-03-11T07:56:28","slug":"siginaklari-kutuphaneye-ceviriyorlar","status":"publish","type":"post","link":"https:\/\/www.bbyhaber.com\/bby\/2011\/03\/09\/siginaklari-kutuphaneye-ceviriyorlar","title":{"rendered":"S\u0131\u011f\u0131naklar\u0131 k\u00fct\u00fcphaneye \u00e7eviriyorlar"},"content":{"rendered":"<p style=\"text-align: justify;\" align=\"justify\">Kocasinan il\u00e7esi Beyaz\u015fehir semtindeki &#8216;Apartman K\u00fct\u00fcphanesi&#8217;nde A.A muhabirinin sorular\u0131n\u0131 yan\u0131tlayan \u0130l Milli E\u011fitim M\u00fcd\u00fcr\u00fc Erdo\u011fan Ayata, projenin, \u0130l Milli E\u011fitim M\u00fcd\u00fcrl\u00fc\u011f\u00fc Projeler \u015eubesi taraf\u0131ndan haz\u0131rland\u0131\u011f\u0131n\u0131 ve ilk \u00f6rne\u011finin de Beyaz\u015fehir&#8217;deki apartmanda hayata ge\u00e7ti\u011fini kaydetti.<!--more--><\/p>\n<p style=\"text-align: justify;\" align=\"justify\">Proje kapsam\u0131nda, Talas&#8217;taki Mamur-Sem Yap\u0131 Kooperatifi&#8217;nin bitirilip sahiplerine teslim edilen 4 binada da k\u00fct\u00fcphane olu\u015fturuldu\u011funu belirten Ayata, &#8221;Kayseri olarak T\u00fcrkiye&#8217;de bir ilki daha ger\u00e7ekle\u015ftirmenin mutlulu\u011funu ya\u015f\u0131yoruz. Apartmanlar art\u0131yor ve n\u00fcfus \u00e7o\u011fal\u0131yor ama apartman sakinleri birbirlerini tan\u0131m\u0131yorlar, kom\u015fuluk ili\u015fkileri de zay\u0131fl\u0131yor. \u00d6te yandan,\u00e7ocuklar\u0131m\u0131z\u0131n ve gen\u00e7lerimizin oyun alanlar\u0131 gittik\u00e7e daral\u0131yor. Olu\u015fturdu\u011fumuz k\u00fct\u00fcphaneler sayesinde kitap okuma al\u0131\u015fkanl\u0131\u011f\u0131 artaca\u011f\u0131 gibi, kom\u015fuluk ili\u015fkileri de geli\u015fecek. Proje kapsam\u0131nda her apartman\u0131m\u0131za bir k\u00fct\u00fcphane kazand\u0131rmay\u0131 hedefliyoruz&#8221; dedi.<\/p>\n<p style=\"text-align: justify;\" align=\"justify\">&#8221;Her apartmanda bir s\u0131\u011f\u0131nak b\u00f6l\u00fcm\u00fc var ve buralar normal zamanlarda bo\u015f alan olarak duruyor. Biz projemiz sayesinde s\u0131\u011f\u0131naklar\u0131 k\u00fct\u00fcphane olarak d\u00fczenliyoruz. K\u00fct\u00fcphanelerde \u00e7ocuklar\u0131m\u0131z \u00f6devlerini yaparken, kitap okuyarak da bo\u015f zamanlar\u0131n\u0131 de\u011ferlendirecekler. Ayr\u0131ca, k\u00fct\u00fcphanelerde derslerine \u00e7al\u0131\u015fan \u00e7ocuklar\u0131m\u0131z\u0131n anne ve babalar\u0131 da k\u00fct\u00fcphaneye gelip kitap okuyabilecekler, kom\u015fular\u0131yla sohbetlerini burada yapabilecekler. Apartman k\u00fct\u00fcphaneleri sayesinde \u00e7ocuklar\u0131m\u0131z, bilgisayar esaretinden ve yaln\u0131zl\u0131k duygusundan da kurtulacaklar. Ayr\u0131ca bu k\u00fct\u00fcphanelerimizde \u00e7ocuklar\u0131m\u0131za, gen\u00e7lerimize ve yeti\u015fkinlere y\u00f6nelik e\u011fitimler de vermeyi d\u00fc\u015f\u00fcn\u00fcyoruz.&#8221;<\/p>\n<p style=\"text-align: justify;\" align=\"justify\">K\u00fct\u00fcphanelere \u015eehitlerin Ad\u0131 Verilecek<\/p>\n<p style=\"text-align: justify;\" align=\"justify\">Apartmanlarda olu\u015fturulan k\u00fct\u00fcphanelere, ter\u00f6r \u015fehitlerinin isimlerinin verilece\u011fini belirten Ayata, &#8221;Talas il\u00e7emizde olu\u015fturdu\u011fumuz ilk apartman k\u00fct\u00fcphanesine, 25 Haziran 2010&#8217;da \u0130stanbul Halkal\u0131&#8217;da ger\u00e7ekle\u015fen ter\u00f6r sald\u0131r\u0131s\u0131nda \u015fehit olan Jandarma Ba\u015f\u00e7avu\u015f Duran Bayram&#8217;\u0131n ad\u0131n\u0131 verdik. \u015eehitlerimizin isimlerini, bundan sonra da olu\u015fturulacak k\u00fct\u00fcphanelerde ya\u015fataca\u011f\u0131z&#8221; dedi.<\/p>\n<p style=\"text-align: justify;\" align=\"justify\">Zekiye Has \u0130lk\u00f6\u011fretim Okulu M\u00fcd\u00fcr\u00fc ve ayn\u0131 zamanda k\u00fct\u00fcphane a\u00e7\u0131lan apartman\u0131n y\u00f6neticisi Bekir \u015eahin, binadaki s\u0131\u011f\u0131na\u011f\u0131 k\u00fct\u00fcphaneye d\u00f6n\u00fc\u015ft\u00fcrd\u00fcklerini, iki odadan olu\u015fan k\u00fct\u00fcphanede, \u00e7ocuklar\u0131n ve gen\u00e7lerin kitap okuyup ders \u00e7al\u0131\u015ft\u0131klar\u0131n\u0131, yeti\u015fkinlerin ise kom\u015fular\u0131yla sohbet ettiklerini s\u00f6yledi. \u015eahin, &#8221;K\u00fct\u00fcphaneden faydalanan \u00e7ocuklar\u0131m\u0131z\u0131n anne ve babalar\u0131, zaman zaman gelip kitap da okuyorlar. Okuma al\u0131\u015fkanl\u0131\u011f\u0131n\u0131n geli\u015fmesi i\u00e7in k\u00fct\u00fcphaneler \u00e7ok faydal\u0131 oldu&#8221; diye konu\u015ftu.<\/p>\n<p style=\"text-align: justify;\" align=\"justify\">K\u00fct\u00fcphane a\u00e7\u0131lan apartmanda oturan Anaokulu \u00d6\u011fretmeni Hediye \u015eahin \u00d6zkan da, Apartman K\u00fct\u00fcphaneleri Projesi&#8217;nin \u00e7ok olumlu oldu\u011funu ifade ederek, \u015funlar\u0131 s\u00f6yledi:<\/p>\n<p style=\"text-align: justify;\" align=\"justify\">&#8221;Apartmanda a\u00e7\u0131lan k\u00fct\u00fcphanede ben de hafta sonlar\u0131 g\u00f6n\u00fcll\u00fc olarak gelip, okul \u00f6ncesi gruptaki \u00e7ocuklar\u0131m\u0131za kitap okuyorum ve anaokulu seviyesinde e\u011fitim veriyorum. G\u00fcn\u00fcm\u00fczde \u00e7ocuklar internet, televizyon gibi teknoloji aletlerine \u00e7ok ba\u011f\u0131ml\u0131 oluyorlar ve birbirlerini tan\u0131m\u0131yorlar. Sosyal ili\u015fkileri ve okuma al\u0131\u015fkanl\u0131klar\u0131 da g\u00fcn ge\u00e7tik\u00e7e azal\u0131yor. Apartman k\u00fct\u00fcphaneleri bu nedenle \u00e7ok \u00f6nemli&#8221; dedi.\u00a0<strong><\/strong><\/p>\n<p style=\"text-align: justify;\">Kaynak: <a href=\"http:\/\/www.zaman.com.tr\/\" target=\"_blank\">http:\/\/www.zaman.com.tr<\/a><\/p>\n","protected":false},"excerpt":{"rendered":"<p>Kocasinan il\u00e7esi Beyaz\u015fehir semtindeki &#8216;Apartman K\u00fct\u00fcphanesi&#8217;nde A.A muhabirinin sorular\u0131n\u0131 yan\u0131tlayan \u0130l Milli E\u011fitim M\u00fcd\u00fcr\u00fc Erdo\u011fan Ayata, projenin, \u0130l Milli E\u011fitim M\u00fcd\u00fcrl\u00fc\u011f\u00fc Projeler \u015eubesi taraf\u0131ndan haz\u0131rland\u0131\u011f\u0131n\u0131 ve ilk \u00f6rne\u011finin de Beyaz\u015fehir&#8217;deki apartmanda hayata ge\u00e7ti\u011fini kaydetti.<\/p>\n","protected":false},"author":1,"featured_media":0,"comment_status":"open","ping_status":"open","sticky":false,"template":"","format":"standard","meta":{"footnotes":""},"categories":[1],"tags":[],"class_list":["post-1035","post","type-post","status-publish","format-standard","hentry","category-genel"],"_links":{"self":[{"href":"https:\/\/www.bbyhaber.com\/bby\/wp-json\/wp\/v2\/posts\/1035"}],"collection":[{"href":"https:\/\/www.bbyhaber.com\/bby\/wp-json\/wp\/v2\/posts"}],"about":[{"href":"https:\/\/www.bbyhaber.com\/bby\/wp-json\/wp\/v2\/types\/post"}],"author":[{"embeddable":true,"href":"https:\/\/www.bbyhaber.com\/bby\/wp-json\/wp\/v2\/users\/1"}],"replies":[{"embeddable":true,"href":"https:\/\/www.bbyhaber.com\/bby\/wp-json\/wp\/v2\/comments?post=1035"}],"version-history":[{"count":0,"href":"https:\/\/www.bbyhaber.com\/bby\/wp-json\/wp\/v2\/posts\/1035\/revisions"}],"wp:attachment":[{"href":"https:\/\/www.bbyhaber.com\/bby\/wp-json\/wp\/v2\/media?parent=1035"}],"wp:term":[{"taxonomy":"category","embeddable":true,"href":"https:\/\/www.bbyhaber.com\/bby\/wp-json\/wp\/v2\/categories?post=1035"},{"taxonomy":"post_tag","embeddable":true,"href":"https:\/\/www.bbyhaber.com\/bby\/wp-json\/wp\/v2\/tags?post=1035"}],"curies":[{"name":"wp","href":"https:\/\/api.w.org\/{rel}","templated":true}]}}