{"id":10342,"date":"2013-03-21T10:36:35","date_gmt":"2013-03-21T08:36:35","guid":{"rendered":"http:\/\/www.bbyhaber.com\/bby\/?p=10342"},"modified":"2016-03-23T15:34:17","modified_gmt":"2016-03-23T13:34:17","slug":"alanda-bulusalim-kitap-okuyoruz-2013-yozgat","status":"publish","type":"post","link":"https:\/\/www.bbyhaber.com\/bby\/2013\/03\/21\/alanda-bulusalim-kitap-okuyoruz-2013-yozgat","title":{"rendered":"Alanda bulu\u015fal\u0131m-Kitap Okuyoruz 2013-Yozgat"},"content":{"rendered":"<p style=\"text-align: justify;\">Yozgat&#8217;ta K\u00fct\u00fcphane Haftas\u0131 etkinlikleri kapsam\u0131nda ger\u00e7ekle\u015ftirilecek organizasyon ile kitap okuma al\u0131\u015fkanl\u0131\u011f\u0131n\u0131 art\u0131rmak amac\u0131yla kitapseverler Cumhuriyet Alan\u0131&#8217;nda bir araya gelip, beraberinde getirdikleri kitaplar\u0131 okuyacak. T\u00fcrk K\u00fct\u00fcphaneciler Derne\u011fi 49&#8217;uncu K\u00fct\u00fcphane Haftas\u0131 kapsam\u0131nda, okuma fark\u0131ndal\u0131\u011f\u0131n\u0131 yaratmak amac\u0131yla 81 il meydan\u0131nda eylem ger\u00e7ekle\u015ftirecek.<!--more--> 27 Mart \u00c7ar\u015famba g\u00fcn\u00fc saat 12.30\u2019da Yozgat Cumhuriyet Alan\u0131&#8217;nda da &#8221;Kitab\u0131n\u0131 Alan Meydana Gelsin&#8221; ba\u015fl\u0131kl\u0131 kitap okuma etkinli\u011fi ger\u00e7ekle\u015ftirilecek. T\u00fcrk K\u00fct\u00fcphaneciler Derne\u011fi Yozgat \u015eubesi, herkesi okumakta oldu\u011fu kitab\u0131n\u0131 alarak 27 Mart tarihinde Cumhuriyet Alan\u0131&#8217;na gelmeye davet etti.<\/p>\n<p style=\"text-align: justify;\">Kaynak: www.ilerigazetesi.com.tr<\/p>\n<p style=\"text-align: justify;\"><a title=\"K\u0130TAP OKUYORUZ 2013\/81 \u0130lde Kitap Okuma Etkinli\u011fi\/27 Mart 2013\/12:30-13:00\" href=\"http:\/\/www.bbyhaber.com\/bby\/2013\/03\/16\/kitap-okuyoruz-201381-ilde-kitap-okuma-etkinligi27-mart-20131230-1300\/\"><strong><span style=\"color: #0000ff;\">K\u0130TAP OKUYORUZ 2013\/81 \u0130lde Kitap Okuma Etkinli\u011fi\/27 Mart 2013\/12:30-13:00<\/span><\/strong><\/a><\/p>\n","protected":false},"excerpt":{"rendered":"<p>Yozgat&#8217;ta K\u00fct\u00fcphane Haftas\u0131 etkinlikleri kapsam\u0131nda ger\u00e7ekle\u015ftirilecek organizasyon ile kitap okuma al\u0131\u015fkanl\u0131\u011f\u0131n\u0131 art\u0131rmak amac\u0131yla kitapseverler Cumhuriyet Alan\u0131&#8217;nda bir araya gelip, beraberinde getirdikleri kitaplar\u0131 okuyacak. T\u00fcrk K\u00fct\u00fcphaneciler Derne\u011fi 49&#8217;uncu K\u00fct\u00fcphane Haftas\u0131 kapsam\u0131nda, okuma fark\u0131ndal\u0131\u011f\u0131n\u0131 yaratmak amac\u0131yla 81 il meydan\u0131nda eylem ger\u00e7ekle\u015ftirecek.<\/p>\n","protected":false},"author":1,"featured_media":0,"comment_status":"open","ping_status":"open","sticky":false,"template":"","format":"standard","meta":{"footnotes":""},"categories":[1470],"tags":[1461],"class_list":["post-10342","post","type-post","status-publish","format-standard","hentry","category-49-kutuphane-haftasi","tag-kutuphane-haftasi"],"_links":{"self":[{"href":"https:\/\/www.bbyhaber.com\/bby\/wp-json\/wp\/v2\/posts\/10342"}],"collection":[{"href":"https:\/\/www.bbyhaber.com\/bby\/wp-json\/wp\/v2\/posts"}],"about":[{"href":"https:\/\/www.bbyhaber.com\/bby\/wp-json\/wp\/v2\/types\/post"}],"author":[{"embeddable":true,"href":"https:\/\/www.bbyhaber.com\/bby\/wp-json\/wp\/v2\/users\/1"}],"replies":[{"embeddable":true,"href":"https:\/\/www.bbyhaber.com\/bby\/wp-json\/wp\/v2\/comments?post=10342"}],"version-history":[{"count":0,"href":"https:\/\/www.bbyhaber.com\/bby\/wp-json\/wp\/v2\/posts\/10342\/revisions"}],"wp:attachment":[{"href":"https:\/\/www.bbyhaber.com\/bby\/wp-json\/wp\/v2\/media?parent=10342"}],"wp:term":[{"taxonomy":"category","embeddable":true,"href":"https:\/\/www.bbyhaber.com\/bby\/wp-json\/wp\/v2\/categories?post=10342"},{"taxonomy":"post_tag","embeddable":true,"href":"https:\/\/www.bbyhaber.com\/bby\/wp-json\/wp\/v2\/tags?post=10342"}],"curies":[{"name":"wp","href":"https:\/\/api.w.org\/{rel}","templated":true}]}}