{"id":10332,"date":"2013-03-19T23:01:13","date_gmt":"2013-03-19T21:01:13","guid":{"rendered":"http:\/\/www.bbyhaber.com\/bby\/?p=10332"},"modified":"2013-03-19T23:01:13","modified_gmt":"2013-03-19T21:01:13","slug":"kutuphanelerin-acil-durum-yol-haritasi-cizilecek","status":"publish","type":"post","link":"https:\/\/www.bbyhaber.com\/bby\/2013\/03\/19\/kutuphanelerin-acil-durum-yol-haritasi-cizilecek","title":{"rendered":"K\u00fct\u00fcphanelerin acil durum yol haritas\u0131 \u00e7izilecek"},"content":{"rendered":"<p style=\"text-align: justify;\">\u0130stanbul ile Van\u2019da ya\u015fanan yang\u0131n, deprem gibi do\u011fal afetlerde k\u00fct\u00fcphanelerdeki eserlerin kaybedilmesi yetkilileri harekete ge\u00e7irdi.K\u00fclt\u00fcr ve Payla\u015f\u0131m Platformu \u2018K\u00fct\u00fcphanelerde Afet ve Acil Durum Yol Haritas\u0131\u2019 ba\u015fl\u0131kl\u0131 seminer organize etti. \u0130stanbul B\u00fcy\u00fck\u015fehir Belediyesi K\u00fct\u00fcphane ve M\u00fczeler M\u00fcd\u00fcrl\u00fc\u011f\u00fc ile<!--more--> \u0130stanbul Bilgi \u00dcniversitesi K\u00fct\u00fcphane ve E-Kaynaklar\u2019\u0131n\u0131n da destek verece\u011fi seminer 26 Mart Sal\u0131 g\u00fcn\u00fc saat 09.00\u2019da ba\u015fl\u0131yor. K\u00fct\u00fcphane Haftas\u0131 etkinlikleri kapsam\u0131nda yap\u0131lacak seminerde, do\u011fal afet ve acil durumlarda k\u00fct\u00fcphanelerdeki eserlerin korunmas\u0131 i\u00e7in yap\u0131lmas\u0131 gerekenler tart\u0131\u015f\u0131lacak. Fatih Ali Emiri K\u00fclt\u00fcr Merkezi\u2019ndeki seminer isteyen herkesin kat\u0131l\u0131m\u0131na a\u00e7\u0131k.<\/p>\n<p style=\"text-align: justify;\">Kaynak: http:\/\/www.hurriyet.com.tr<\/p>\n","protected":false},"excerpt":{"rendered":"<p>\u0130stanbul ile Van\u2019da ya\u015fanan yang\u0131n, deprem gibi do\u011fal afetlerde k\u00fct\u00fcphanelerdeki eserlerin kaybedilmesi yetkilileri harekete ge\u00e7irdi.K\u00fclt\u00fcr ve Payla\u015f\u0131m Platformu \u2018K\u00fct\u00fcphanelerde Afet ve Acil Durum Yol Haritas\u0131\u2019 ba\u015fl\u0131kl\u0131 seminer organize etti. \u0130stanbul B\u00fcy\u00fck\u015fehir Belediyesi K\u00fct\u00fcphane ve M\u00fczeler M\u00fcd\u00fcrl\u00fc\u011f\u00fc ile<\/p>\n","protected":false},"author":1,"featured_media":0,"comment_status":"open","ping_status":"open","sticky":false,"template":"","format":"standard","meta":{"footnotes":""},"categories":[1],"tags":[],"class_list":["post-10332","post","type-post","status-publish","format-standard","hentry","category-genel"],"_links":{"self":[{"href":"https:\/\/www.bbyhaber.com\/bby\/wp-json\/wp\/v2\/posts\/10332"}],"collection":[{"href":"https:\/\/www.bbyhaber.com\/bby\/wp-json\/wp\/v2\/posts"}],"about":[{"href":"https:\/\/www.bbyhaber.com\/bby\/wp-json\/wp\/v2\/types\/post"}],"author":[{"embeddable":true,"href":"https:\/\/www.bbyhaber.com\/bby\/wp-json\/wp\/v2\/users\/1"}],"replies":[{"embeddable":true,"href":"https:\/\/www.bbyhaber.com\/bby\/wp-json\/wp\/v2\/comments?post=10332"}],"version-history":[{"count":0,"href":"https:\/\/www.bbyhaber.com\/bby\/wp-json\/wp\/v2\/posts\/10332\/revisions"}],"wp:attachment":[{"href":"https:\/\/www.bbyhaber.com\/bby\/wp-json\/wp\/v2\/media?parent=10332"}],"wp:term":[{"taxonomy":"category","embeddable":true,"href":"https:\/\/www.bbyhaber.com\/bby\/wp-json\/wp\/v2\/categories?post=10332"},{"taxonomy":"post_tag","embeddable":true,"href":"https:\/\/www.bbyhaber.com\/bby\/wp-json\/wp\/v2\/tags?post=10332"}],"curies":[{"name":"wp","href":"https:\/\/api.w.org\/{rel}","templated":true}]}}